{"id":7925,"date":"2019-02-25T23:51:59","date_gmt":"2019-02-25T21:51:59","guid":{"rendered":"http:\/\/www.unitatdaran.org\/?p=7925"},"modified":"2019-02-25T23:51:59","modified_gmt":"2019-02-25T21:51:59","slug":"unitat-daran-da-per-perduda-aguesta-legislatura-en-conselh-generau","status":"publish","type":"post","link":"https:\/\/unitatdaran.org\/es\/noticies\/unitat-daran-da-per-perduda-aguesta-legislatura-en-conselh-generau\/","title":{"rendered":"Unitat d\u2019Aran da per perduda aguesta legislatura en Conselh Generau"},"content":{"rendered":"<h4>Au\u00e9 s\u2019a celebrat eth plen d\u2019aprobacion deth pressup\u00f2st de 2019 deth Conselh Generau a on s\u2019a evidenciat qu\u2019es defici\u00e9ncies en finan\u00e7ament, atau coma es traspassi pendents de h\u00e8 temps, demoren sense solucionar-se e sense resp\u00f2sta politica per part dera Generalitat.<\/h4>\n<p>Era maxima Institucion aranesa a aprobat au\u00e9 eth pressup\u00f2st tar an 2019 de 29.349.297\u201932\u20ac, un pressup\u00f2st que se manten en shifres similares as des darr\u00e8ri ans e en qu\u00e9 eth deficit m\u00e8s important ei era manca de capacitat d\u2019inversion deth Conselh Generau d\u2019Aran.<\/p>\n<p>Atau donc, eth gov\u00e8rn d\u2019Aran arross\u00e8gue de 2011 estant, quan era Generalitat anull\u00e8c per iniciativa pr\u00f2pria eth sist\u00e8ma de finan\u00e7ament aran\u00e9s, ua situacion de precarietat financ\u00e8ra que prov\u00f2que qu\u2019eth Conselh Generau non pogue desvolopar es sues foncions damb eth rigor e qualitat de besonh, ath temps que l\u2019inabilite ent\u00e0 amiar a t\u00e8rme inversions e accions pr\u00f2pries der autogov\u00e8rn.<\/p>\n<p>Ent\u00e0 Unitat d\u2019Aran aguesta situacion implique qu\u2019eth gov\u00e8rn aran\u00e9s age totaument limitada era sua accion d\u2019autogov\u00e8rn, ei a d\u00edder, que sonque pogue gestionar es compet\u00e9ncies traspassades pera Generalitat, traspassi que, coma eth de sanitat, son tanben infrafinan\u00e7adi atau e coma eth pr\u00f2pri Sindic a reconeishut en quauaqua ocasion.<\/p>\n<p>\u201c<strong>Tot e que, pendent er an 2012 eth pressup\u00f2st dera Generalitat patic ua grana retalhada, a compdar de 2014 aguest aument\u00e8c exponenciaument. Totun, eth pr<a href=\"https:\/\/i0.wp.com\/new.unitatdaran.org\/wp-content\/uploads\/2019\/02\/EVOLUCION-PRESSUPOST-CONSELH.jpg?ssl=1\"><img data-recalc-dims=\"1\" decoding=\"async\" class=\"alignleft wp-image-7927 size-medium\" src=\"https:\/\/i0.wp.com\/new.unitatdaran.org\/wp-content\/uploads\/2019\/02\/EVOLUCION-PRESSUPOST-CONSELH-300x154.jpg?resize=300%2C154&#038;ssl=1\" alt=\"\" width=\"300\" height=\"154\" srcset=\"https:\/\/i0.wp.com\/unitatdaran.org\/wp-content\/uploads\/2019\/02\/EVOLUCION-PRESSUPOST-CONSELH.jpg?resize=300%2C154&amp;ssl=1 300w, https:\/\/i0.wp.com\/unitatdaran.org\/wp-content\/uploads\/2019\/02\/EVOLUCION-PRESSUPOST-CONSELH.jpg?resize=768%2C393&amp;ssl=1 768w, https:\/\/i0.wp.com\/unitatdaran.org\/wp-content\/uploads\/2019\/02\/EVOLUCION-PRESSUPOST-CONSELH.jpg?w=918&amp;ssl=1 918w\" sizes=\"(max-width: 300px) 100vw, 300px\" \/><\/a>essup\u00f2st ent\u00e0 Aran seguic en descens enquia estancar-se es darr\u00e8ri ans<\/strong>\u201d manifestaue Franc\u00e9s Boya, conselh\u00e8r p\u00f2rtaveu d\u2019UA,\u00a0 <a href=\"https:\/\/i0.wp.com\/new.unitatdaran.org\/wp-content\/uploads\/2019\/02\/EVOLUCION-PRESSUPOST-GENERALITAT.jpg?ssl=1\"><img data-recalc-dims=\"1\" decoding=\"async\" class=\"alignleft wp-image-7928 size-medium\" src=\"https:\/\/i0.wp.com\/new.unitatdaran.org\/wp-content\/uploads\/2019\/02\/EVOLUCION-PRESSUPOST-GENERALITAT-300x144.jpg?resize=300%2C144&#038;ssl=1\" alt=\"\" width=\"300\" height=\"144\" srcset=\"https:\/\/i0.wp.com\/unitatdaran.org\/wp-content\/uploads\/2019\/02\/EVOLUCION-PRESSUPOST-GENERALITAT.jpg?resize=300%2C144&amp;ssl=1 300w, https:\/\/i0.wp.com\/unitatdaran.org\/wp-content\/uploads\/2019\/02\/EVOLUCION-PRESSUPOST-GENERALITAT.jpg?resize=768%2C370&amp;ssl=1 768w, https:\/\/i0.wp.com\/unitatdaran.org\/wp-content\/uploads\/2019\/02\/EVOLUCION-PRESSUPOST-GENERALITAT.jpg?w=918&amp;ssl=1 918w\" sizes=\"(max-width: 300px) 100vw, 300px\" \/><\/a>e higie que \u201c<strong>non sonque a\u00e7\u00f2, se non qu\u2019era inversion dera Generalitat en Aran a baishat en picat, e entre 2010 e 2017 eth balan\u00e7 ei d\u2019un -85% d\u2019inversion, en tot qu\u2019en d\u2019auti territ\u00f2ris deth Piren\u00e8u a estat m\u00e8s nauta<\/strong>\u201d.<a href=\"https:\/\/i0.wp.com\/new.unitatdaran.org\/wp-content\/uploads\/2019\/02\/INVERSION-GENERALITAT-EN-ARAN-2003-2017.jpg?ssl=1\"><img data-recalc-dims=\"1\" decoding=\"async\" class=\"alignleft wp-image-7926 size-medium\" src=\"https:\/\/i0.wp.com\/new.unitatdaran.org\/wp-content\/uploads\/2019\/02\/INVERSION-GENERALITAT-EN-ARAN-2003-2017-300x151.jpg?resize=300%2C151&#038;ssl=1\" alt=\"\" width=\"300\" height=\"151\" srcset=\"https:\/\/i0.wp.com\/unitatdaran.org\/wp-content\/uploads\/2019\/02\/INVERSION-GENERALITAT-EN-ARAN-2003-2017.jpg?resize=300%2C151&amp;ssl=1 300w, https:\/\/i0.wp.com\/unitatdaran.org\/wp-content\/uploads\/2019\/02\/INVERSION-GENERALITAT-EN-ARAN-2003-2017.jpg?resize=1024%2C515&amp;ssl=1 1024w, https:\/\/i0.wp.com\/unitatdaran.org\/wp-content\/uploads\/2019\/02\/INVERSION-GENERALITAT-EN-ARAN-2003-2017.jpg?resize=768%2C386&amp;ssl=1 768w, https:\/\/i0.wp.com\/unitatdaran.org\/wp-content\/uploads\/2019\/02\/INVERSION-GENERALITAT-EN-ARAN-2003-2017.jpg?w=1114&amp;ssl=1 1114w\" sizes=\"(max-width: 300px) 100vw, 300px\" \/><\/a><\/p>\n<p>Boya a declarat tanben que, maugrat era manca de pressup\u00f2st, eth gov\u00e8rn de CDA aurie d\u2019auer desvolopat accions e proj\u00e8ctes t\u00e0 amiar a t\u00e8rme iniciatives en \u00e0mbit dera desestacionalizacion toritistica, dera cultura e lengua, atau coma en iniciatives tara melhora de problematiques sociaus coma er acc\u00e8s ara viuenda, sup\u00f2rt as joeni emprenedors o der envielhiment actiu, \u201c<strong>causa que non a passat, en tot h\u00e8r patent que Converg\u00e9ncia non a un proj\u00e8cte ent\u00e0 Aran<\/strong>\u201d.<\/p>\n<p>T\u00e0 Unitat d\u2019Aran resulte dej\u00e0 evident qu\u2019era etapa deth Sindic Barrera represente un proj\u00e8cte esgotat e qu\u2019era Val d\u2019Aran a de besonh un cambi.<\/p>\n<p>Aran. 25 de hereu\u00e8r de 2019<\/p>\n<p>&nbsp;<\/p>\n<p>&nbsp;<\/p>\n<p>&nbsp;<\/p>\n<h2><strong>Unitat d\u2019Aran da por perdida esta legislatura en el Conselh Generau<\/strong><\/h2>\n<h4>Hoy se ha celebrado el pleno de aprobaci\u00f3n del presupuesto de 2019 del Conselh Generau donde se ha evidenciado que tanto las deficiencias en la financiaci\u00f3n, como las trasnferencias pendientes desde hace tiempo, siguen sin solucionarse y sin respuesta pol\u00edtica por parte de la Generalitat.<\/h4>\n<p>La m\u00e1xima Instituci\u00f3n aranesa ha aprobado hoy el presupuesto para el a\u00f1o 2019 de 29.349.297\u201932\u20ac, un presupuesto que se mantiene en cifras similares a los \u00faltimos a\u00f1os y en el que el d\u00e9ficit m\u00e1s importante es la falta de capacidad de inversi\u00f3n del Conselh Generau d\u2019Aran.<\/p>\n<p>As\u00ed pues, el gobierno de Aran arrastra desde 2011, cu\u00e1ndo la Generalitat anul\u00f3 de motu propio el sistema de financiaci\u00f3n aranesa, una situaci\u00f3n de precariedad financiera que provoca que el Conselh Generau no pueda desarrollar sus funciones con el rigor y calidad necesaria, a la vez que lo inhabilita para llevar a cabo inversiones y acciones propias del autogobierno.<br \/>\nPara Unidad d\u2019Aran esta situaci\u00f3n implica que el gobierno aran\u00e9s tenga totalmente limitada su acci\u00f3n de autogobierno, es decir, que s\u00f3lo pueda gestionar las competencias transferidas por la Generalitat, traspasos que, como el de sanidad, est\u00e1n tambi\u00e9n infrafinanciados tal y como el propio Sindic ha reconocido en alguna ocasi\u00f3n.<\/p>\n<p>\u201c<strong>Aunque durante el a\u00f1o 2012 el presupuesto de la Generalitat sufri\u00f3 un gran retroceso, a partir de 2014 \u00e9ste aument\u00f3 exponencialmente. No obstante, el presupuesto para Ar\u00e1n sigui\u00f3 en descenso hasta estancarse los \u00faltimos a\u00f1os<\/strong>\u201d manifestaba Franc\u00e9s Boya, consejero portavoz de UA, y a\u00f1ad\u00eda que \u201c<strong>no s\u00f3lo esto, si no que la inversi\u00f3n de la Generalitat en Ar\u00e1n ha bajado en el picado, y entre 2010 y 2017 el balance es de un -85% de inversi\u00f3n, aunque en otros territorios del Pirineo ha sido m\u00e1s alta<\/strong>\u201d.<\/p>\n<p>Boya ha declarado tambi\u00e9n que, a pesar de la falta de presupuesto, el gobierno de CDA deber\u00eda haber desarrollado acciones y proyectos en el \u00e1mbito de la desestacionalizaci\u00f3n tur\u00edstica, de la cultura y lengua, as\u00ed como iniciativas para la mejora de problem\u00e1ticas sociales como el acceso a la vivienda, el apoyo a los j\u00f3venes emprendedores o al envejecimiento activo, \u201c<strong>lo cual no ha ocurrido, haciendo patente que Convergencia no tiene proyecto para Aran<\/strong>\u201d a\u00f1ad\u00eda Boya.<\/p>\n<p>Para Unitat d\u2019Aran resulta ya evidente que la etapa del Sindic Barrera representa un proyecto agotado y que Aran necesita un cambio.<\/p>\n<p>&nbsp;<\/p>\n<h2><strong>Unitat d&#8217;Aran d\u00f3na per perduda aquesta legislatura al Conselh Generau<\/strong><\/h2>\n<h4>Avui s&#8217;ha celebrat el ple d&#8217;aprovaci\u00f3 del pressupost de 2019 del Conselh Generau on s&#8217;ha evidenciat que tant les defici\u00e8ncies en el finan\u00e7ament, com les trasnferencias pendents des de fa temps, segueixen sense solucionar-se i sense resposta pol\u00edtica per part de la Generalitat.<\/h4>\n<p>&nbsp;<\/p>\n<p>La m\u00e0xima Instituci\u00f3 aranesa ha aprovat avui el pressupost per a l&#8217;any 2019 de 29.349.297&#8217;32 \u20ac, un pressupost que es mant\u00e9 en xifres similars als \u00faltims anys i en el qual el d\u00e8ficit m\u00e9s important \u00e9s la manca de capacitat d&#8217;inversi\u00f3 del Conselh Generau d&#8217;Aran.<\/p>\n<p>Aix\u00ed doncs, el govern d&#8217;Aran arrossega des de 2011, quan la Generalitat va anul\u00b7lar de motu propi el sistema de finan\u00e7ament aranesa, una situaci\u00f3 de precarietat financera que provoca que el Conselh Generau no pugui desenvolupar les seves funcions amb el rigor i qualitat necess\u00e0ria, alhora que l&#8217;inhabilita per dur a terme inversions i accions pr\u00f2pies de l&#8217;autogovern.<\/p>\n<p>Per Unitat d&#8217;Aran aquesta situaci\u00f3 implica que el govern aran\u00e8s tingui totalment limitada la seva acci\u00f3 d&#8217;autogovern, \u00e9s a dir, que nom\u00e9s pugui gestionar les compet\u00e8ncies transferides per la Generalitat, traspassos que, com el de sanitat, estan tamb\u00e9 infrafinan\u00e7ats tal com el mateix S\u00edndic ha reconegut en alguna ocasi\u00f3.<\/p>\n<p><strong>\u00a0<\/strong><strong>&#8220;Encara que durant l&#8217;any 2012 el pressupost de la Generalitat va patir un gran retroc\u00e9s, a partir de 2014 aquest va augmentar exponencialment. No obstant aix\u00f2, el pressupost per a l&#8217;Aran va seguir en descens fins estancar-se els \u00faltims anys<\/strong> &#8220;manifestava Franc\u00e8s Boya, conseller portaveu d&#8217;UA, i afegia que&#8221; <strong>no nom\u00e9s aix\u00f2, sin\u00f3 que la inversi\u00f3 de la Generalitat a l&#8217;Aran ha baixat en el picat, i entre 2010 i 2017 el balan\u00e7 \u00e9s d&#8217;un 85% d&#8217;inversi\u00f3, encara que en altres territoris del Pirineu ha estat m\u00e9s alta<\/strong> &#8220;.<\/p>\n<p>Boya ha declarat tamb\u00e9 que, tot i la manca de pressupost, el govern de CDA hauria d&#8217;haver desenvolupat accions i projectes en l&#8217;\u00e0mbit de la desestacionalitzaci\u00f3 tur\u00edstica, de la cultura i llengua, aix\u00ed com iniciatives per a la millora de problem\u00e0tiques socials com l&#8217;acc\u00e9s a l&#8217;habitatge, el suport als joves emprenedors o l&#8217;envelliment actiu, &#8220;<strong>la qual cosa no ha passat, fent pal\u00e8s que Converg\u00e8ncia no t\u00e9 projecte per Aran<\/strong>&#8221; afegia Boya.<\/p>\n<p>Per Unitat d&#8217;Aran resulta ja evident que l&#8217;etapa del S\u00edndic Barrera representa un projecte esgotat i que Aran necessita un canvi.<\/p>\n","protected":false},"excerpt":{"rendered":"<p>Au\u00e9 s\u2019a celebrat eth plen d\u2019aprobacion deth pressup\u00f2st de 2019 deth Conselh Generau a on s\u2019a evidenciat qu\u2019es defici\u00e9ncies en finan\u00e7ament, atau coma es traspassi pendents de h\u00e8 temps, demoren sense solucionar-se e sense resp\u00f2sta politica per part dera Generalitat. Era maxima Institucion aranesa a aprobat au\u00e9 eth pressup\u00f2st tar an 2019 de 29.349.297\u201932\u20ac, un [&hellip;]<\/p>\n","protected":false},"author":1,"featured_media":7929,"comment_status":"open","ping_status":"open","sticky":false,"template":"","format":"standard","meta":{"_acf_changed":false,"_jetpack_memberships_contains_paid_content":false,"footnotes":""},"categories":[8],"tags":[],"class_list":["post-7925","post","type-post","status-publish","format-standard","has-post-thumbnail","hentry","category-noticies"],"acf":[],"yoast_head":"<!-- This site is optimized with the Yoast SEO plugin v27.5 - https:\/\/yoast.com\/product\/yoast-seo-wordpress\/ -->\n<title>Unitat d\u2019Aran da per perduda aguesta legislatura en Conselh Generau - Unitat d&#039;Aran<\/title>\n<meta name=\"robots\" content=\"index, follow, max-snippet:-1, max-image-preview:large, max-video-preview:-1\" \/>\n<link rel=\"canonical\" href=\"https:\/\/unitatdaran.org\/es\/noticies\/unitat-daran-da-per-perduda-aguesta-legislatura-en-conselh-generau\/\" \/>\n<meta property=\"og:locale\" content=\"es_ES\" \/>\n<meta property=\"og:type\" content=\"article\" \/>\n<meta property=\"og:title\" content=\"Unitat d\u2019Aran da per perduda aguesta legislatura en Conselh Generau - Unitat d&#039;Aran\" \/>\n<meta property=\"og:description\" content=\"Au\u00e9 s\u2019a celebrat eth plen d\u2019aprobacion deth pressup\u00f2st de 2019 deth Conselh Generau a on s\u2019a evidenciat qu\u2019es defici\u00e9ncies en finan\u00e7ament, atau coma es traspassi pendents de h\u00e8 temps, demoren sense solucionar-se e sense resp\u00f2sta politica per part dera Generalitat. Era maxima Institucion aranesa a aprobat au\u00e9 eth pressup\u00f2st tar an 2019 de 29.349.297\u201932\u20ac, un [&hellip;]\" \/>\n<meta property=\"og:url\" content=\"https:\/\/unitatdaran.org\/es\/noticies\/unitat-daran-da-per-perduda-aguesta-legislatura-en-conselh-generau\/\" \/>\n<meta property=\"og:site_name\" content=\"Unitat d&#039;Aran\" \/>\n<meta property=\"article:publisher\" content=\"https:\/\/www.facebook.com\/UnitatAran\" \/>\n<meta property=\"article:published_time\" content=\"2019-02-25T21:51:59+00:00\" \/>\n<meta property=\"og:image\" content=\"https:\/\/i0.wp.com\/unitatdaran.org\/wp-content\/uploads\/2019\/02\/IMG-20190225-WA0005.jpg?fit=1148%2C1199&ssl=1\" \/>\n\t<meta property=\"og:image:width\" content=\"1148\" \/>\n\t<meta property=\"og:image:height\" content=\"1199\" \/>\n\t<meta property=\"og:image:type\" content=\"image\/jpeg\" \/>\n<meta name=\"author\" content=\"Unitat d&#039;Aran\" \/>\n<meta name=\"twitter:card\" content=\"summary_large_image\" \/>\n<meta name=\"twitter:creator\" content=\"@unitatdaran\" \/>\n<meta name=\"twitter:site\" content=\"@unitatdaran\" \/>\n<meta name=\"twitter:label1\" content=\"Escrito por\" \/>\n\t<meta name=\"twitter:data1\" content=\"Unitat d&#039;Aran\" \/>\n\t<meta name=\"twitter:label2\" content=\"Tiempo de lectura\" \/>\n\t<meta name=\"twitter:data2\" content=\"6 minutos\" \/>\n<script type=\"application\/ld+json\" class=\"yoast-schema-graph\">{\"@context\":\"https:\\\/\\\/schema.org\",\"@graph\":[{\"@type\":\"Article\",\"@id\":\"https:\\\/\\\/unitatdaran.org\\\/es\\\/noticies\\\/unitat-daran-da-per-perduda-aguesta-legislatura-en-conselh-generau\\\/#article\",\"isPartOf\":{\"@id\":\"https:\\\/\\\/unitatdaran.org\\\/es\\\/noticies\\\/unitat-daran-da-per-perduda-aguesta-legislatura-en-conselh-generau\\\/\"},\"author\":{\"name\":\"Unitat d'Aran\",\"@id\":\"https:\\\/\\\/unitatdaran.org\\\/es\\\/#\\\/schema\\\/person\\\/2870f7a03282b9bf0e435870415e61bb\"},\"headline\":\"Unitat d\u2019Aran da per perduda aguesta legislatura en Conselh Generau\",\"datePublished\":\"2019-02-25T21:51:59+00:00\",\"mainEntityOfPage\":{\"@id\":\"https:\\\/\\\/unitatdaran.org\\\/es\\\/noticies\\\/unitat-daran-da-per-perduda-aguesta-legislatura-en-conselh-generau\\\/\"},\"wordCount\":1305,\"commentCount\":0,\"publisher\":{\"@id\":\"https:\\\/\\\/unitatdaran.org\\\/es\\\/#organization\"},\"image\":{\"@id\":\"https:\\\/\\\/unitatdaran.org\\\/es\\\/noticies\\\/unitat-daran-da-per-perduda-aguesta-legislatura-en-conselh-generau\\\/#primaryimage\"},\"thumbnailUrl\":\"https:\\\/\\\/i0.wp.com\\\/unitatdaran.org\\\/wp-content\\\/uploads\\\/2019\\\/02\\\/IMG-20190225-WA0005.jpg?fit=1148%2C1199&ssl=1\",\"articleSection\":[\"Not\u00edcies\"],\"inLanguage\":\"es\",\"potentialAction\":[{\"@type\":\"CommentAction\",\"name\":\"Comment\",\"target\":[\"https:\\\/\\\/unitatdaran.org\\\/es\\\/noticies\\\/unitat-daran-da-per-perduda-aguesta-legislatura-en-conselh-generau\\\/#respond\"]}]},{\"@type\":\"WebPage\",\"@id\":\"https:\\\/\\\/unitatdaran.org\\\/es\\\/noticies\\\/unitat-daran-da-per-perduda-aguesta-legislatura-en-conselh-generau\\\/\",\"url\":\"https:\\\/\\\/unitatdaran.org\\\/es\\\/noticies\\\/unitat-daran-da-per-perduda-aguesta-legislatura-en-conselh-generau\\\/\",\"name\":\"Unitat d\u2019Aran da per perduda aguesta legislatura en Conselh Generau - Unitat d'Aran\",\"isPartOf\":{\"@id\":\"https:\\\/\\\/unitatdaran.org\\\/es\\\/#website\"},\"primaryImageOfPage\":{\"@id\":\"https:\\\/\\\/unitatdaran.org\\\/es\\\/noticies\\\/unitat-daran-da-per-perduda-aguesta-legislatura-en-conselh-generau\\\/#primaryimage\"},\"image\":{\"@id\":\"https:\\\/\\\/unitatdaran.org\\\/es\\\/noticies\\\/unitat-daran-da-per-perduda-aguesta-legislatura-en-conselh-generau\\\/#primaryimage\"},\"thumbnailUrl\":\"https:\\\/\\\/i0.wp.com\\\/unitatdaran.org\\\/wp-content\\\/uploads\\\/2019\\\/02\\\/IMG-20190225-WA0005.jpg?fit=1148%2C1199&ssl=1\",\"datePublished\":\"2019-02-25T21:51:59+00:00\",\"breadcrumb\":{\"@id\":\"https:\\\/\\\/unitatdaran.org\\\/es\\\/noticies\\\/unitat-daran-da-per-perduda-aguesta-legislatura-en-conselh-generau\\\/#breadcrumb\"},\"inLanguage\":\"es\",\"potentialAction\":[{\"@type\":\"ReadAction\",\"target\":[\"https:\\\/\\\/unitatdaran.org\\\/es\\\/noticies\\\/unitat-daran-da-per-perduda-aguesta-legislatura-en-conselh-generau\\\/\"]}]},{\"@type\":\"ImageObject\",\"inLanguage\":\"es\",\"@id\":\"https:\\\/\\\/unitatdaran.org\\\/es\\\/noticies\\\/unitat-daran-da-per-perduda-aguesta-legislatura-en-conselh-generau\\\/#primaryimage\",\"url\":\"https:\\\/\\\/i0.wp.com\\\/unitatdaran.org\\\/wp-content\\\/uploads\\\/2019\\\/02\\\/IMG-20190225-WA0005.jpg?fit=1148%2C1199&ssl=1\",\"contentUrl\":\"https:\\\/\\\/i0.wp.com\\\/unitatdaran.org\\\/wp-content\\\/uploads\\\/2019\\\/02\\\/IMG-20190225-WA0005.jpg?fit=1148%2C1199&ssl=1\",\"width\":1148,\"height\":1199},{\"@type\":\"BreadcrumbList\",\"@id\":\"https:\\\/\\\/unitatdaran.org\\\/es\\\/noticies\\\/unitat-daran-da-per-perduda-aguesta-legislatura-en-conselh-generau\\\/#breadcrumb\",\"itemListElement\":[{\"@type\":\"ListItem\",\"position\":1,\"name\":\"Noticias\",\"item\":\"https:\\\/\\\/unitatdaran.org\\\/es\\\/category\\\/noticies-es\\\/\"},{\"@type\":\"ListItem\",\"position\":2,\"name\":\"Unitat d\u2019Aran da per perduda aguesta legislatura en Conselh Generau\"}]},{\"@type\":\"WebSite\",\"@id\":\"https:\\\/\\\/unitatdaran.org\\\/es\\\/#website\",\"url\":\"https:\\\/\\\/unitatdaran.org\\\/es\\\/\",\"name\":\"Unitat d'Aran\",\"description\":\"Nuestro proyecto es Aran. Aran eres t\u00fa\",\"publisher\":{\"@id\":\"https:\\\/\\\/unitatdaran.org\\\/es\\\/#organization\"},\"potentialAction\":[{\"@type\":\"SearchAction\",\"target\":{\"@type\":\"EntryPoint\",\"urlTemplate\":\"https:\\\/\\\/unitatdaran.org\\\/es\\\/?s={search_term_string}\"},\"query-input\":{\"@type\":\"PropertyValueSpecification\",\"valueRequired\":true,\"valueName\":\"search_term_string\"}}],\"inLanguage\":\"es\"},{\"@type\":\"Organization\",\"@id\":\"https:\\\/\\\/unitatdaran.org\\\/es\\\/#organization\",\"name\":\"Unitat d'Aran\",\"url\":\"https:\\\/\\\/unitatdaran.org\\\/es\\\/\",\"logo\":{\"@type\":\"ImageObject\",\"inLanguage\":\"es\",\"@id\":\"https:\\\/\\\/unitatdaran.org\\\/es\\\/#\\\/schema\\\/logo\\\/image\\\/\",\"url\":\"https:\\\/\\\/i0.wp.com\\\/unitatdaran.org\\\/wp-content\\\/uploads\\\/2021\\\/11\\\/logo.png?fit=2000%2C539&ssl=1\",\"contentUrl\":\"https:\\\/\\\/i0.wp.com\\\/unitatdaran.org\\\/wp-content\\\/uploads\\\/2021\\\/11\\\/logo.png?fit=2000%2C539&ssl=1\",\"width\":2000,\"height\":539,\"caption\":\"Unitat d'Aran\"},\"image\":{\"@id\":\"https:\\\/\\\/unitatdaran.org\\\/es\\\/#\\\/schema\\\/logo\\\/image\\\/\"},\"sameAs\":[\"https:\\\/\\\/www.facebook.com\\\/UnitatAran\",\"https:\\\/\\\/x.com\\\/unitatdaran\",\"https:\\\/\\\/instagram.com\\\/unitataran\"]},{\"@type\":\"Person\",\"@id\":\"https:\\\/\\\/unitatdaran.org\\\/es\\\/#\\\/schema\\\/person\\\/2870f7a03282b9bf0e435870415e61bb\",\"name\":\"Unitat d'Aran\",\"image\":{\"@type\":\"ImageObject\",\"inLanguage\":\"es\",\"@id\":\"https:\\\/\\\/secure.gravatar.com\\\/avatar\\\/bf8ef486d5842532d01c628a95d185dd5db38b0695bc63daa960f6506181b798?s=96&d=mm&r=g\",\"url\":\"https:\\\/\\\/secure.gravatar.com\\\/avatar\\\/bf8ef486d5842532d01c628a95d185dd5db38b0695bc63daa960f6506181b798?s=96&d=mm&r=g\",\"contentUrl\":\"https:\\\/\\\/secure.gravatar.com\\\/avatar\\\/bf8ef486d5842532d01c628a95d185dd5db38b0695bc63daa960f6506181b798?s=96&d=mm&r=g\",\"caption\":\"Unitat d'Aran\"},\"sameAs\":[\"https:\\\/\\\/new.unitatdaran.org\\\/\"],\"url\":\"https:\\\/\\\/unitatdaran.org\\\/es\\\/author\\\/admin\\\/\"}]}<\/script>\n<!-- \/ Yoast SEO plugin. -->","yoast_head_json":{"title":"Unitat d\u2019Aran da per perduda aguesta legislatura en Conselh Generau - Unitat d'Aran","robots":{"index":"index","follow":"follow","max-snippet":"max-snippet:-1","max-image-preview":"max-image-preview:large","max-video-preview":"max-video-preview:-1"},"canonical":"https:\/\/unitatdaran.org\/es\/noticies\/unitat-daran-da-per-perduda-aguesta-legislatura-en-conselh-generau\/","og_locale":"es_ES","og_type":"article","og_title":"Unitat d\u2019Aran da per perduda aguesta legislatura en Conselh Generau - Unitat d'Aran","og_description":"Au\u00e9 s\u2019a celebrat eth plen d\u2019aprobacion deth pressup\u00f2st de 2019 deth Conselh Generau a on s\u2019a evidenciat qu\u2019es defici\u00e9ncies en finan\u00e7ament, atau coma es traspassi pendents de h\u00e8 temps, demoren sense solucionar-se e sense resp\u00f2sta politica per part dera Generalitat. Era maxima Institucion aranesa a aprobat au\u00e9 eth pressup\u00f2st tar an 2019 de 29.349.297\u201932\u20ac, un [&hellip;]","og_url":"https:\/\/unitatdaran.org\/es\/noticies\/unitat-daran-da-per-perduda-aguesta-legislatura-en-conselh-generau\/","og_site_name":"Unitat d'Aran","article_publisher":"https:\/\/www.facebook.com\/UnitatAran","article_published_time":"2019-02-25T21:51:59+00:00","og_image":[{"width":1148,"height":1199,"url":"https:\/\/i0.wp.com\/unitatdaran.org\/wp-content\/uploads\/2019\/02\/IMG-20190225-WA0005.jpg?fit=1148%2C1199&ssl=1","type":"image\/jpeg"}],"author":"Unitat d'Aran","twitter_card":"summary_large_image","twitter_creator":"@unitatdaran","twitter_site":"@unitatdaran","twitter_misc":{"Escrito por":"Unitat d'Aran","Tiempo de lectura":"6 minutos"},"schema":{"@context":"https:\/\/schema.org","@graph":[{"@type":"Article","@id":"https:\/\/unitatdaran.org\/es\/noticies\/unitat-daran-da-per-perduda-aguesta-legislatura-en-conselh-generau\/#article","isPartOf":{"@id":"https:\/\/unitatdaran.org\/es\/noticies\/unitat-daran-da-per-perduda-aguesta-legislatura-en-conselh-generau\/"},"author":{"name":"Unitat d'Aran","@id":"https:\/\/unitatdaran.org\/es\/#\/schema\/person\/2870f7a03282b9bf0e435870415e61bb"},"headline":"Unitat d\u2019Aran da per perduda aguesta legislatura en Conselh Generau","datePublished":"2019-02-25T21:51:59+00:00","mainEntityOfPage":{"@id":"https:\/\/unitatdaran.org\/es\/noticies\/unitat-daran-da-per-perduda-aguesta-legislatura-en-conselh-generau\/"},"wordCount":1305,"commentCount":0,"publisher":{"@id":"https:\/\/unitatdaran.org\/es\/#organization"},"image":{"@id":"https:\/\/unitatdaran.org\/es\/noticies\/unitat-daran-da-per-perduda-aguesta-legislatura-en-conselh-generau\/#primaryimage"},"thumbnailUrl":"https:\/\/i0.wp.com\/unitatdaran.org\/wp-content\/uploads\/2019\/02\/IMG-20190225-WA0005.jpg?fit=1148%2C1199&ssl=1","articleSection":["Not\u00edcies"],"inLanguage":"es","potentialAction":[{"@type":"CommentAction","name":"Comment","target":["https:\/\/unitatdaran.org\/es\/noticies\/unitat-daran-da-per-perduda-aguesta-legislatura-en-conselh-generau\/#respond"]}]},{"@type":"WebPage","@id":"https:\/\/unitatdaran.org\/es\/noticies\/unitat-daran-da-per-perduda-aguesta-legislatura-en-conselh-generau\/","url":"https:\/\/unitatdaran.org\/es\/noticies\/unitat-daran-da-per-perduda-aguesta-legislatura-en-conselh-generau\/","name":"Unitat d\u2019Aran da per perduda aguesta legislatura en Conselh Generau - Unitat d'Aran","isPartOf":{"@id":"https:\/\/unitatdaran.org\/es\/#website"},"primaryImageOfPage":{"@id":"https:\/\/unitatdaran.org\/es\/noticies\/unitat-daran-da-per-perduda-aguesta-legislatura-en-conselh-generau\/#primaryimage"},"image":{"@id":"https:\/\/unitatdaran.org\/es\/noticies\/unitat-daran-da-per-perduda-aguesta-legislatura-en-conselh-generau\/#primaryimage"},"thumbnailUrl":"https:\/\/i0.wp.com\/unitatdaran.org\/wp-content\/uploads\/2019\/02\/IMG-20190225-WA0005.jpg?fit=1148%2C1199&ssl=1","datePublished":"2019-02-25T21:51:59+00:00","breadcrumb":{"@id":"https:\/\/unitatdaran.org\/es\/noticies\/unitat-daran-da-per-perduda-aguesta-legislatura-en-conselh-generau\/#breadcrumb"},"inLanguage":"es","potentialAction":[{"@type":"ReadAction","target":["https:\/\/unitatdaran.org\/es\/noticies\/unitat-daran-da-per-perduda-aguesta-legislatura-en-conselh-generau\/"]}]},{"@type":"ImageObject","inLanguage":"es","@id":"https:\/\/unitatdaran.org\/es\/noticies\/unitat-daran-da-per-perduda-aguesta-legislatura-en-conselh-generau\/#primaryimage","url":"https:\/\/i0.wp.com\/unitatdaran.org\/wp-content\/uploads\/2019\/02\/IMG-20190225-WA0005.jpg?fit=1148%2C1199&ssl=1","contentUrl":"https:\/\/i0.wp.com\/unitatdaran.org\/wp-content\/uploads\/2019\/02\/IMG-20190225-WA0005.jpg?fit=1148%2C1199&ssl=1","width":1148,"height":1199},{"@type":"BreadcrumbList","@id":"https:\/\/unitatdaran.org\/es\/noticies\/unitat-daran-da-per-perduda-aguesta-legislatura-en-conselh-generau\/#breadcrumb","itemListElement":[{"@type":"ListItem","position":1,"name":"Noticias","item":"https:\/\/unitatdaran.org\/es\/category\/noticies-es\/"},{"@type":"ListItem","position":2,"name":"Unitat d\u2019Aran da per perduda aguesta legislatura en Conselh Generau"}]},{"@type":"WebSite","@id":"https:\/\/unitatdaran.org\/es\/#website","url":"https:\/\/unitatdaran.org\/es\/","name":"Unitat d'Aran","description":"Nuestro proyecto es Aran. Aran eres t\u00fa","publisher":{"@id":"https:\/\/unitatdaran.org\/es\/#organization"},"potentialAction":[{"@type":"SearchAction","target":{"@type":"EntryPoint","urlTemplate":"https:\/\/unitatdaran.org\/es\/?s={search_term_string}"},"query-input":{"@type":"PropertyValueSpecification","valueRequired":true,"valueName":"search_term_string"}}],"inLanguage":"es"},{"@type":"Organization","@id":"https:\/\/unitatdaran.org\/es\/#organization","name":"Unitat d'Aran","url":"https:\/\/unitatdaran.org\/es\/","logo":{"@type":"ImageObject","inLanguage":"es","@id":"https:\/\/unitatdaran.org\/es\/#\/schema\/logo\/image\/","url":"https:\/\/i0.wp.com\/unitatdaran.org\/wp-content\/uploads\/2021\/11\/logo.png?fit=2000%2C539&ssl=1","contentUrl":"https:\/\/i0.wp.com\/unitatdaran.org\/wp-content\/uploads\/2021\/11\/logo.png?fit=2000%2C539&ssl=1","width":2000,"height":539,"caption":"Unitat d'Aran"},"image":{"@id":"https:\/\/unitatdaran.org\/es\/#\/schema\/logo\/image\/"},"sameAs":["https:\/\/www.facebook.com\/UnitatAran","https:\/\/x.com\/unitatdaran","https:\/\/instagram.com\/unitataran"]},{"@type":"Person","@id":"https:\/\/unitatdaran.org\/es\/#\/schema\/person\/2870f7a03282b9bf0e435870415e61bb","name":"Unitat d'Aran","image":{"@type":"ImageObject","inLanguage":"es","@id":"https:\/\/secure.gravatar.com\/avatar\/bf8ef486d5842532d01c628a95d185dd5db38b0695bc63daa960f6506181b798?s=96&d=mm&r=g","url":"https:\/\/secure.gravatar.com\/avatar\/bf8ef486d5842532d01c628a95d185dd5db38b0695bc63daa960f6506181b798?s=96&d=mm&r=g","contentUrl":"https:\/\/secure.gravatar.com\/avatar\/bf8ef486d5842532d01c628a95d185dd5db38b0695bc63daa960f6506181b798?s=96&d=mm&r=g","caption":"Unitat d'Aran"},"sameAs":["https:\/\/new.unitatdaran.org\/"],"url":"https:\/\/unitatdaran.org\/es\/author\/admin\/"}]}},"jetpack_featured_media_url":"https:\/\/i0.wp.com\/unitatdaran.org\/wp-content\/uploads\/2019\/02\/IMG-20190225-WA0005.jpg?fit=1148%2C1199&ssl=1","jetpack_sharing_enabled":true,"_links":{"self":[{"href":"https:\/\/unitatdaran.org\/es\/wp-json\/wp\/v2\/posts\/7925","targetHints":{"allow":["GET"]}}],"collection":[{"href":"https:\/\/unitatdaran.org\/es\/wp-json\/wp\/v2\/posts"}],"about":[{"href":"https:\/\/unitatdaran.org\/es\/wp-json\/wp\/v2\/types\/post"}],"author":[{"embeddable":true,"href":"https:\/\/unitatdaran.org\/es\/wp-json\/wp\/v2\/users\/1"}],"replies":[{"embeddable":true,"href":"https:\/\/unitatdaran.org\/es\/wp-json\/wp\/v2\/comments?post=7925"}],"version-history":[{"count":0,"href":"https:\/\/unitatdaran.org\/es\/wp-json\/wp\/v2\/posts\/7925\/revisions"}],"wp:featuredmedia":[{"embeddable":true,"href":"https:\/\/unitatdaran.org\/es\/wp-json\/wp\/v2\/media\/7929"}],"wp:attachment":[{"href":"https:\/\/unitatdaran.org\/es\/wp-json\/wp\/v2\/media?parent=7925"}],"wp:term":[{"taxonomy":"category","embeddable":true,"href":"https:\/\/unitatdaran.org\/es\/wp-json\/wp\/v2\/categories?post=7925"},{"taxonomy":"post_tag","embeddable":true,"href":"https:\/\/unitatdaran.org\/es\/wp-json\/wp\/v2\/tags?post=7925"}],"curies":[{"name":"wp","href":"https:\/\/api.w.org\/{rel}","templated":true}]}}