{"id":6207,"date":"2003-02-10T00:00:00","date_gmt":"2003-02-10T00:00:00","guid":{"rendered":"http:\/\/www.unitatdaran.org\/web\/?p=6207"},"modified":"2003-02-10T00:00:00","modified_gmt":"2003-02-10T00:00:00","slug":"eth-deputat-aranes-francesc-boya-presente-ua-iniciativa-parlamentaria-ta-habilitar-ajuts-especifics-pels-ajuntaments-afectats-per-aquestes-ultimes-nevades","status":"publish","type":"post","link":"https:\/\/unitatdaran.org\/es\/documents\/prepauses\/eth-deputat-aranes-francesc-boya-presente-ua-iniciativa-parlamentaria-ta-habilitar-ajuts-especifics-pels-ajuntaments-afectats-per-aquestes-ultimes-nevades\/","title":{"rendered":"Eth deputat aran\u00e9s Francesc Boya, presente ua iniciativa parlament\u00e0ria t\u00e0  habilitar ajuts espec\u00edfics pels ajuntaments afectats per aquestes \u00faltimes nevades"},"content":{"rendered":"<div align=\"center\"><strong><\/p>\n<p>A LA MESA DEL PARLAMENT<\/p>\n<p><\/strong> <\/div>\n<p>Francesc Boya i Al\u00f2s, Joaquim Llena i Cortina, Antoni Siurana i Zaragoza,<br \/>\n    Marta Camps i Torrents, Ramon Vilalta i Oliva, , diputats del Grup Socialista<br \/>\n    Ciutadans pel Canvi, fent \u00fas d\u2019all\u00f2 que es preveu en els<br \/>\n    articles 134 i 135 del Reglament de la Cambra, presenten per a la seva tramitaci\u00f3<br \/>\n    davant del Ple la seg\u00fcent proposici\u00f3 no de Llei. <\/p>\n<p>A partir del dia 26 de gener, les comarques de l\u2019Aran, de l\u2019Alta<br \/>\n    Ribagor\u00e7a, i del Pallars Sobir\u00e0 han patit importants tempestes<br \/>\n    de neu i vent. La intensitat d\u2019aquestes va ser tal que han arribat a<br \/>\n    acumular de l\u2019ordre de 4 metres de neu a cotes de 2000 m. d\u2019al\u00e7ada,<br \/>\n    i gruixos propers al metre de neu en els pobles de la Vall. Col\u2022lapses<br \/>\n    a les carreteres, talls a diferents vies com la N-230, o talls de llum repetits<br \/>\n    de 8 i 9 hores en diferents nuclis urbans del Pallars o l\u2019Aran van ser<br \/>\n    altres conseq\u00fc\u00e8ncies d\u2019aquest temporal de neu. <\/p>\n<p>Aquesta situaci\u00f3 ha provocat greus p\u00e8rdues econ\u00f2miques<br \/>\n    per al sector del turisme, i ha causat importants p\u00e8rdues pel conjunt<br \/>\n    dels ajuntaments afectats, a m\u00e9s de despeses extraordin\u00e0ries<br \/>\n    per la contractaci\u00f3 de m\u00e0quines i equips per la neteja de carrers,<br \/>\n    vies de comunicaci\u00f3 i atenci\u00f3 als ciutadans. \u00c9s per aquest<br \/>\n    motiu que: <\/p>\n<p>\n    Els diputats sotasignants presentem la seg\u00fcent proposici\u00f3 no de<br \/>\n    Llei:<\/p>\n<p align=\"center\">\n  <strong>PROPOSICI\u00d3 NO DE LLEI<\/strong><\/p>\n<p>\n    El Parlament de Catalunya insta al Govern de la Generalitat a:<\/p>\n<p>\n    Habilitar ajuts espec\u00edfics pels ajuntaments afectats per aquestes \u00faltimes<br \/>\n    nevades, per tal que siguin solid\u00e0riament ajudats per la Generalitat<br \/>\n    de Catalunya en la despesa ocasionada per aquest temporal de neu i vent. \n  <\/p>\n","protected":false},"excerpt":{"rendered":"<p>A LA MESA DEL PARLAMENT Francesc Boya i Al\u00f2s, Joaquim Llena i Cortina, Antoni Siurana i Zaragoza, Marta Camps i Torrents, Ramon Vilalta i Oliva, , diputats del Grup Socialista Ciutadans pel Canvi, fent \u00fas d\u2019all\u00f2 que es preveu en els articles 134 i 135 del Reglament de la Cambra, presenten per a la seva [&hellip;]<\/p>\n","protected":false},"author":1,"featured_media":0,"comment_status":"open","ping_status":"open","sticky":false,"template":"","format":"standard","meta":{"_acf_changed":false,"_jetpack_memberships_contains_paid_content":false,"footnotes":""},"categories":[10],"tags":[],"class_list":["post-6207","post","type-post","status-publish","format-standard","hentry","category-prepauses"],"acf":[],"yoast_head":"<!-- This site is optimized with the Yoast SEO plugin v27.5 - https:\/\/yoast.com\/product\/yoast-seo-wordpress\/ -->\n<title>Eth deputat aran\u00e9s Francesc Boya, presente ua iniciativa parlament\u00e0ria t\u00e0 habilitar ajuts espec\u00edfics pels ajuntaments afectats per aquestes \u00faltimes nevades - Unitat d&#039;Aran<\/title>\n<meta name=\"robots\" content=\"index, follow, max-snippet:-1, max-image-preview:large, max-video-preview:-1\" \/>\n<link rel=\"canonical\" href=\"https:\/\/unitatdaran.org\/es\/documents\/prepauses\/eth-deputat-aranes-francesc-boya-presente-ua-iniciativa-parlamentaria-ta-habilitar-ajuts-especifics-pels-ajuntaments-afectats-per-aquestes-ultimes-nevades\/\" \/>\n<meta property=\"og:locale\" content=\"es_ES\" \/>\n<meta property=\"og:type\" content=\"article\" \/>\n<meta property=\"og:title\" content=\"Eth deputat aran\u00e9s Francesc Boya, presente ua iniciativa parlament\u00e0ria t\u00e0 habilitar ajuts espec\u00edfics pels ajuntaments afectats per aquestes \u00faltimes nevades - Unitat d&#039;Aran\" \/>\n<meta property=\"og:description\" content=\"A LA MESA DEL PARLAMENT Francesc Boya i Al\u00f2s, Joaquim Llena i Cortina, Antoni Siurana i Zaragoza, Marta Camps i Torrents, Ramon Vilalta i Oliva, , diputats del Grup Socialista Ciutadans pel Canvi, fent \u00fas d\u2019all\u00f2 que es preveu en els articles 134 i 135 del Reglament de la Cambra, presenten per a la seva [&hellip;]\" \/>\n<meta property=\"og:url\" content=\"https:\/\/unitatdaran.org\/es\/documents\/prepauses\/eth-deputat-aranes-francesc-boya-presente-ua-iniciativa-parlamentaria-ta-habilitar-ajuts-especifics-pels-ajuntaments-afectats-per-aquestes-ultimes-nevades\/\" \/>\n<meta property=\"og:site_name\" content=\"Unitat d&#039;Aran\" \/>\n<meta property=\"article:publisher\" content=\"https:\/\/www.facebook.com\/UnitatAran\" \/>\n<meta property=\"article:published_time\" content=\"2003-02-10T00:00:00+00:00\" \/>\n<meta name=\"author\" content=\"Unitat d&#039;Aran\" \/>\n<meta name=\"twitter:card\" content=\"summary_large_image\" \/>\n<meta name=\"twitter:creator\" content=\"@unitatdaran\" \/>\n<meta name=\"twitter:site\" content=\"@unitatdaran\" \/>\n<meta name=\"twitter:label1\" content=\"Escrito por\" \/>\n\t<meta name=\"twitter:data1\" content=\"Unitat d&#039;Aran\" \/>\n\t<meta name=\"twitter:label2\" content=\"Tiempo de lectura\" \/>\n\t<meta name=\"twitter:data2\" content=\"1 minuto\" \/>\n<script type=\"application\/ld+json\" class=\"yoast-schema-graph\">{\"@context\":\"https:\\\/\\\/schema.org\",\"@graph\":[{\"@type\":\"Article\",\"@id\":\"https:\\\/\\\/unitatdaran.org\\\/es\\\/documents\\\/prepauses\\\/eth-deputat-aranes-francesc-boya-presente-ua-iniciativa-parlamentaria-ta-habilitar-ajuts-especifics-pels-ajuntaments-afectats-per-aquestes-ultimes-nevades\\\/#article\",\"isPartOf\":{\"@id\":\"https:\\\/\\\/unitatdaran.org\\\/es\\\/documents\\\/prepauses\\\/eth-deputat-aranes-francesc-boya-presente-ua-iniciativa-parlamentaria-ta-habilitar-ajuts-especifics-pels-ajuntaments-afectats-per-aquestes-ultimes-nevades\\\/\"},\"author\":{\"name\":\"Unitat d'Aran\",\"@id\":\"https:\\\/\\\/unitatdaran.org\\\/es\\\/#\\\/schema\\\/person\\\/2870f7a03282b9bf0e435870415e61bb\"},\"headline\":\"Eth deputat aran\u00e9s Francesc Boya, presente ua iniciativa parlament\u00e0ria t\u00e0 habilitar ajuts espec\u00edfics pels ajuntaments afectats per aquestes \u00faltimes nevades\",\"datePublished\":\"2003-02-10T00:00:00+00:00\",\"mainEntityOfPage\":{\"@id\":\"https:\\\/\\\/unitatdaran.org\\\/es\\\/documents\\\/prepauses\\\/eth-deputat-aranes-francesc-boya-presente-ua-iniciativa-parlamentaria-ta-habilitar-ajuts-especifics-pels-ajuntaments-afectats-per-aquestes-ultimes-nevades\\\/\"},\"wordCount\":311,\"commentCount\":0,\"publisher\":{\"@id\":\"https:\\\/\\\/unitatdaran.org\\\/es\\\/#organization\"},\"articleSection\":[\"Prepauses\"],\"inLanguage\":\"es\",\"potentialAction\":[{\"@type\":\"CommentAction\",\"name\":\"Comment\",\"target\":[\"https:\\\/\\\/unitatdaran.org\\\/es\\\/documents\\\/prepauses\\\/eth-deputat-aranes-francesc-boya-presente-ua-iniciativa-parlamentaria-ta-habilitar-ajuts-especifics-pels-ajuntaments-afectats-per-aquestes-ultimes-nevades\\\/#respond\"]}]},{\"@type\":\"WebPage\",\"@id\":\"https:\\\/\\\/unitatdaran.org\\\/es\\\/documents\\\/prepauses\\\/eth-deputat-aranes-francesc-boya-presente-ua-iniciativa-parlamentaria-ta-habilitar-ajuts-especifics-pels-ajuntaments-afectats-per-aquestes-ultimes-nevades\\\/\",\"url\":\"https:\\\/\\\/unitatdaran.org\\\/es\\\/documents\\\/prepauses\\\/eth-deputat-aranes-francesc-boya-presente-ua-iniciativa-parlamentaria-ta-habilitar-ajuts-especifics-pels-ajuntaments-afectats-per-aquestes-ultimes-nevades\\\/\",\"name\":\"Eth deputat aran\u00e9s Francesc Boya, presente ua iniciativa parlament\u00e0ria t\u00e0 habilitar ajuts espec\u00edfics pels ajuntaments afectats per aquestes \u00faltimes nevades - Unitat d'Aran\",\"isPartOf\":{\"@id\":\"https:\\\/\\\/unitatdaran.org\\\/es\\\/#website\"},\"datePublished\":\"2003-02-10T00:00:00+00:00\",\"breadcrumb\":{\"@id\":\"https:\\\/\\\/unitatdaran.org\\\/es\\\/documents\\\/prepauses\\\/eth-deputat-aranes-francesc-boya-presente-ua-iniciativa-parlamentaria-ta-habilitar-ajuts-especifics-pels-ajuntaments-afectats-per-aquestes-ultimes-nevades\\\/#breadcrumb\"},\"inLanguage\":\"es\",\"potentialAction\":[{\"@type\":\"ReadAction\",\"target\":[\"https:\\\/\\\/unitatdaran.org\\\/es\\\/documents\\\/prepauses\\\/eth-deputat-aranes-francesc-boya-presente-ua-iniciativa-parlamentaria-ta-habilitar-ajuts-especifics-pels-ajuntaments-afectats-per-aquestes-ultimes-nevades\\\/\"]}]},{\"@type\":\"BreadcrumbList\",\"@id\":\"https:\\\/\\\/unitatdaran.org\\\/es\\\/documents\\\/prepauses\\\/eth-deputat-aranes-francesc-boya-presente-ua-iniciativa-parlamentaria-ta-habilitar-ajuts-especifics-pels-ajuntaments-afectats-per-aquestes-ultimes-nevades\\\/#breadcrumb\",\"itemListElement\":[{\"@type\":\"ListItem\",\"position\":1,\"name\":\"Documentos\",\"item\":\"https:\\\/\\\/unitatdaran.org\\\/es\\\/category\\\/documentos-es\\\/\"},{\"@type\":\"ListItem\",\"position\":2,\"name\":\"Propuestas\",\"item\":\"https:\\\/\\\/unitatdaran.org\\\/es\\\/category\\\/documentos-es\\\/propuestas\\\/\"},{\"@type\":\"ListItem\",\"position\":3,\"name\":\"Eth deputat aran\u00e9s Francesc Boya, presente ua iniciativa parlament\u00e0ria t\u00e0 habilitar ajuts espec\u00edfics pels ajuntaments afectats per aquestes \u00faltimes nevades\"}]},{\"@type\":\"WebSite\",\"@id\":\"https:\\\/\\\/unitatdaran.org\\\/es\\\/#website\",\"url\":\"https:\\\/\\\/unitatdaran.org\\\/es\\\/\",\"name\":\"Unitat d'Aran\",\"description\":\"Nuestro proyecto es Aran. Aran eres t\u00fa\",\"publisher\":{\"@id\":\"https:\\\/\\\/unitatdaran.org\\\/es\\\/#organization\"},\"potentialAction\":[{\"@type\":\"SearchAction\",\"target\":{\"@type\":\"EntryPoint\",\"urlTemplate\":\"https:\\\/\\\/unitatdaran.org\\\/es\\\/?s={search_term_string}\"},\"query-input\":{\"@type\":\"PropertyValueSpecification\",\"valueRequired\":true,\"valueName\":\"search_term_string\"}}],\"inLanguage\":\"es\"},{\"@type\":\"Organization\",\"@id\":\"https:\\\/\\\/unitatdaran.org\\\/es\\\/#organization\",\"name\":\"Unitat d'Aran\",\"url\":\"https:\\\/\\\/unitatdaran.org\\\/es\\\/\",\"logo\":{\"@type\":\"ImageObject\",\"inLanguage\":\"es\",\"@id\":\"https:\\\/\\\/unitatdaran.org\\\/es\\\/#\\\/schema\\\/logo\\\/image\\\/\",\"url\":\"https:\\\/\\\/i0.wp.com\\\/unitatdaran.org\\\/wp-content\\\/uploads\\\/2021\\\/11\\\/logo.png?fit=2000%2C539&ssl=1\",\"contentUrl\":\"https:\\\/\\\/i0.wp.com\\\/unitatdaran.org\\\/wp-content\\\/uploads\\\/2021\\\/11\\\/logo.png?fit=2000%2C539&ssl=1\",\"width\":2000,\"height\":539,\"caption\":\"Unitat d'Aran\"},\"image\":{\"@id\":\"https:\\\/\\\/unitatdaran.org\\\/es\\\/#\\\/schema\\\/logo\\\/image\\\/\"},\"sameAs\":[\"https:\\\/\\\/www.facebook.com\\\/UnitatAran\",\"https:\\\/\\\/x.com\\\/unitatdaran\",\"https:\\\/\\\/instagram.com\\\/unitataran\"]},{\"@type\":\"Person\",\"@id\":\"https:\\\/\\\/unitatdaran.org\\\/es\\\/#\\\/schema\\\/person\\\/2870f7a03282b9bf0e435870415e61bb\",\"name\":\"Unitat d'Aran\",\"image\":{\"@type\":\"ImageObject\",\"inLanguage\":\"es\",\"@id\":\"https:\\\/\\\/secure.gravatar.com\\\/avatar\\\/bf8ef486d5842532d01c628a95d185dd5db38b0695bc63daa960f6506181b798?s=96&d=mm&r=g\",\"url\":\"https:\\\/\\\/secure.gravatar.com\\\/avatar\\\/bf8ef486d5842532d01c628a95d185dd5db38b0695bc63daa960f6506181b798?s=96&d=mm&r=g\",\"contentUrl\":\"https:\\\/\\\/secure.gravatar.com\\\/avatar\\\/bf8ef486d5842532d01c628a95d185dd5db38b0695bc63daa960f6506181b798?s=96&d=mm&r=g\",\"caption\":\"Unitat d'Aran\"},\"sameAs\":[\"https:\\\/\\\/new.unitatdaran.org\\\/\"],\"url\":\"https:\\\/\\\/unitatdaran.org\\\/es\\\/author\\\/admin\\\/\"}]}<\/script>\n<!-- \/ Yoast SEO plugin. -->","yoast_head_json":{"title":"Eth deputat aran\u00e9s Francesc Boya, presente ua iniciativa parlament\u00e0ria t\u00e0 habilitar ajuts espec\u00edfics pels ajuntaments afectats per aquestes \u00faltimes nevades - Unitat d'Aran","robots":{"index":"index","follow":"follow","max-snippet":"max-snippet:-1","max-image-preview":"max-image-preview:large","max-video-preview":"max-video-preview:-1"},"canonical":"https:\/\/unitatdaran.org\/es\/documents\/prepauses\/eth-deputat-aranes-francesc-boya-presente-ua-iniciativa-parlamentaria-ta-habilitar-ajuts-especifics-pels-ajuntaments-afectats-per-aquestes-ultimes-nevades\/","og_locale":"es_ES","og_type":"article","og_title":"Eth deputat aran\u00e9s Francesc Boya, presente ua iniciativa parlament\u00e0ria t\u00e0 habilitar ajuts espec\u00edfics pels ajuntaments afectats per aquestes \u00faltimes nevades - Unitat d'Aran","og_description":"A LA MESA DEL PARLAMENT Francesc Boya i Al\u00f2s, Joaquim Llena i Cortina, Antoni Siurana i Zaragoza, Marta Camps i Torrents, Ramon Vilalta i Oliva, , diputats del Grup Socialista Ciutadans pel Canvi, fent \u00fas d\u2019all\u00f2 que es preveu en els articles 134 i 135 del Reglament de la Cambra, presenten per a la seva [&hellip;]","og_url":"https:\/\/unitatdaran.org\/es\/documents\/prepauses\/eth-deputat-aranes-francesc-boya-presente-ua-iniciativa-parlamentaria-ta-habilitar-ajuts-especifics-pels-ajuntaments-afectats-per-aquestes-ultimes-nevades\/","og_site_name":"Unitat d'Aran","article_publisher":"https:\/\/www.facebook.com\/UnitatAran","article_published_time":"2003-02-10T00:00:00+00:00","author":"Unitat d'Aran","twitter_card":"summary_large_image","twitter_creator":"@unitatdaran","twitter_site":"@unitatdaran","twitter_misc":{"Escrito por":"Unitat d'Aran","Tiempo de lectura":"1 minuto"},"schema":{"@context":"https:\/\/schema.org","@graph":[{"@type":"Article","@id":"https:\/\/unitatdaran.org\/es\/documents\/prepauses\/eth-deputat-aranes-francesc-boya-presente-ua-iniciativa-parlamentaria-ta-habilitar-ajuts-especifics-pels-ajuntaments-afectats-per-aquestes-ultimes-nevades\/#article","isPartOf":{"@id":"https:\/\/unitatdaran.org\/es\/documents\/prepauses\/eth-deputat-aranes-francesc-boya-presente-ua-iniciativa-parlamentaria-ta-habilitar-ajuts-especifics-pels-ajuntaments-afectats-per-aquestes-ultimes-nevades\/"},"author":{"name":"Unitat d'Aran","@id":"https:\/\/unitatdaran.org\/es\/#\/schema\/person\/2870f7a03282b9bf0e435870415e61bb"},"headline":"Eth deputat aran\u00e9s Francesc Boya, presente ua iniciativa parlament\u00e0ria t\u00e0 habilitar ajuts espec\u00edfics pels ajuntaments afectats per aquestes \u00faltimes nevades","datePublished":"2003-02-10T00:00:00+00:00","mainEntityOfPage":{"@id":"https:\/\/unitatdaran.org\/es\/documents\/prepauses\/eth-deputat-aranes-francesc-boya-presente-ua-iniciativa-parlamentaria-ta-habilitar-ajuts-especifics-pels-ajuntaments-afectats-per-aquestes-ultimes-nevades\/"},"wordCount":311,"commentCount":0,"publisher":{"@id":"https:\/\/unitatdaran.org\/es\/#organization"},"articleSection":["Prepauses"],"inLanguage":"es","potentialAction":[{"@type":"CommentAction","name":"Comment","target":["https:\/\/unitatdaran.org\/es\/documents\/prepauses\/eth-deputat-aranes-francesc-boya-presente-ua-iniciativa-parlamentaria-ta-habilitar-ajuts-especifics-pels-ajuntaments-afectats-per-aquestes-ultimes-nevades\/#respond"]}]},{"@type":"WebPage","@id":"https:\/\/unitatdaran.org\/es\/documents\/prepauses\/eth-deputat-aranes-francesc-boya-presente-ua-iniciativa-parlamentaria-ta-habilitar-ajuts-especifics-pels-ajuntaments-afectats-per-aquestes-ultimes-nevades\/","url":"https:\/\/unitatdaran.org\/es\/documents\/prepauses\/eth-deputat-aranes-francesc-boya-presente-ua-iniciativa-parlamentaria-ta-habilitar-ajuts-especifics-pels-ajuntaments-afectats-per-aquestes-ultimes-nevades\/","name":"Eth deputat aran\u00e9s Francesc Boya, presente ua iniciativa parlament\u00e0ria t\u00e0 habilitar ajuts espec\u00edfics pels ajuntaments afectats per aquestes \u00faltimes nevades - Unitat d'Aran","isPartOf":{"@id":"https:\/\/unitatdaran.org\/es\/#website"},"datePublished":"2003-02-10T00:00:00+00:00","breadcrumb":{"@id":"https:\/\/unitatdaran.org\/es\/documents\/prepauses\/eth-deputat-aranes-francesc-boya-presente-ua-iniciativa-parlamentaria-ta-habilitar-ajuts-especifics-pels-ajuntaments-afectats-per-aquestes-ultimes-nevades\/#breadcrumb"},"inLanguage":"es","potentialAction":[{"@type":"ReadAction","target":["https:\/\/unitatdaran.org\/es\/documents\/prepauses\/eth-deputat-aranes-francesc-boya-presente-ua-iniciativa-parlamentaria-ta-habilitar-ajuts-especifics-pels-ajuntaments-afectats-per-aquestes-ultimes-nevades\/"]}]},{"@type":"BreadcrumbList","@id":"https:\/\/unitatdaran.org\/es\/documents\/prepauses\/eth-deputat-aranes-francesc-boya-presente-ua-iniciativa-parlamentaria-ta-habilitar-ajuts-especifics-pels-ajuntaments-afectats-per-aquestes-ultimes-nevades\/#breadcrumb","itemListElement":[{"@type":"ListItem","position":1,"name":"Documentos","item":"https:\/\/unitatdaran.org\/es\/category\/documentos-es\/"},{"@type":"ListItem","position":2,"name":"Propuestas","item":"https:\/\/unitatdaran.org\/es\/category\/documentos-es\/propuestas\/"},{"@type":"ListItem","position":3,"name":"Eth deputat aran\u00e9s Francesc Boya, presente ua iniciativa parlament\u00e0ria t\u00e0 habilitar ajuts espec\u00edfics pels ajuntaments afectats per aquestes \u00faltimes nevades"}]},{"@type":"WebSite","@id":"https:\/\/unitatdaran.org\/es\/#website","url":"https:\/\/unitatdaran.org\/es\/","name":"Unitat d'Aran","description":"Nuestro proyecto es Aran. Aran eres t\u00fa","publisher":{"@id":"https:\/\/unitatdaran.org\/es\/#organization"},"potentialAction":[{"@type":"SearchAction","target":{"@type":"EntryPoint","urlTemplate":"https:\/\/unitatdaran.org\/es\/?s={search_term_string}"},"query-input":{"@type":"PropertyValueSpecification","valueRequired":true,"valueName":"search_term_string"}}],"inLanguage":"es"},{"@type":"Organization","@id":"https:\/\/unitatdaran.org\/es\/#organization","name":"Unitat d'Aran","url":"https:\/\/unitatdaran.org\/es\/","logo":{"@type":"ImageObject","inLanguage":"es","@id":"https:\/\/unitatdaran.org\/es\/#\/schema\/logo\/image\/","url":"https:\/\/i0.wp.com\/unitatdaran.org\/wp-content\/uploads\/2021\/11\/logo.png?fit=2000%2C539&ssl=1","contentUrl":"https:\/\/i0.wp.com\/unitatdaran.org\/wp-content\/uploads\/2021\/11\/logo.png?fit=2000%2C539&ssl=1","width":2000,"height":539,"caption":"Unitat d'Aran"},"image":{"@id":"https:\/\/unitatdaran.org\/es\/#\/schema\/logo\/image\/"},"sameAs":["https:\/\/www.facebook.com\/UnitatAran","https:\/\/x.com\/unitatdaran","https:\/\/instagram.com\/unitataran"]},{"@type":"Person","@id":"https:\/\/unitatdaran.org\/es\/#\/schema\/person\/2870f7a03282b9bf0e435870415e61bb","name":"Unitat d'Aran","image":{"@type":"ImageObject","inLanguage":"es","@id":"https:\/\/secure.gravatar.com\/avatar\/bf8ef486d5842532d01c628a95d185dd5db38b0695bc63daa960f6506181b798?s=96&d=mm&r=g","url":"https:\/\/secure.gravatar.com\/avatar\/bf8ef486d5842532d01c628a95d185dd5db38b0695bc63daa960f6506181b798?s=96&d=mm&r=g","contentUrl":"https:\/\/secure.gravatar.com\/avatar\/bf8ef486d5842532d01c628a95d185dd5db38b0695bc63daa960f6506181b798?s=96&d=mm&r=g","caption":"Unitat d'Aran"},"sameAs":["https:\/\/new.unitatdaran.org\/"],"url":"https:\/\/unitatdaran.org\/es\/author\/admin\/"}]}},"jetpack_featured_media_url":"","jetpack_sharing_enabled":true,"_links":{"self":[{"href":"https:\/\/unitatdaran.org\/es\/wp-json\/wp\/v2\/posts\/6207","targetHints":{"allow":["GET"]}}],"collection":[{"href":"https:\/\/unitatdaran.org\/es\/wp-json\/wp\/v2\/posts"}],"about":[{"href":"https:\/\/unitatdaran.org\/es\/wp-json\/wp\/v2\/types\/post"}],"author":[{"embeddable":true,"href":"https:\/\/unitatdaran.org\/es\/wp-json\/wp\/v2\/users\/1"}],"replies":[{"embeddable":true,"href":"https:\/\/unitatdaran.org\/es\/wp-json\/wp\/v2\/comments?post=6207"}],"version-history":[{"count":0,"href":"https:\/\/unitatdaran.org\/es\/wp-json\/wp\/v2\/posts\/6207\/revisions"}],"wp:attachment":[{"href":"https:\/\/unitatdaran.org\/es\/wp-json\/wp\/v2\/media?parent=6207"}],"wp:term":[{"taxonomy":"category","embeddable":true,"href":"https:\/\/unitatdaran.org\/es\/wp-json\/wp\/v2\/categories?post=6207"},{"taxonomy":"post_tag","embeddable":true,"href":"https:\/\/unitatdaran.org\/es\/wp-json\/wp\/v2\/tags?post=6207"}],"curies":[{"name":"wp","href":"https:\/\/api.w.org\/{rel}","templated":true}]}}