{"id":6202,"date":"2003-01-23T00:00:00","date_gmt":"2003-01-23T00:00:00","guid":{"rendered":"http:\/\/www.unitatdaran.org\/web\/?p=6202"},"modified":"2003-01-23T00:00:00","modified_gmt":"2003-01-23T00:00:00","slug":"francesc-boya-reclame-en-parlament-ua-marca-turistica-ta-estructurar-eth-producte-deth-senderisme","status":"publish","type":"post","link":"https:\/\/unitatdaran.org\/es\/documents\/prepauses\/francesc-boya-reclame-en-parlament-ua-marca-turistica-ta-estructurar-eth-producte-deth-senderisme\/","title":{"rendered":"Francesc Boya reclame en Parlament ua marca turistica t\u00e0 estructurar eth producte deth senderisme."},"content":{"rendered":"<div align=\"center\"><strong>A LA MESA DEL PARLAMENT<\/strong> <\/div>\n<p>\n  Francesc Boya i Al\u00f2s, Marta Camps i Torrents, Josep Clofent i Rosique,<br \/>\n  Oriol Nel\u2022lo i Colom, Manel Nadal i Farreres, diputats del Grup Socialista<br \/>\n  Ciutadans pel Canvi, fent \u00fas d\u2019all\u00f2 que es preveu en els<br \/>\n  articles 134 i 135 del Reglament de la Cambra, presenten per la seva tramitaci\u00f3<br \/>\n  davant del Ple la seg\u00fcent proposici\u00f3 no de Llei.<\/p>\n<p>El turisme interior i de muntanya a Catalunya s\u2019ha incrementat en aquests<br \/>\n  \u00faltims anys. La clau d\u2019aquest increment la trobem en un considerable<br \/>\n  augment de l\u2019oferta d\u2019allotjament, de restauraci\u00f3 i molt<br \/>\n  especialment, de les d\u2019activitats anomenades \u201cd\u2019aire lliure\u201d<br \/>\n  o \u201cesports d\u2019aventura\u201d. Un mercat clarament emergent, on s\u2019hi<br \/>\n  combinen formes molt diferents de gaudir dels espais naturals. Entre totes elles,<br \/>\n  n\u2019hi ha una que destaca de forma clara, el senderisme, considerada com<br \/>\n  la primera activitat complement\u00e0ria d\u2019aquest sector, i que s\u2019ha<br \/>\n  convertit en una oferta universal generalitzada.<\/p>\n<p>Els mercats tur\u00edstics fa anys que indiquen creixements sostinguts de<br \/>\n  nous practicants d\u2019aquesta modalitat, que han trobat en fen\u00f2mens<br \/>\n  concrets, com el cam\u00ed de Santiago, el m\u00e0xim exponent d\u2019una<br \/>\n  pr\u00e0ctica esportiva, cultural i l\u00fadica que consolida el senderisme<br \/>\n  com una alternativa real per gaudir del temps lliure. <br \/>\n  Catalunya gaudeix d\u2019espais naturals de gran bellesa que poden consolidar-se<br \/>\n  com a llocs de refer\u00e8ncia per als practicants de les diferents modalitats<br \/>\n  del senderisme. Unes qualitats que, sovint, es troben en comarques que tenen<br \/>\n  alhora poques oportunitats per al desenvolupament, o que requereixen d\u2019estrat\u00e8gies<br \/>\n  per trencar l\u2019estacionalitat tur\u00edstica provocada per activitats<br \/>\n  molt determinades per la climatologia, com l\u2019esqu\u00ed. . <\/p>\n<p>Cal per\u00f2, que aquesta activitat del senderisme i els recorreguts escollits<br \/>\n  per dur-la a la pr\u00e0ctica, tinguin un marc de qualitat que, garantitzi<br \/>\n  equipaments i estructures suficients per aquelles persones i empreses disposades<br \/>\n  a convertir-la en un producte tur\u00edstic que complementi i promocioni l\u2019oferta<br \/>\n  d\u2019activitats en el medi natural ofertades a Catalunya .<\/p>\n<p>Amb l\u2019objectiu de crear una marca de qualitat per l\u2019estructuraci\u00f3<br \/>\n  i desenvolupament d\u2019una oferta tur\u00edstica de senderisme a Catalunya,<br \/>\n  els diputats sotasignants presentem la seg\u00fcent proposici\u00f3 no de<br \/>\n  Llei. <\/p>\n<p align=\"center\"><strong>PROPOSCI\u00d3 NO DE LLEI<\/strong><\/p>\n<p>Instar al Govern de la Generalitat a: <\/p>\n<p>1\u00ba Crear la marca \u201cCatalunya Senders\u201d<\/p>\n<p>2\u00ba Dotar aquesta marca i les possibles submarques dels corresponents mecanismes<br \/>\n  i estaments que garantitzin el seu funcionament: <\/p>\n<p><ul>a) Un Consell Assessor format pels departaments estrat\u00e8gics de la pr\u00f2pia<br \/>\n  Generalitat (Turisme, Medi ambient, Pol\u00edtica Territorial) representaci\u00f3<br \/>\n  l\u2019Administraci\u00f3 local i federacions esportives concernides (Federaci\u00f3<br \/>\n  Catalana de Muntanyisme, Federaci\u00f3 Catalana de Senderisme) <\/p>\n<p>b) Una oficina t\u00e8cnica per aportar informaci\u00f3 i executar actuacions<br \/>\n  en mat\u00e8ria de: <\/p>\n<ul>\n<li> l\u2019establiment de recorreguts<\/li>\n<li> la seva tipologia<\/li>\n<li> la compatibilitat d\u2019usos dels senders <\/li>\n<li> la senyalitzaci\u00f3<\/li>\n<li> la cartografia<\/li>\n<li> els allotjaments<\/li>\n<li> la promoci\u00f3&#8230;<\/li>\n<\/ul>\n<p>c) Un model d\u2019implementaci\u00f3 pr\u00f2pia basat en l\u2019adaptaci\u00f3<br \/>\n  i integraci\u00f3 d\u2019experi\u00e8ncies europees i la singularitat catalana.\n<\/p>\n<p>d) Una identitat corporativa amb logotip i imatge, i la corresponent adaptaci\u00f3<br \/>\n  de la senyalitzaci\u00f3 ja existent.<\/p>\n<p>e) Els adequats instruments i estrat\u00e8gies de difusi\u00f3 i promoci\u00f3<br \/>\n  mitjan\u00e7ant els serveis propis i el Departament de Turisme. <\/ul>\n<\/p>\n<p>3\u00ba Dotar un pressupost de 75.000 Euros per l\u2019any 2003 per la creaci\u00f3<br \/>\n  de la marca: \u201cCatalunya Senders\u201d. <\/p>\n","protected":false},"excerpt":{"rendered":"<p>A LA MESA DEL PARLAMENT Francesc Boya i Al\u00f2s, Marta Camps i Torrents, Josep Clofent i Rosique, Oriol Nel\u2022lo i Colom, Manel Nadal i Farreres, diputats del Grup Socialista Ciutadans pel Canvi, fent \u00fas d\u2019all\u00f2 que es preveu en els articles 134 i 135 del Reglament de la Cambra, presenten per la seva tramitaci\u00f3 davant [&hellip;]<\/p>\n","protected":false},"author":1,"featured_media":0,"comment_status":"open","ping_status":"open","sticky":false,"template":"","format":"standard","meta":{"_acf_changed":false,"_jetpack_memberships_contains_paid_content":false,"footnotes":""},"categories":[10],"tags":[],"class_list":["post-6202","post","type-post","status-publish","format-standard","hentry","category-prepauses"],"acf":[],"yoast_head":"<!-- This site is optimized with the Yoast SEO plugin v27.5 - https:\/\/yoast.com\/product\/yoast-seo-wordpress\/ -->\n<title>Francesc Boya reclame en Parlament ua marca turistica t\u00e0 estructurar eth producte deth senderisme. - Unitat d&#039;Aran<\/title>\n<meta name=\"robots\" content=\"index, follow, max-snippet:-1, max-image-preview:large, max-video-preview:-1\" \/>\n<link rel=\"canonical\" href=\"https:\/\/unitatdaran.org\/es\/documents\/prepauses\/francesc-boya-reclame-en-parlament-ua-marca-turistica-ta-estructurar-eth-producte-deth-senderisme\/\" \/>\n<meta property=\"og:locale\" content=\"es_ES\" \/>\n<meta property=\"og:type\" content=\"article\" \/>\n<meta property=\"og:title\" content=\"Francesc Boya reclame en Parlament ua marca turistica t\u00e0 estructurar eth producte deth senderisme. - Unitat d&#039;Aran\" \/>\n<meta property=\"og:description\" content=\"A LA MESA DEL PARLAMENT Francesc Boya i Al\u00f2s, Marta Camps i Torrents, Josep Clofent i Rosique, Oriol Nel\u2022lo i Colom, Manel Nadal i Farreres, diputats del Grup Socialista Ciutadans pel Canvi, fent \u00fas d\u2019all\u00f2 que es preveu en els articles 134 i 135 del Reglament de la Cambra, presenten per la seva tramitaci\u00f3 davant [&hellip;]\" \/>\n<meta property=\"og:url\" content=\"https:\/\/unitatdaran.org\/es\/documents\/prepauses\/francesc-boya-reclame-en-parlament-ua-marca-turistica-ta-estructurar-eth-producte-deth-senderisme\/\" \/>\n<meta property=\"og:site_name\" content=\"Unitat d&#039;Aran\" \/>\n<meta property=\"article:publisher\" content=\"https:\/\/www.facebook.com\/UnitatAran\" \/>\n<meta property=\"article:published_time\" content=\"2003-01-23T00:00:00+00:00\" \/>\n<meta name=\"author\" content=\"Unitat d&#039;Aran\" \/>\n<meta name=\"twitter:card\" content=\"summary_large_image\" \/>\n<meta name=\"twitter:creator\" content=\"@unitatdaran\" \/>\n<meta name=\"twitter:site\" content=\"@unitatdaran\" \/>\n<meta name=\"twitter:label1\" content=\"Escrito por\" \/>\n\t<meta name=\"twitter:data1\" content=\"Unitat d&#039;Aran\" \/>\n\t<meta name=\"twitter:label2\" content=\"Tiempo de lectura\" \/>\n\t<meta name=\"twitter:data2\" content=\"3 minutos\" \/>\n<script type=\"application\/ld+json\" class=\"yoast-schema-graph\">{\"@context\":\"https:\\\/\\\/schema.org\",\"@graph\":[{\"@type\":\"Article\",\"@id\":\"https:\\\/\\\/unitatdaran.org\\\/es\\\/documents\\\/prepauses\\\/francesc-boya-reclame-en-parlament-ua-marca-turistica-ta-estructurar-eth-producte-deth-senderisme\\\/#article\",\"isPartOf\":{\"@id\":\"https:\\\/\\\/unitatdaran.org\\\/es\\\/documents\\\/prepauses\\\/francesc-boya-reclame-en-parlament-ua-marca-turistica-ta-estructurar-eth-producte-deth-senderisme\\\/\"},\"author\":{\"name\":\"Unitat d'Aran\",\"@id\":\"https:\\\/\\\/unitatdaran.org\\\/es\\\/#\\\/schema\\\/person\\\/2870f7a03282b9bf0e435870415e61bb\"},\"headline\":\"Francesc Boya reclame en Parlament ua marca turistica t\u00e0 estructurar eth producte deth senderisme.\",\"datePublished\":\"2003-01-23T00:00:00+00:00\",\"mainEntityOfPage\":{\"@id\":\"https:\\\/\\\/unitatdaran.org\\\/es\\\/documents\\\/prepauses\\\/francesc-boya-reclame-en-parlament-ua-marca-turistica-ta-estructurar-eth-producte-deth-senderisme\\\/\"},\"wordCount\":566,\"commentCount\":0,\"publisher\":{\"@id\":\"https:\\\/\\\/unitatdaran.org\\\/es\\\/#organization\"},\"articleSection\":[\"Prepauses\"],\"inLanguage\":\"es\",\"potentialAction\":[{\"@type\":\"CommentAction\",\"name\":\"Comment\",\"target\":[\"https:\\\/\\\/unitatdaran.org\\\/es\\\/documents\\\/prepauses\\\/francesc-boya-reclame-en-parlament-ua-marca-turistica-ta-estructurar-eth-producte-deth-senderisme\\\/#respond\"]}]},{\"@type\":\"WebPage\",\"@id\":\"https:\\\/\\\/unitatdaran.org\\\/es\\\/documents\\\/prepauses\\\/francesc-boya-reclame-en-parlament-ua-marca-turistica-ta-estructurar-eth-producte-deth-senderisme\\\/\",\"url\":\"https:\\\/\\\/unitatdaran.org\\\/es\\\/documents\\\/prepauses\\\/francesc-boya-reclame-en-parlament-ua-marca-turistica-ta-estructurar-eth-producte-deth-senderisme\\\/\",\"name\":\"Francesc Boya reclame en Parlament ua marca turistica t\u00e0 estructurar eth producte deth senderisme. - Unitat d'Aran\",\"isPartOf\":{\"@id\":\"https:\\\/\\\/unitatdaran.org\\\/es\\\/#website\"},\"datePublished\":\"2003-01-23T00:00:00+00:00\",\"breadcrumb\":{\"@id\":\"https:\\\/\\\/unitatdaran.org\\\/es\\\/documents\\\/prepauses\\\/francesc-boya-reclame-en-parlament-ua-marca-turistica-ta-estructurar-eth-producte-deth-senderisme\\\/#breadcrumb\"},\"inLanguage\":\"es\",\"potentialAction\":[{\"@type\":\"ReadAction\",\"target\":[\"https:\\\/\\\/unitatdaran.org\\\/es\\\/documents\\\/prepauses\\\/francesc-boya-reclame-en-parlament-ua-marca-turistica-ta-estructurar-eth-producte-deth-senderisme\\\/\"]}]},{\"@type\":\"BreadcrumbList\",\"@id\":\"https:\\\/\\\/unitatdaran.org\\\/es\\\/documents\\\/prepauses\\\/francesc-boya-reclame-en-parlament-ua-marca-turistica-ta-estructurar-eth-producte-deth-senderisme\\\/#breadcrumb\",\"itemListElement\":[{\"@type\":\"ListItem\",\"position\":1,\"name\":\"Documentos\",\"item\":\"https:\\\/\\\/unitatdaran.org\\\/es\\\/category\\\/documentos-es\\\/\"},{\"@type\":\"ListItem\",\"position\":2,\"name\":\"Propuestas\",\"item\":\"https:\\\/\\\/unitatdaran.org\\\/es\\\/category\\\/documentos-es\\\/propuestas\\\/\"},{\"@type\":\"ListItem\",\"position\":3,\"name\":\"Francesc Boya reclame en Parlament ua marca turistica t\u00e0 estructurar eth producte deth senderisme.\"}]},{\"@type\":\"WebSite\",\"@id\":\"https:\\\/\\\/unitatdaran.org\\\/es\\\/#website\",\"url\":\"https:\\\/\\\/unitatdaran.org\\\/es\\\/\",\"name\":\"Unitat d'Aran\",\"description\":\"Nuestro proyecto es Aran. Aran eres t\u00fa\",\"publisher\":{\"@id\":\"https:\\\/\\\/unitatdaran.org\\\/es\\\/#organization\"},\"potentialAction\":[{\"@type\":\"SearchAction\",\"target\":{\"@type\":\"EntryPoint\",\"urlTemplate\":\"https:\\\/\\\/unitatdaran.org\\\/es\\\/?s={search_term_string}\"},\"query-input\":{\"@type\":\"PropertyValueSpecification\",\"valueRequired\":true,\"valueName\":\"search_term_string\"}}],\"inLanguage\":\"es\"},{\"@type\":\"Organization\",\"@id\":\"https:\\\/\\\/unitatdaran.org\\\/es\\\/#organization\",\"name\":\"Unitat d'Aran\",\"url\":\"https:\\\/\\\/unitatdaran.org\\\/es\\\/\",\"logo\":{\"@type\":\"ImageObject\",\"inLanguage\":\"es\",\"@id\":\"https:\\\/\\\/unitatdaran.org\\\/es\\\/#\\\/schema\\\/logo\\\/image\\\/\",\"url\":\"https:\\\/\\\/i0.wp.com\\\/unitatdaran.org\\\/wp-content\\\/uploads\\\/2021\\\/11\\\/logo.png?fit=2000%2C539&ssl=1\",\"contentUrl\":\"https:\\\/\\\/i0.wp.com\\\/unitatdaran.org\\\/wp-content\\\/uploads\\\/2021\\\/11\\\/logo.png?fit=2000%2C539&ssl=1\",\"width\":2000,\"height\":539,\"caption\":\"Unitat d'Aran\"},\"image\":{\"@id\":\"https:\\\/\\\/unitatdaran.org\\\/es\\\/#\\\/schema\\\/logo\\\/image\\\/\"},\"sameAs\":[\"https:\\\/\\\/www.facebook.com\\\/UnitatAran\",\"https:\\\/\\\/x.com\\\/unitatdaran\",\"https:\\\/\\\/instagram.com\\\/unitataran\"]},{\"@type\":\"Person\",\"@id\":\"https:\\\/\\\/unitatdaran.org\\\/es\\\/#\\\/schema\\\/person\\\/2870f7a03282b9bf0e435870415e61bb\",\"name\":\"Unitat d'Aran\",\"image\":{\"@type\":\"ImageObject\",\"inLanguage\":\"es\",\"@id\":\"https:\\\/\\\/secure.gravatar.com\\\/avatar\\\/bf8ef486d5842532d01c628a95d185dd5db38b0695bc63daa960f6506181b798?s=96&d=mm&r=g\",\"url\":\"https:\\\/\\\/secure.gravatar.com\\\/avatar\\\/bf8ef486d5842532d01c628a95d185dd5db38b0695bc63daa960f6506181b798?s=96&d=mm&r=g\",\"contentUrl\":\"https:\\\/\\\/secure.gravatar.com\\\/avatar\\\/bf8ef486d5842532d01c628a95d185dd5db38b0695bc63daa960f6506181b798?s=96&d=mm&r=g\",\"caption\":\"Unitat d'Aran\"},\"sameAs\":[\"https:\\\/\\\/new.unitatdaran.org\\\/\"],\"url\":\"https:\\\/\\\/unitatdaran.org\\\/es\\\/author\\\/admin\\\/\"}]}<\/script>\n<!-- \/ Yoast SEO plugin. -->","yoast_head_json":{"title":"Francesc Boya reclame en Parlament ua marca turistica t\u00e0 estructurar eth producte deth senderisme. - Unitat d'Aran","robots":{"index":"index","follow":"follow","max-snippet":"max-snippet:-1","max-image-preview":"max-image-preview:large","max-video-preview":"max-video-preview:-1"},"canonical":"https:\/\/unitatdaran.org\/es\/documents\/prepauses\/francesc-boya-reclame-en-parlament-ua-marca-turistica-ta-estructurar-eth-producte-deth-senderisme\/","og_locale":"es_ES","og_type":"article","og_title":"Francesc Boya reclame en Parlament ua marca turistica t\u00e0 estructurar eth producte deth senderisme. - Unitat d'Aran","og_description":"A LA MESA DEL PARLAMENT Francesc Boya i Al\u00f2s, Marta Camps i Torrents, Josep Clofent i Rosique, Oriol Nel\u2022lo i Colom, Manel Nadal i Farreres, diputats del Grup Socialista Ciutadans pel Canvi, fent \u00fas d\u2019all\u00f2 que es preveu en els articles 134 i 135 del Reglament de la Cambra, presenten per la seva tramitaci\u00f3 davant [&hellip;]","og_url":"https:\/\/unitatdaran.org\/es\/documents\/prepauses\/francesc-boya-reclame-en-parlament-ua-marca-turistica-ta-estructurar-eth-producte-deth-senderisme\/","og_site_name":"Unitat d'Aran","article_publisher":"https:\/\/www.facebook.com\/UnitatAran","article_published_time":"2003-01-23T00:00:00+00:00","author":"Unitat d'Aran","twitter_card":"summary_large_image","twitter_creator":"@unitatdaran","twitter_site":"@unitatdaran","twitter_misc":{"Escrito por":"Unitat d'Aran","Tiempo de lectura":"3 minutos"},"schema":{"@context":"https:\/\/schema.org","@graph":[{"@type":"Article","@id":"https:\/\/unitatdaran.org\/es\/documents\/prepauses\/francesc-boya-reclame-en-parlament-ua-marca-turistica-ta-estructurar-eth-producte-deth-senderisme\/#article","isPartOf":{"@id":"https:\/\/unitatdaran.org\/es\/documents\/prepauses\/francesc-boya-reclame-en-parlament-ua-marca-turistica-ta-estructurar-eth-producte-deth-senderisme\/"},"author":{"name":"Unitat d'Aran","@id":"https:\/\/unitatdaran.org\/es\/#\/schema\/person\/2870f7a03282b9bf0e435870415e61bb"},"headline":"Francesc Boya reclame en Parlament ua marca turistica t\u00e0 estructurar eth producte deth senderisme.","datePublished":"2003-01-23T00:00:00+00:00","mainEntityOfPage":{"@id":"https:\/\/unitatdaran.org\/es\/documents\/prepauses\/francesc-boya-reclame-en-parlament-ua-marca-turistica-ta-estructurar-eth-producte-deth-senderisme\/"},"wordCount":566,"commentCount":0,"publisher":{"@id":"https:\/\/unitatdaran.org\/es\/#organization"},"articleSection":["Prepauses"],"inLanguage":"es","potentialAction":[{"@type":"CommentAction","name":"Comment","target":["https:\/\/unitatdaran.org\/es\/documents\/prepauses\/francesc-boya-reclame-en-parlament-ua-marca-turistica-ta-estructurar-eth-producte-deth-senderisme\/#respond"]}]},{"@type":"WebPage","@id":"https:\/\/unitatdaran.org\/es\/documents\/prepauses\/francesc-boya-reclame-en-parlament-ua-marca-turistica-ta-estructurar-eth-producte-deth-senderisme\/","url":"https:\/\/unitatdaran.org\/es\/documents\/prepauses\/francesc-boya-reclame-en-parlament-ua-marca-turistica-ta-estructurar-eth-producte-deth-senderisme\/","name":"Francesc Boya reclame en Parlament ua marca turistica t\u00e0 estructurar eth producte deth senderisme. - Unitat d'Aran","isPartOf":{"@id":"https:\/\/unitatdaran.org\/es\/#website"},"datePublished":"2003-01-23T00:00:00+00:00","breadcrumb":{"@id":"https:\/\/unitatdaran.org\/es\/documents\/prepauses\/francesc-boya-reclame-en-parlament-ua-marca-turistica-ta-estructurar-eth-producte-deth-senderisme\/#breadcrumb"},"inLanguage":"es","potentialAction":[{"@type":"ReadAction","target":["https:\/\/unitatdaran.org\/es\/documents\/prepauses\/francesc-boya-reclame-en-parlament-ua-marca-turistica-ta-estructurar-eth-producte-deth-senderisme\/"]}]},{"@type":"BreadcrumbList","@id":"https:\/\/unitatdaran.org\/es\/documents\/prepauses\/francesc-boya-reclame-en-parlament-ua-marca-turistica-ta-estructurar-eth-producte-deth-senderisme\/#breadcrumb","itemListElement":[{"@type":"ListItem","position":1,"name":"Documentos","item":"https:\/\/unitatdaran.org\/es\/category\/documentos-es\/"},{"@type":"ListItem","position":2,"name":"Propuestas","item":"https:\/\/unitatdaran.org\/es\/category\/documentos-es\/propuestas\/"},{"@type":"ListItem","position":3,"name":"Francesc Boya reclame en Parlament ua marca turistica t\u00e0 estructurar eth producte deth senderisme."}]},{"@type":"WebSite","@id":"https:\/\/unitatdaran.org\/es\/#website","url":"https:\/\/unitatdaran.org\/es\/","name":"Unitat d'Aran","description":"Nuestro proyecto es Aran. Aran eres t\u00fa","publisher":{"@id":"https:\/\/unitatdaran.org\/es\/#organization"},"potentialAction":[{"@type":"SearchAction","target":{"@type":"EntryPoint","urlTemplate":"https:\/\/unitatdaran.org\/es\/?s={search_term_string}"},"query-input":{"@type":"PropertyValueSpecification","valueRequired":true,"valueName":"search_term_string"}}],"inLanguage":"es"},{"@type":"Organization","@id":"https:\/\/unitatdaran.org\/es\/#organization","name":"Unitat d'Aran","url":"https:\/\/unitatdaran.org\/es\/","logo":{"@type":"ImageObject","inLanguage":"es","@id":"https:\/\/unitatdaran.org\/es\/#\/schema\/logo\/image\/","url":"https:\/\/i0.wp.com\/unitatdaran.org\/wp-content\/uploads\/2021\/11\/logo.png?fit=2000%2C539&ssl=1","contentUrl":"https:\/\/i0.wp.com\/unitatdaran.org\/wp-content\/uploads\/2021\/11\/logo.png?fit=2000%2C539&ssl=1","width":2000,"height":539,"caption":"Unitat d'Aran"},"image":{"@id":"https:\/\/unitatdaran.org\/es\/#\/schema\/logo\/image\/"},"sameAs":["https:\/\/www.facebook.com\/UnitatAran","https:\/\/x.com\/unitatdaran","https:\/\/instagram.com\/unitataran"]},{"@type":"Person","@id":"https:\/\/unitatdaran.org\/es\/#\/schema\/person\/2870f7a03282b9bf0e435870415e61bb","name":"Unitat d'Aran","image":{"@type":"ImageObject","inLanguage":"es","@id":"https:\/\/secure.gravatar.com\/avatar\/bf8ef486d5842532d01c628a95d185dd5db38b0695bc63daa960f6506181b798?s=96&d=mm&r=g","url":"https:\/\/secure.gravatar.com\/avatar\/bf8ef486d5842532d01c628a95d185dd5db38b0695bc63daa960f6506181b798?s=96&d=mm&r=g","contentUrl":"https:\/\/secure.gravatar.com\/avatar\/bf8ef486d5842532d01c628a95d185dd5db38b0695bc63daa960f6506181b798?s=96&d=mm&r=g","caption":"Unitat d'Aran"},"sameAs":["https:\/\/new.unitatdaran.org\/"],"url":"https:\/\/unitatdaran.org\/es\/author\/admin\/"}]}},"jetpack_featured_media_url":"","jetpack_sharing_enabled":true,"_links":{"self":[{"href":"https:\/\/unitatdaran.org\/es\/wp-json\/wp\/v2\/posts\/6202","targetHints":{"allow":["GET"]}}],"collection":[{"href":"https:\/\/unitatdaran.org\/es\/wp-json\/wp\/v2\/posts"}],"about":[{"href":"https:\/\/unitatdaran.org\/es\/wp-json\/wp\/v2\/types\/post"}],"author":[{"embeddable":true,"href":"https:\/\/unitatdaran.org\/es\/wp-json\/wp\/v2\/users\/1"}],"replies":[{"embeddable":true,"href":"https:\/\/unitatdaran.org\/es\/wp-json\/wp\/v2\/comments?post=6202"}],"version-history":[{"count":0,"href":"https:\/\/unitatdaran.org\/es\/wp-json\/wp\/v2\/posts\/6202\/revisions"}],"wp:attachment":[{"href":"https:\/\/unitatdaran.org\/es\/wp-json\/wp\/v2\/media?parent=6202"}],"wp:term":[{"taxonomy":"category","embeddable":true,"href":"https:\/\/unitatdaran.org\/es\/wp-json\/wp\/v2\/categories?post=6202"},{"taxonomy":"post_tag","embeddable":true,"href":"https:\/\/unitatdaran.org\/es\/wp-json\/wp\/v2\/tags?post=6202"}],"curies":[{"name":"wp","href":"https:\/\/api.w.org\/{rel}","templated":true}]}}