{"id":5849,"date":"2003-09-20T00:00:00","date_gmt":"2003-09-20T00:00:00","guid":{"rendered":"http:\/\/www.unitatdaran.org\/web\/?p=5849"},"modified":"2003-09-20T00:00:00","modified_gmt":"2003-09-20T00:00:00","slug":"lalcalde-de-vielha-reclama-la-construccio-de-la-variant-de-la-n-230","status":"publish","type":"post","link":"https:\/\/unitatdaran.org\/es\/noticies\/lalcalde-de-vielha-reclama-la-construccio-de-la-variant-de-la-n-230\/","title":{"rendered":"L&#8217;alcalde de Vielha reclama la construcci\u00f3 de la variant de la N-230"},"content":{"rendered":"<p>Segons el seu parer, aquesta carretera, que evitaria el pas del tr\u00e0nsit pel centre de la poblaci\u00f3, \u00e9s ja necess\u00e0ria per l&#8217;elevat tr\u00e0nsit, principalment de camions, que suporta la travessia de Vielha. Riu ha fet aquesta reclamaci\u00f3 coincidint amb la imminent posada en marxa de la nova regulaci\u00f3 del tr\u00e0nsit al tunel de Vielha, que t\u00e9 com a objectiu principal evitar que dos camions es creuin dins de la galeria. <\/p>\n<p>L&#8217;alcalde tem que els camions, quan es vegin obligats a parar uns minuts al costat de la boca sud del t\u00fanel, vulguin despr\u00e9s recuperar el temps perdut descendint a gran velocitat per la carretera N-230, que travessa Vielha, amb el perill que es produeixi un accident. <\/p>\n<p>Joan Riu tamb\u00e9 ha exigit al Servei Catal\u00e0 del Tr\u00e0nsit que faci complir totes les normes de circulaci\u00f3 als camioners, principalment pel que fa a la velocitat, i alerta que al costat de la N-230 es troba el col\u00b7legi p\u00fablic de Vielha, per la qual cosa demana extremar especialment la vigil\u00e0ncia en aquest punt.<\/p>\n","protected":false},"excerpt":{"rendered":"<p>L&#8217;alcalde de Vielha, Joan Riu, ha reclamat la necessitat de comen\u00e7ar a analitzar els possibles tra\u00e7ats per a la futura variant de Vielha.<\/p>\n","protected":false},"author":1,"featured_media":0,"comment_status":"open","ping_status":"open","sticky":false,"template":"","format":"standard","meta":{"_acf_changed":false,"_jetpack_memberships_contains_paid_content":false,"footnotes":""},"categories":[8],"tags":[],"class_list":["post-5849","post","type-post","status-publish","format-standard","hentry","category-noticies"],"acf":[],"yoast_head":"<!-- This site is optimized with the Yoast SEO plugin v27.5 - https:\/\/yoast.com\/product\/yoast-seo-wordpress\/ -->\n<title>L&#039;alcalde de Vielha reclama la construcci\u00f3 de la variant de la N-230 - Unitat d&#039;Aran<\/title>\n<meta name=\"robots\" content=\"index, follow, max-snippet:-1, max-image-preview:large, max-video-preview:-1\" \/>\n<link rel=\"canonical\" href=\"https:\/\/unitatdaran.org\/es\/noticies\/lalcalde-de-vielha-reclama-la-construccio-de-la-variant-de-la-n-230\/\" \/>\n<meta property=\"og:locale\" content=\"es_ES\" \/>\n<meta property=\"og:type\" content=\"article\" \/>\n<meta property=\"og:title\" content=\"L&#039;alcalde de Vielha reclama la construcci\u00f3 de la variant de la N-230 - Unitat d&#039;Aran\" \/>\n<meta property=\"og:description\" content=\"L&#039;alcalde de Vielha, Joan Riu, ha reclamat la necessitat de comen\u00e7ar a analitzar els possibles tra\u00e7ats per a la futura variant de Vielha.\" \/>\n<meta property=\"og:url\" content=\"https:\/\/unitatdaran.org\/es\/noticies\/lalcalde-de-vielha-reclama-la-construccio-de-la-variant-de-la-n-230\/\" \/>\n<meta property=\"og:site_name\" content=\"Unitat d&#039;Aran\" \/>\n<meta property=\"article:publisher\" content=\"https:\/\/www.facebook.com\/UnitatAran\" \/>\n<meta property=\"article:published_time\" content=\"2003-09-20T00:00:00+00:00\" \/>\n<meta name=\"author\" content=\"Unitat d&#039;Aran\" \/>\n<meta name=\"twitter:card\" content=\"summary_large_image\" \/>\n<meta name=\"twitter:creator\" content=\"@unitatdaran\" \/>\n<meta name=\"twitter:site\" content=\"@unitatdaran\" \/>\n<meta name=\"twitter:label1\" content=\"Escrito por\" \/>\n\t<meta name=\"twitter:data1\" content=\"Unitat d&#039;Aran\" \/>\n\t<meta name=\"twitter:label2\" content=\"Tiempo de lectura\" \/>\n\t<meta name=\"twitter:data2\" content=\"1 minuto\" \/>\n<script type=\"application\/ld+json\" class=\"yoast-schema-graph\">{\"@context\":\"https:\\\/\\\/schema.org\",\"@graph\":[{\"@type\":\"Article\",\"@id\":\"https:\\\/\\\/unitatdaran.org\\\/es\\\/noticies\\\/lalcalde-de-vielha-reclama-la-construccio-de-la-variant-de-la-n-230\\\/#article\",\"isPartOf\":{\"@id\":\"https:\\\/\\\/unitatdaran.org\\\/es\\\/noticies\\\/lalcalde-de-vielha-reclama-la-construccio-de-la-variant-de-la-n-230\\\/\"},\"author\":{\"name\":\"Unitat d'Aran\",\"@id\":\"https:\\\/\\\/unitatdaran.org\\\/es\\\/#\\\/schema\\\/person\\\/2870f7a03282b9bf0e435870415e61bb\"},\"headline\":\"L&#8217;alcalde de Vielha reclama la construcci\u00f3 de la variant de la N-230\",\"datePublished\":\"2003-09-20T00:00:00+00:00\",\"mainEntityOfPage\":{\"@id\":\"https:\\\/\\\/unitatdaran.org\\\/es\\\/noticies\\\/lalcalde-de-vielha-reclama-la-construccio-de-la-variant-de-la-n-230\\\/\"},\"wordCount\":195,\"commentCount\":0,\"publisher\":{\"@id\":\"https:\\\/\\\/unitatdaran.org\\\/es\\\/#organization\"},\"articleSection\":[\"Not\u00edcies\"],\"inLanguage\":\"es\",\"potentialAction\":[{\"@type\":\"CommentAction\",\"name\":\"Comment\",\"target\":[\"https:\\\/\\\/unitatdaran.org\\\/es\\\/noticies\\\/lalcalde-de-vielha-reclama-la-construccio-de-la-variant-de-la-n-230\\\/#respond\"]}]},{\"@type\":\"WebPage\",\"@id\":\"https:\\\/\\\/unitatdaran.org\\\/es\\\/noticies\\\/lalcalde-de-vielha-reclama-la-construccio-de-la-variant-de-la-n-230\\\/\",\"url\":\"https:\\\/\\\/unitatdaran.org\\\/es\\\/noticies\\\/lalcalde-de-vielha-reclama-la-construccio-de-la-variant-de-la-n-230\\\/\",\"name\":\"L'alcalde de Vielha reclama la construcci\u00f3 de la variant de la N-230 - Unitat d'Aran\",\"isPartOf\":{\"@id\":\"https:\\\/\\\/unitatdaran.org\\\/es\\\/#website\"},\"datePublished\":\"2003-09-20T00:00:00+00:00\",\"breadcrumb\":{\"@id\":\"https:\\\/\\\/unitatdaran.org\\\/es\\\/noticies\\\/lalcalde-de-vielha-reclama-la-construccio-de-la-variant-de-la-n-230\\\/#breadcrumb\"},\"inLanguage\":\"es\",\"potentialAction\":[{\"@type\":\"ReadAction\",\"target\":[\"https:\\\/\\\/unitatdaran.org\\\/es\\\/noticies\\\/lalcalde-de-vielha-reclama-la-construccio-de-la-variant-de-la-n-230\\\/\"]}]},{\"@type\":\"BreadcrumbList\",\"@id\":\"https:\\\/\\\/unitatdaran.org\\\/es\\\/noticies\\\/lalcalde-de-vielha-reclama-la-construccio-de-la-variant-de-la-n-230\\\/#breadcrumb\",\"itemListElement\":[{\"@type\":\"ListItem\",\"position\":1,\"name\":\"Noticias\",\"item\":\"https:\\\/\\\/unitatdaran.org\\\/es\\\/category\\\/noticies-es\\\/\"},{\"@type\":\"ListItem\",\"position\":2,\"name\":\"L&#8217;alcalde de Vielha reclama la construcci\u00f3 de la variant de la N-230\"}]},{\"@type\":\"WebSite\",\"@id\":\"https:\\\/\\\/unitatdaran.org\\\/es\\\/#website\",\"url\":\"https:\\\/\\\/unitatdaran.org\\\/es\\\/\",\"name\":\"Unitat d'Aran\",\"description\":\"Nuestro proyecto es Aran. Aran eres t\u00fa\",\"publisher\":{\"@id\":\"https:\\\/\\\/unitatdaran.org\\\/es\\\/#organization\"},\"potentialAction\":[{\"@type\":\"SearchAction\",\"target\":{\"@type\":\"EntryPoint\",\"urlTemplate\":\"https:\\\/\\\/unitatdaran.org\\\/es\\\/?s={search_term_string}\"},\"query-input\":{\"@type\":\"PropertyValueSpecification\",\"valueRequired\":true,\"valueName\":\"search_term_string\"}}],\"inLanguage\":\"es\"},{\"@type\":\"Organization\",\"@id\":\"https:\\\/\\\/unitatdaran.org\\\/es\\\/#organization\",\"name\":\"Unitat d'Aran\",\"url\":\"https:\\\/\\\/unitatdaran.org\\\/es\\\/\",\"logo\":{\"@type\":\"ImageObject\",\"inLanguage\":\"es\",\"@id\":\"https:\\\/\\\/unitatdaran.org\\\/es\\\/#\\\/schema\\\/logo\\\/image\\\/\",\"url\":\"https:\\\/\\\/i0.wp.com\\\/unitatdaran.org\\\/wp-content\\\/uploads\\\/2021\\\/11\\\/logo.png?fit=2000%2C539&ssl=1\",\"contentUrl\":\"https:\\\/\\\/i0.wp.com\\\/unitatdaran.org\\\/wp-content\\\/uploads\\\/2021\\\/11\\\/logo.png?fit=2000%2C539&ssl=1\",\"width\":2000,\"height\":539,\"caption\":\"Unitat d'Aran\"},\"image\":{\"@id\":\"https:\\\/\\\/unitatdaran.org\\\/es\\\/#\\\/schema\\\/logo\\\/image\\\/\"},\"sameAs\":[\"https:\\\/\\\/www.facebook.com\\\/UnitatAran\",\"https:\\\/\\\/x.com\\\/unitatdaran\",\"https:\\\/\\\/instagram.com\\\/unitataran\"]},{\"@type\":\"Person\",\"@id\":\"https:\\\/\\\/unitatdaran.org\\\/es\\\/#\\\/schema\\\/person\\\/2870f7a03282b9bf0e435870415e61bb\",\"name\":\"Unitat d'Aran\",\"image\":{\"@type\":\"ImageObject\",\"inLanguage\":\"es\",\"@id\":\"https:\\\/\\\/secure.gravatar.com\\\/avatar\\\/bf8ef486d5842532d01c628a95d185dd5db38b0695bc63daa960f6506181b798?s=96&d=mm&r=g\",\"url\":\"https:\\\/\\\/secure.gravatar.com\\\/avatar\\\/bf8ef486d5842532d01c628a95d185dd5db38b0695bc63daa960f6506181b798?s=96&d=mm&r=g\",\"contentUrl\":\"https:\\\/\\\/secure.gravatar.com\\\/avatar\\\/bf8ef486d5842532d01c628a95d185dd5db38b0695bc63daa960f6506181b798?s=96&d=mm&r=g\",\"caption\":\"Unitat d'Aran\"},\"sameAs\":[\"https:\\\/\\\/new.unitatdaran.org\\\/\"],\"url\":\"https:\\\/\\\/unitatdaran.org\\\/es\\\/author\\\/admin\\\/\"}]}<\/script>\n<!-- \/ Yoast SEO plugin. -->","yoast_head_json":{"title":"L'alcalde de Vielha reclama la construcci\u00f3 de la variant de la N-230 - Unitat d'Aran","robots":{"index":"index","follow":"follow","max-snippet":"max-snippet:-1","max-image-preview":"max-image-preview:large","max-video-preview":"max-video-preview:-1"},"canonical":"https:\/\/unitatdaran.org\/es\/noticies\/lalcalde-de-vielha-reclama-la-construccio-de-la-variant-de-la-n-230\/","og_locale":"es_ES","og_type":"article","og_title":"L'alcalde de Vielha reclama la construcci\u00f3 de la variant de la N-230 - Unitat d'Aran","og_description":"L'alcalde de Vielha, Joan Riu, ha reclamat la necessitat de comen\u00e7ar a analitzar els possibles tra\u00e7ats per a la futura variant de Vielha.","og_url":"https:\/\/unitatdaran.org\/es\/noticies\/lalcalde-de-vielha-reclama-la-construccio-de-la-variant-de-la-n-230\/","og_site_name":"Unitat d'Aran","article_publisher":"https:\/\/www.facebook.com\/UnitatAran","article_published_time":"2003-09-20T00:00:00+00:00","author":"Unitat d'Aran","twitter_card":"summary_large_image","twitter_creator":"@unitatdaran","twitter_site":"@unitatdaran","twitter_misc":{"Escrito por":"Unitat d'Aran","Tiempo de lectura":"1 minuto"},"schema":{"@context":"https:\/\/schema.org","@graph":[{"@type":"Article","@id":"https:\/\/unitatdaran.org\/es\/noticies\/lalcalde-de-vielha-reclama-la-construccio-de-la-variant-de-la-n-230\/#article","isPartOf":{"@id":"https:\/\/unitatdaran.org\/es\/noticies\/lalcalde-de-vielha-reclama-la-construccio-de-la-variant-de-la-n-230\/"},"author":{"name":"Unitat d'Aran","@id":"https:\/\/unitatdaran.org\/es\/#\/schema\/person\/2870f7a03282b9bf0e435870415e61bb"},"headline":"L&#8217;alcalde de Vielha reclama la construcci\u00f3 de la variant de la N-230","datePublished":"2003-09-20T00:00:00+00:00","mainEntityOfPage":{"@id":"https:\/\/unitatdaran.org\/es\/noticies\/lalcalde-de-vielha-reclama-la-construccio-de-la-variant-de-la-n-230\/"},"wordCount":195,"commentCount":0,"publisher":{"@id":"https:\/\/unitatdaran.org\/es\/#organization"},"articleSection":["Not\u00edcies"],"inLanguage":"es","potentialAction":[{"@type":"CommentAction","name":"Comment","target":["https:\/\/unitatdaran.org\/es\/noticies\/lalcalde-de-vielha-reclama-la-construccio-de-la-variant-de-la-n-230\/#respond"]}]},{"@type":"WebPage","@id":"https:\/\/unitatdaran.org\/es\/noticies\/lalcalde-de-vielha-reclama-la-construccio-de-la-variant-de-la-n-230\/","url":"https:\/\/unitatdaran.org\/es\/noticies\/lalcalde-de-vielha-reclama-la-construccio-de-la-variant-de-la-n-230\/","name":"L'alcalde de Vielha reclama la construcci\u00f3 de la variant de la N-230 - Unitat d'Aran","isPartOf":{"@id":"https:\/\/unitatdaran.org\/es\/#website"},"datePublished":"2003-09-20T00:00:00+00:00","breadcrumb":{"@id":"https:\/\/unitatdaran.org\/es\/noticies\/lalcalde-de-vielha-reclama-la-construccio-de-la-variant-de-la-n-230\/#breadcrumb"},"inLanguage":"es","potentialAction":[{"@type":"ReadAction","target":["https:\/\/unitatdaran.org\/es\/noticies\/lalcalde-de-vielha-reclama-la-construccio-de-la-variant-de-la-n-230\/"]}]},{"@type":"BreadcrumbList","@id":"https:\/\/unitatdaran.org\/es\/noticies\/lalcalde-de-vielha-reclama-la-construccio-de-la-variant-de-la-n-230\/#breadcrumb","itemListElement":[{"@type":"ListItem","position":1,"name":"Noticias","item":"https:\/\/unitatdaran.org\/es\/category\/noticies-es\/"},{"@type":"ListItem","position":2,"name":"L&#8217;alcalde de Vielha reclama la construcci\u00f3 de la variant de la N-230"}]},{"@type":"WebSite","@id":"https:\/\/unitatdaran.org\/es\/#website","url":"https:\/\/unitatdaran.org\/es\/","name":"Unitat d'Aran","description":"Nuestro proyecto es Aran. Aran eres t\u00fa","publisher":{"@id":"https:\/\/unitatdaran.org\/es\/#organization"},"potentialAction":[{"@type":"SearchAction","target":{"@type":"EntryPoint","urlTemplate":"https:\/\/unitatdaran.org\/es\/?s={search_term_string}"},"query-input":{"@type":"PropertyValueSpecification","valueRequired":true,"valueName":"search_term_string"}}],"inLanguage":"es"},{"@type":"Organization","@id":"https:\/\/unitatdaran.org\/es\/#organization","name":"Unitat d'Aran","url":"https:\/\/unitatdaran.org\/es\/","logo":{"@type":"ImageObject","inLanguage":"es","@id":"https:\/\/unitatdaran.org\/es\/#\/schema\/logo\/image\/","url":"https:\/\/i0.wp.com\/unitatdaran.org\/wp-content\/uploads\/2021\/11\/logo.png?fit=2000%2C539&ssl=1","contentUrl":"https:\/\/i0.wp.com\/unitatdaran.org\/wp-content\/uploads\/2021\/11\/logo.png?fit=2000%2C539&ssl=1","width":2000,"height":539,"caption":"Unitat d'Aran"},"image":{"@id":"https:\/\/unitatdaran.org\/es\/#\/schema\/logo\/image\/"},"sameAs":["https:\/\/www.facebook.com\/UnitatAran","https:\/\/x.com\/unitatdaran","https:\/\/instagram.com\/unitataran"]},{"@type":"Person","@id":"https:\/\/unitatdaran.org\/es\/#\/schema\/person\/2870f7a03282b9bf0e435870415e61bb","name":"Unitat d'Aran","image":{"@type":"ImageObject","inLanguage":"es","@id":"https:\/\/secure.gravatar.com\/avatar\/bf8ef486d5842532d01c628a95d185dd5db38b0695bc63daa960f6506181b798?s=96&d=mm&r=g","url":"https:\/\/secure.gravatar.com\/avatar\/bf8ef486d5842532d01c628a95d185dd5db38b0695bc63daa960f6506181b798?s=96&d=mm&r=g","contentUrl":"https:\/\/secure.gravatar.com\/avatar\/bf8ef486d5842532d01c628a95d185dd5db38b0695bc63daa960f6506181b798?s=96&d=mm&r=g","caption":"Unitat d'Aran"},"sameAs":["https:\/\/new.unitatdaran.org\/"],"url":"https:\/\/unitatdaran.org\/es\/author\/admin\/"}]}},"jetpack_featured_media_url":"","jetpack_sharing_enabled":true,"_links":{"self":[{"href":"https:\/\/unitatdaran.org\/es\/wp-json\/wp\/v2\/posts\/5849","targetHints":{"allow":["GET"]}}],"collection":[{"href":"https:\/\/unitatdaran.org\/es\/wp-json\/wp\/v2\/posts"}],"about":[{"href":"https:\/\/unitatdaran.org\/es\/wp-json\/wp\/v2\/types\/post"}],"author":[{"embeddable":true,"href":"https:\/\/unitatdaran.org\/es\/wp-json\/wp\/v2\/users\/1"}],"replies":[{"embeddable":true,"href":"https:\/\/unitatdaran.org\/es\/wp-json\/wp\/v2\/comments?post=5849"}],"version-history":[{"count":0,"href":"https:\/\/unitatdaran.org\/es\/wp-json\/wp\/v2\/posts\/5849\/revisions"}],"wp:attachment":[{"href":"https:\/\/unitatdaran.org\/es\/wp-json\/wp\/v2\/media?parent=5849"}],"wp:term":[{"taxonomy":"category","embeddable":true,"href":"https:\/\/unitatdaran.org\/es\/wp-json\/wp\/v2\/categories?post=5849"},{"taxonomy":"post_tag","embeddable":true,"href":"https:\/\/unitatdaran.org\/es\/wp-json\/wp\/v2\/tags?post=5849"}],"curies":[{"name":"wp","href":"https:\/\/api.w.org\/{rel}","templated":true}]}}