{"id":5669,"date":"2003-01-23T00:00:00","date_gmt":"2003-01-23T00:00:00","guid":{"rendered":"http:\/\/www.unitatdaran.org\/web\/?p=5669"},"modified":"2003-01-23T00:00:00","modified_gmt":"2003-01-23T00:00:00","slug":"ciu-ens-vol-petits-i-dominats","status":"publish","type":"post","link":"https:\/\/unitatdaran.org\/es\/noticies\/ciu-ens-vol-petits-i-dominats\/","title":{"rendered":"CiU ens vol petits i dominats."},"content":{"rendered":"<p>Maragall ha anunciat la presentaci&oacute; d&#8217;una iniciativa legislativa<br \/>\n  per complir amb el mandat estatutari de dotar Catalunya d&#8217;una llei electoral<br \/>\n  pr&ograve;pia. Un fet lloable que Ciu ha estat incapa&ccedil; de fer en aquests<br \/>\n  23 anys. La proposta &eacute;s bona perqu&egrave;, tot i que en el transcurs<br \/>\n  de la seva tramitaci&oacute; pugui millorar-se, recull la vella aspiraci&oacute;<br \/>\n  de que cada comarca tingui el seu diputat. Una reivindicaci&oacute;, entre d&#8217;altres,<br \/>\n  de l&#8217; alcalde de Solsona, el Sr. Ramon Llum&agrave; que, des de fa anys<br \/>\n  i panys, reclama al seu partit aquesta representativitat comarcal en el si del<br \/>\n  Parlament sense aconseguir-ho. Per tant, tots els escarafalls fets en aquests<br \/>\n  dies pels cridaners de CiU amb Pujol i Mas al capdavant, s&oacute;n pura estrat&egrave;gia<br \/>\n  electoral. <br \/>\n  CiU no t&eacute; esme ni per complir all&ograve; que l&#8217;Estatut de Catalunya<br \/>\n  diu que s&#8217;ha de fer. I si en aquests 23 anys ha sigut incapa&ccedil; de<br \/>\n  complir-ho, ara, alg&uacute; es pot creure que el Sr. Mas, a qui ja comencen<br \/>\n  a retirar de la primera fila electoral, podr&agrave; fer-ne un de nou o tant<br \/>\n  sols reformar-lo? <br \/>\n  CiU t&eacute; un projecte de partit, s&iacute;, per&ograve; mai ha tingut un<br \/>\n  projecte de pa&iacute;s. Per aix&ograve;, la Catalunya d&#8217;avui &eacute;s,<br \/>\n  b&agrave;sicament, el reflex de la dualitat nacionalista: viure a la ciutat<br \/>\n  mirant amb melangia el m&oacute;n rural. &Eacute;s la visi&oacute; hereva, per&ograve;<br \/>\n  deformada fins la caricatura de les velles idees del segle XIX que, &ograve;bviament,<br \/>\n  ja no serveixen per al segle XXI . <br \/>\n  Perqu&egrave; darrera del discurs &#8220;simpl&oacute;&#8221; de si s&#8217;estima<br \/>\n  o no el pa&iacute;s, dels bons i mals catalans, el que en realitat hi ha, &eacute;s<br \/>\n  la imatge d&#8217;una Catalunya enfrontada, dividida per l&#8217;inter&egrave;s<br \/>\n  pol&iacute;tic d&#8217;uns pocs que ho controlen casi tot i que, s&#8217;han<br \/>\n  fet el pa&iacute;s a la seva mida. L&#8217;han esmicolat, enfrontant el camp<br \/>\n  i la ciutat; la muntanya i la plana; reproduint aquesta dualitat pol&iacute;tica<br \/>\n  i territorial de bons i dolents. &Eacute;s la simplificaci&oacute; absurda i<br \/>\n  rancorosa de la rica complexitat que t&eacute; aquest pa&iacute;s. <br \/>\n  Maragall, &#8211;els que l&#8217;hem escoltat aquests dies que ha estat per<br \/>\n  les terres del Pirineu i de Lleida, ho sabem&#8211; diu un altra cosa ben diferent<br \/>\n  als cataclismes anunciats pels mals averanys dels convergents. Maragall diu:<br \/>\n  la Catalunya plural i diversa ha de tenir veus que la representin, amb autoritat<br \/>\n  i legitimitat democr&agrave;tica. I aquestes veus, no nom&eacute;s han d&#8217;estar<br \/>\n  en el Parlament, que tamb&eacute;, sin&oacute; en el mateix Govern de Catalunya<br \/>\n  i per aquesta ra&oacute;, va anunciar a Lleida que els delegats territorials<br \/>\n  del seu Govern participaran en reunions de l&#8217;executiu per fer participar<br \/>\n  els territoris en la presa de decisions que els afectin. &Eacute;s, per tant,<br \/>\n  un altra visi&oacute; de Catalunya. Una visi&oacute; en sintonia amb la Catalunya<br \/>\n  real, i sobretot, una visi&oacute; que explica un projecte, que &eacute;s el<br \/>\n  que avui li manca a aquest pa&iacute;s. Un projecte que, com va passar l&#8217;any<br \/>\n  1992, ens torni a situar al m&oacute;n i ens faci recuperar l&#8217;ambici&oacute;<br \/>\n  per avan&ccedil;ar. <br \/>\n  Els 23 anys de CiU ens han portat a un pa&iacute;s dual, fet a la mesura d&#8217;un<br \/>\n  president que l&#8217;ha volgut petit per abastar-lo personalment i gestionar<br \/>\n  directament, fins i tot, el m&eacute;s quotidi&agrave;. I si b&eacute; aix&ograve;<br \/>\n  ho ha fet, tamb&eacute; &eacute;s cert que no ha sabut impulsat r&eacute;s de<br \/>\n  gran, d&#8217;important, per situar aquest pa&iacute;s al m&oacute;n. Les dues<br \/>\n  coses que han projectat Catalunya a l&#8217;exterior les haur&agrave; pensat<br \/>\n  i imaginat Pasqual Maragall. Els Jocs Ol&iacute;mpics i el F&ograve;rum 2004.<br \/>\n  <br \/>\n  S&oacute;n dues maneres d&#8217;entendre Catalunya. L&#8217;una de projecci&oacute;<br \/>\n  ambiciosa i decidida. L&#8217;altra minimalista, tancada en si mateixa i fomentant<br \/>\n  l&#8217;enfrontament i la dualitat. <br \/>\n  Catalunya ha de ser un pa&iacute;s obert i ambici&oacute;s d&#8217;un futur<br \/>\n  m&eacute;s pr&ograve;sper. Aix&ograve; nom&eacute;s ser&agrave; possible si<br \/>\n  deixem enrera aquesta visi&oacute; tancada i resistencialista que representa<br \/>\n  CiU i fem un salt endavant que ens permeti afirmar-nos en un projecte &uacute;nic,<br \/>\n  on totes les veus i diversitats de Catalunya i siguin presents. <br \/>\n  L&#8217;evid&egrave;ncia de l&#8217;esgotament de CiU, &eacute;s ara m&eacute;s<br \/>\n  present i m&eacute;s pat&egrave;tic que mai. La seva manca d&#8217;idees i ambici&oacute;<br \/>\n  els porta a l&#8217;atac personal i barruer. Resulta pen&oacute;s. Aix&iacute;,<br \/>\n  Catalunya s&#8217;empetiteix i es fa provinciana. El que volem els catalans<br \/>\n  no &eacute;s aquesta Catalunya ni aquest debat pol&iacute;tic de l&#8217;enfrontament<br \/>\n  entre &#8220;provincies&#8221;. El que volem &eacute;s una Catalunya gran, cosmopolita<br \/>\n  i on les regions naturals que la conformen tinguin representaci&oacute; i eines<br \/>\n  per contribuir a fer cr&eacute;ixer el projecte com&uacute;. Ja s&#8217;ha vist<br \/>\n  que aix&ograve; amb CiU no &eacute;s possible, ells ens volen petits i dominats.\n<\/p>\n<p>\n  Francesc Boya i Al&oacute;s <br \/>\n  Diputat del Psc- Ciutadans pel Canvi i <br \/>\n  Secretari General d&#8217;unitat d&#8217;Aran <\/p>\n","protected":false},"excerpt":{"rendered":"<p>Un dels greus inconvenients de passar 23 anys en el poder \u00e9s que la sequera d\u2019idees i d\u2019iniciatives et converteix en pou sec i  terra erma . Aquest \u00e9s, des de fa temps, un dels problemes, amb tints de drama, que viu  Converg\u00e8ncia i Uni\u00f3.<\/p>\n","protected":false},"author":1,"featured_media":0,"comment_status":"open","ping_status":"open","sticky":false,"template":"","format":"standard","meta":{"_acf_changed":false,"_jetpack_memberships_contains_paid_content":false,"footnotes":""},"categories":[8],"tags":[],"class_list":["post-5669","post","type-post","status-publish","format-standard","hentry","category-noticies"],"acf":[],"yoast_head":"<!-- This site is optimized with the Yoast SEO plugin v27.5 - https:\/\/yoast.com\/product\/yoast-seo-wordpress\/ -->\n<title>CiU ens vol petits i dominats. - Unitat d&#039;Aran<\/title>\n<meta name=\"robots\" content=\"index, follow, max-snippet:-1, max-image-preview:large, max-video-preview:-1\" \/>\n<link rel=\"canonical\" href=\"https:\/\/unitatdaran.org\/es\/noticies\/ciu-ens-vol-petits-i-dominats\/\" \/>\n<meta property=\"og:locale\" content=\"es_ES\" \/>\n<meta property=\"og:type\" content=\"article\" \/>\n<meta property=\"og:title\" content=\"CiU ens vol petits i dominats. - Unitat d&#039;Aran\" \/>\n<meta property=\"og:description\" content=\"Un dels greus inconvenients de passar 23 anys en el poder \u00e9s que la sequera d\u2019idees i d\u2019iniciatives et converteix en pou sec i terra erma . Aquest \u00e9s, des de fa temps, un dels problemes, amb tints de drama, que viu Converg\u00e8ncia i Uni\u00f3.\" \/>\n<meta property=\"og:url\" content=\"https:\/\/unitatdaran.org\/es\/noticies\/ciu-ens-vol-petits-i-dominats\/\" \/>\n<meta property=\"og:site_name\" content=\"Unitat d&#039;Aran\" \/>\n<meta property=\"article:publisher\" content=\"https:\/\/www.facebook.com\/UnitatAran\" \/>\n<meta property=\"article:published_time\" content=\"2003-01-23T00:00:00+00:00\" \/>\n<meta name=\"author\" content=\"Unitat d&#039;Aran\" \/>\n<meta name=\"twitter:card\" content=\"summary_large_image\" \/>\n<meta name=\"twitter:creator\" content=\"@unitatdaran\" \/>\n<meta name=\"twitter:site\" content=\"@unitatdaran\" \/>\n<meta name=\"twitter:label1\" content=\"Escrito por\" \/>\n\t<meta name=\"twitter:data1\" content=\"Unitat d&#039;Aran\" \/>\n\t<meta name=\"twitter:label2\" content=\"Tiempo de lectura\" \/>\n\t<meta name=\"twitter:data2\" content=\"5 minutos\" \/>\n<script type=\"application\/ld+json\" class=\"yoast-schema-graph\">{\"@context\":\"https:\\\/\\\/schema.org\",\"@graph\":[{\"@type\":\"Article\",\"@id\":\"https:\\\/\\\/unitatdaran.org\\\/es\\\/noticies\\\/ciu-ens-vol-petits-i-dominats\\\/#article\",\"isPartOf\":{\"@id\":\"https:\\\/\\\/unitatdaran.org\\\/es\\\/noticies\\\/ciu-ens-vol-petits-i-dominats\\\/\"},\"author\":{\"name\":\"Unitat d'Aran\",\"@id\":\"https:\\\/\\\/unitatdaran.org\\\/es\\\/#\\\/schema\\\/person\\\/2870f7a03282b9bf0e435870415e61bb\"},\"headline\":\"CiU ens vol petits i dominats.\",\"datePublished\":\"2003-01-23T00:00:00+00:00\",\"mainEntityOfPage\":{\"@id\":\"https:\\\/\\\/unitatdaran.org\\\/es\\\/noticies\\\/ciu-ens-vol-petits-i-dominats\\\/\"},\"wordCount\":926,\"commentCount\":0,\"publisher\":{\"@id\":\"https:\\\/\\\/unitatdaran.org\\\/es\\\/#organization\"},\"articleSection\":[\"Not\u00edcies\"],\"inLanguage\":\"es\",\"potentialAction\":[{\"@type\":\"CommentAction\",\"name\":\"Comment\",\"target\":[\"https:\\\/\\\/unitatdaran.org\\\/es\\\/noticies\\\/ciu-ens-vol-petits-i-dominats\\\/#respond\"]}]},{\"@type\":\"WebPage\",\"@id\":\"https:\\\/\\\/unitatdaran.org\\\/es\\\/noticies\\\/ciu-ens-vol-petits-i-dominats\\\/\",\"url\":\"https:\\\/\\\/unitatdaran.org\\\/es\\\/noticies\\\/ciu-ens-vol-petits-i-dominats\\\/\",\"name\":\"CiU ens vol petits i dominats. - Unitat d'Aran\",\"isPartOf\":{\"@id\":\"https:\\\/\\\/unitatdaran.org\\\/es\\\/#website\"},\"datePublished\":\"2003-01-23T00:00:00+00:00\",\"breadcrumb\":{\"@id\":\"https:\\\/\\\/unitatdaran.org\\\/es\\\/noticies\\\/ciu-ens-vol-petits-i-dominats\\\/#breadcrumb\"},\"inLanguage\":\"es\",\"potentialAction\":[{\"@type\":\"ReadAction\",\"target\":[\"https:\\\/\\\/unitatdaran.org\\\/es\\\/noticies\\\/ciu-ens-vol-petits-i-dominats\\\/\"]}]},{\"@type\":\"BreadcrumbList\",\"@id\":\"https:\\\/\\\/unitatdaran.org\\\/es\\\/noticies\\\/ciu-ens-vol-petits-i-dominats\\\/#breadcrumb\",\"itemListElement\":[{\"@type\":\"ListItem\",\"position\":1,\"name\":\"Noticias\",\"item\":\"https:\\\/\\\/unitatdaran.org\\\/es\\\/category\\\/noticies-es\\\/\"},{\"@type\":\"ListItem\",\"position\":2,\"name\":\"CiU ens vol petits i dominats.\"}]},{\"@type\":\"WebSite\",\"@id\":\"https:\\\/\\\/unitatdaran.org\\\/es\\\/#website\",\"url\":\"https:\\\/\\\/unitatdaran.org\\\/es\\\/\",\"name\":\"Unitat d'Aran\",\"description\":\"Nuestro proyecto es Aran. Aran eres t\u00fa\",\"publisher\":{\"@id\":\"https:\\\/\\\/unitatdaran.org\\\/es\\\/#organization\"},\"potentialAction\":[{\"@type\":\"SearchAction\",\"target\":{\"@type\":\"EntryPoint\",\"urlTemplate\":\"https:\\\/\\\/unitatdaran.org\\\/es\\\/?s={search_term_string}\"},\"query-input\":{\"@type\":\"PropertyValueSpecification\",\"valueRequired\":true,\"valueName\":\"search_term_string\"}}],\"inLanguage\":\"es\"},{\"@type\":\"Organization\",\"@id\":\"https:\\\/\\\/unitatdaran.org\\\/es\\\/#organization\",\"name\":\"Unitat d'Aran\",\"url\":\"https:\\\/\\\/unitatdaran.org\\\/es\\\/\",\"logo\":{\"@type\":\"ImageObject\",\"inLanguage\":\"es\",\"@id\":\"https:\\\/\\\/unitatdaran.org\\\/es\\\/#\\\/schema\\\/logo\\\/image\\\/\",\"url\":\"https:\\\/\\\/i0.wp.com\\\/unitatdaran.org\\\/wp-content\\\/uploads\\\/2021\\\/11\\\/logo.png?fit=2000%2C539&ssl=1\",\"contentUrl\":\"https:\\\/\\\/i0.wp.com\\\/unitatdaran.org\\\/wp-content\\\/uploads\\\/2021\\\/11\\\/logo.png?fit=2000%2C539&ssl=1\",\"width\":2000,\"height\":539,\"caption\":\"Unitat d'Aran\"},\"image\":{\"@id\":\"https:\\\/\\\/unitatdaran.org\\\/es\\\/#\\\/schema\\\/logo\\\/image\\\/\"},\"sameAs\":[\"https:\\\/\\\/www.facebook.com\\\/UnitatAran\",\"https:\\\/\\\/x.com\\\/unitatdaran\",\"https:\\\/\\\/instagram.com\\\/unitataran\"]},{\"@type\":\"Person\",\"@id\":\"https:\\\/\\\/unitatdaran.org\\\/es\\\/#\\\/schema\\\/person\\\/2870f7a03282b9bf0e435870415e61bb\",\"name\":\"Unitat d'Aran\",\"image\":{\"@type\":\"ImageObject\",\"inLanguage\":\"es\",\"@id\":\"https:\\\/\\\/secure.gravatar.com\\\/avatar\\\/bf8ef486d5842532d01c628a95d185dd5db38b0695bc63daa960f6506181b798?s=96&d=mm&r=g\",\"url\":\"https:\\\/\\\/secure.gravatar.com\\\/avatar\\\/bf8ef486d5842532d01c628a95d185dd5db38b0695bc63daa960f6506181b798?s=96&d=mm&r=g\",\"contentUrl\":\"https:\\\/\\\/secure.gravatar.com\\\/avatar\\\/bf8ef486d5842532d01c628a95d185dd5db38b0695bc63daa960f6506181b798?s=96&d=mm&r=g\",\"caption\":\"Unitat d'Aran\"},\"sameAs\":[\"https:\\\/\\\/new.unitatdaran.org\\\/\"],\"url\":\"https:\\\/\\\/unitatdaran.org\\\/es\\\/author\\\/admin\\\/\"}]}<\/script>\n<!-- \/ Yoast SEO plugin. -->","yoast_head_json":{"title":"CiU ens vol petits i dominats. - Unitat d'Aran","robots":{"index":"index","follow":"follow","max-snippet":"max-snippet:-1","max-image-preview":"max-image-preview:large","max-video-preview":"max-video-preview:-1"},"canonical":"https:\/\/unitatdaran.org\/es\/noticies\/ciu-ens-vol-petits-i-dominats\/","og_locale":"es_ES","og_type":"article","og_title":"CiU ens vol petits i dominats. - Unitat d'Aran","og_description":"Un dels greus inconvenients de passar 23 anys en el poder \u00e9s que la sequera d\u2019idees i d\u2019iniciatives et converteix en pou sec i terra erma . Aquest \u00e9s, des de fa temps, un dels problemes, amb tints de drama, que viu Converg\u00e8ncia i Uni\u00f3.","og_url":"https:\/\/unitatdaran.org\/es\/noticies\/ciu-ens-vol-petits-i-dominats\/","og_site_name":"Unitat d'Aran","article_publisher":"https:\/\/www.facebook.com\/UnitatAran","article_published_time":"2003-01-23T00:00:00+00:00","author":"Unitat d'Aran","twitter_card":"summary_large_image","twitter_creator":"@unitatdaran","twitter_site":"@unitatdaran","twitter_misc":{"Escrito por":"Unitat d'Aran","Tiempo de lectura":"5 minutos"},"schema":{"@context":"https:\/\/schema.org","@graph":[{"@type":"Article","@id":"https:\/\/unitatdaran.org\/es\/noticies\/ciu-ens-vol-petits-i-dominats\/#article","isPartOf":{"@id":"https:\/\/unitatdaran.org\/es\/noticies\/ciu-ens-vol-petits-i-dominats\/"},"author":{"name":"Unitat d'Aran","@id":"https:\/\/unitatdaran.org\/es\/#\/schema\/person\/2870f7a03282b9bf0e435870415e61bb"},"headline":"CiU ens vol petits i dominats.","datePublished":"2003-01-23T00:00:00+00:00","mainEntityOfPage":{"@id":"https:\/\/unitatdaran.org\/es\/noticies\/ciu-ens-vol-petits-i-dominats\/"},"wordCount":926,"commentCount":0,"publisher":{"@id":"https:\/\/unitatdaran.org\/es\/#organization"},"articleSection":["Not\u00edcies"],"inLanguage":"es","potentialAction":[{"@type":"CommentAction","name":"Comment","target":["https:\/\/unitatdaran.org\/es\/noticies\/ciu-ens-vol-petits-i-dominats\/#respond"]}]},{"@type":"WebPage","@id":"https:\/\/unitatdaran.org\/es\/noticies\/ciu-ens-vol-petits-i-dominats\/","url":"https:\/\/unitatdaran.org\/es\/noticies\/ciu-ens-vol-petits-i-dominats\/","name":"CiU ens vol petits i dominats. - Unitat d'Aran","isPartOf":{"@id":"https:\/\/unitatdaran.org\/es\/#website"},"datePublished":"2003-01-23T00:00:00+00:00","breadcrumb":{"@id":"https:\/\/unitatdaran.org\/es\/noticies\/ciu-ens-vol-petits-i-dominats\/#breadcrumb"},"inLanguage":"es","potentialAction":[{"@type":"ReadAction","target":["https:\/\/unitatdaran.org\/es\/noticies\/ciu-ens-vol-petits-i-dominats\/"]}]},{"@type":"BreadcrumbList","@id":"https:\/\/unitatdaran.org\/es\/noticies\/ciu-ens-vol-petits-i-dominats\/#breadcrumb","itemListElement":[{"@type":"ListItem","position":1,"name":"Noticias","item":"https:\/\/unitatdaran.org\/es\/category\/noticies-es\/"},{"@type":"ListItem","position":2,"name":"CiU ens vol petits i dominats."}]},{"@type":"WebSite","@id":"https:\/\/unitatdaran.org\/es\/#website","url":"https:\/\/unitatdaran.org\/es\/","name":"Unitat d'Aran","description":"Nuestro proyecto es Aran. Aran eres t\u00fa","publisher":{"@id":"https:\/\/unitatdaran.org\/es\/#organization"},"potentialAction":[{"@type":"SearchAction","target":{"@type":"EntryPoint","urlTemplate":"https:\/\/unitatdaran.org\/es\/?s={search_term_string}"},"query-input":{"@type":"PropertyValueSpecification","valueRequired":true,"valueName":"search_term_string"}}],"inLanguage":"es"},{"@type":"Organization","@id":"https:\/\/unitatdaran.org\/es\/#organization","name":"Unitat d'Aran","url":"https:\/\/unitatdaran.org\/es\/","logo":{"@type":"ImageObject","inLanguage":"es","@id":"https:\/\/unitatdaran.org\/es\/#\/schema\/logo\/image\/","url":"https:\/\/i0.wp.com\/unitatdaran.org\/wp-content\/uploads\/2021\/11\/logo.png?fit=2000%2C539&ssl=1","contentUrl":"https:\/\/i0.wp.com\/unitatdaran.org\/wp-content\/uploads\/2021\/11\/logo.png?fit=2000%2C539&ssl=1","width":2000,"height":539,"caption":"Unitat d'Aran"},"image":{"@id":"https:\/\/unitatdaran.org\/es\/#\/schema\/logo\/image\/"},"sameAs":["https:\/\/www.facebook.com\/UnitatAran","https:\/\/x.com\/unitatdaran","https:\/\/instagram.com\/unitataran"]},{"@type":"Person","@id":"https:\/\/unitatdaran.org\/es\/#\/schema\/person\/2870f7a03282b9bf0e435870415e61bb","name":"Unitat d'Aran","image":{"@type":"ImageObject","inLanguage":"es","@id":"https:\/\/secure.gravatar.com\/avatar\/bf8ef486d5842532d01c628a95d185dd5db38b0695bc63daa960f6506181b798?s=96&d=mm&r=g","url":"https:\/\/secure.gravatar.com\/avatar\/bf8ef486d5842532d01c628a95d185dd5db38b0695bc63daa960f6506181b798?s=96&d=mm&r=g","contentUrl":"https:\/\/secure.gravatar.com\/avatar\/bf8ef486d5842532d01c628a95d185dd5db38b0695bc63daa960f6506181b798?s=96&d=mm&r=g","caption":"Unitat d'Aran"},"sameAs":["https:\/\/new.unitatdaran.org\/"],"url":"https:\/\/unitatdaran.org\/es\/author\/admin\/"}]}},"jetpack_featured_media_url":"","jetpack_sharing_enabled":true,"_links":{"self":[{"href":"https:\/\/unitatdaran.org\/es\/wp-json\/wp\/v2\/posts\/5669","targetHints":{"allow":["GET"]}}],"collection":[{"href":"https:\/\/unitatdaran.org\/es\/wp-json\/wp\/v2\/posts"}],"about":[{"href":"https:\/\/unitatdaran.org\/es\/wp-json\/wp\/v2\/types\/post"}],"author":[{"embeddable":true,"href":"https:\/\/unitatdaran.org\/es\/wp-json\/wp\/v2\/users\/1"}],"replies":[{"embeddable":true,"href":"https:\/\/unitatdaran.org\/es\/wp-json\/wp\/v2\/comments?post=5669"}],"version-history":[{"count":0,"href":"https:\/\/unitatdaran.org\/es\/wp-json\/wp\/v2\/posts\/5669\/revisions"}],"wp:attachment":[{"href":"https:\/\/unitatdaran.org\/es\/wp-json\/wp\/v2\/media?parent=5669"}],"wp:term":[{"taxonomy":"category","embeddable":true,"href":"https:\/\/unitatdaran.org\/es\/wp-json\/wp\/v2\/categories?post=5669"},{"taxonomy":"post_tag","embeddable":true,"href":"https:\/\/unitatdaran.org\/es\/wp-json\/wp\/v2\/tags?post=5669"}],"curies":[{"name":"wp","href":"https:\/\/api.w.org\/{rel}","templated":true}]}}