{"id":13312,"date":"2025-11-20T15:39:12","date_gmt":"2025-11-20T13:39:12","guid":{"rendered":"https:\/\/unitatdaran.org\/convergencia-aranesa-censura-al-portavoz-de-ua-en-el-ayuntamiento-de-naut-aran\/"},"modified":"2025-11-20T20:06:38","modified_gmt":"2025-11-20T18:06:38","slug":"convergencia-aranesa-censura-al-portavoz-de-ua-en-el-ayuntamiento-de-naut-aran","status":"publish","type":"post","link":"https:\/\/unitatdaran.org\/es\/noticies-es\/convergencia-aranesa-censura-al-portavoz-de-ua-en-el-ayuntamiento-de-naut-aran\/","title":{"rendered":"Convergencia Aranesa censura al portavoz de UA en el Ayuntamiento de Naut Aran"},"content":{"rendered":"\n<p>Durante el pleno del Ayuntamiento de Naut Aran celebrado esta ma\u00f1ana, el alcalde de este municipio ha retirado el derecho a la palabra del portavoz de Unitat d\u2019Aran, Marc Tarrau, a quien no ha permitido expresar su opini\u00f3n en la sesi\u00f3n plenaria en la que se debat\u00eda el presupuesto de la corporaci\u00f3n para 2026.<\/p>\n\n<p>Unitat d\u2019Aran en Naut Aran ha expresado su rechazo a esta pr\u00e1ctica antidemocr\u00e1tica e impropia de un representante p\u00fablico.<\/p>\n\n<p>La negativa del alcalde de Naut Aran a conceder la palabra al portavoz de UA se ha producido en el momento en que Tarrau reclamaba que el presupuesto del municipio deb\u00eda incorporar una partida destinada a acciones en el marco de la promoci\u00f3n de la igualdad entre hombres y mujeres, especialmente teniendo en cuenta que el gobierno municipal de Converg\u00e9ncia cuenta con una concejal\u00eda espec\u00edfica de igualdad.<\/p>\n\n<p>En este sentido, UA se ha abstenido en la votaci\u00f3n del presupuesto para 2026 y ha vuelto a pedir la dimisi\u00f3n del alcalde de Naut Aran (Convergencia Aranesa) por su condena por abuso sexual hecha p\u00fablica en las \u00faltimas semanas. Asimismo, Tarrau ha reclamado que el partido Convergencia Aranesa se manifieste sobre esta cuesti\u00f3n porque, seg\u00fan ha dicho, <strong>\u201csolo hay un silencio c\u00f3mplice respecto a esta cuesti\u00f3n\u201d.<\/strong> <\/p>\n\n<p class=\"has-text-align-right\"><em>Val d\u2019Aran, 20 de noviembre de 2025<\/em><\/p>\n","protected":false},"excerpt":{"rendered":"<p>Durante el pleno del Ayuntamiento de Naut Aran celebrado esta ma\u00f1ana, el alcalde de este municipio ha retirado el derecho a la palabra del portavoz de Unitat d\u2019Aran, Marc Tarrau, a quien no ha permitido expresar su opini\u00f3n en la sesi\u00f3n plenaria en la que se debat\u00eda el presupuesto de la corporaci\u00f3n para 2026. Unitat [&hellip;]<\/p>\n","protected":false},"author":1,"featured_media":12878,"comment_status":"open","ping_status":"open","sticky":false,"template":"","format":"standard","meta":{"_acf_changed":false,"_jetpack_memberships_contains_paid_content":false,"footnotes":""},"categories":[85],"tags":[],"class_list":["post-13312","post","type-post","status-publish","format-standard","has-post-thumbnail","hentry","category-noticies-es"],"acf":[],"yoast_head":"<!-- This site is optimized with the Yoast SEO plugin v27.5 - https:\/\/yoast.com\/product\/yoast-seo-wordpress\/ -->\n<title>Convergencia Aranesa censura al portavoz de UA en el Ayuntamiento de Naut Aran - Unitat d&#039;Aran<\/title>\n<meta name=\"robots\" content=\"index, follow, max-snippet:-1, max-image-preview:large, max-video-preview:-1\" \/>\n<link rel=\"canonical\" href=\"https:\/\/unitatdaran.org\/es\/noticies-es\/convergencia-aranesa-censura-al-portavoz-de-ua-en-el-ayuntamiento-de-naut-aran\/\" \/>\n<meta property=\"og:locale\" content=\"es_ES\" \/>\n<meta property=\"og:type\" content=\"article\" \/>\n<meta property=\"og:title\" content=\"Convergencia Aranesa censura al portavoz de UA en el Ayuntamiento de Naut Aran - Unitat d&#039;Aran\" \/>\n<meta property=\"og:description\" content=\"Durante el pleno del Ayuntamiento de Naut Aran celebrado esta ma\u00f1ana, el alcalde de este municipio ha retirado el derecho a la palabra del portavoz de Unitat d\u2019Aran, Marc Tarrau, a quien no ha permitido expresar su opini\u00f3n en la sesi\u00f3n plenaria en la que se debat\u00eda el presupuesto de la corporaci\u00f3n para 2026. Unitat [&hellip;]\" \/>\n<meta property=\"og:url\" content=\"https:\/\/unitatdaran.org\/es\/noticies-es\/convergencia-aranesa-censura-al-portavoz-de-ua-en-el-ayuntamiento-de-naut-aran\/\" \/>\n<meta property=\"og:site_name\" content=\"Unitat d&#039;Aran\" \/>\n<meta property=\"article:publisher\" content=\"https:\/\/www.facebook.com\/UnitatAran\" \/>\n<meta property=\"article:published_time\" content=\"2025-11-20T13:39:12+00:00\" \/>\n<meta property=\"article:modified_time\" content=\"2025-11-20T18:06:38+00:00\" \/>\n<meta property=\"og:image\" content=\"https:\/\/i0.wp.com\/unitatdaran.org\/wp-content\/uploads\/2024\/12\/1a78d6f4-0811-4737-9268-8a5bd488875e.jpg?fit=2048%2C1536&ssl=1\" \/>\n\t<meta property=\"og:image:width\" content=\"2048\" \/>\n\t<meta property=\"og:image:height\" content=\"1536\" \/>\n\t<meta property=\"og:image:type\" content=\"image\/jpeg\" \/>\n<meta name=\"author\" content=\"Unitat d&#039;Aran\" \/>\n<meta name=\"twitter:card\" content=\"summary_large_image\" \/>\n<meta name=\"twitter:creator\" content=\"@unitatdaran\" \/>\n<meta name=\"twitter:site\" content=\"@unitatdaran\" \/>\n<meta name=\"twitter:label1\" content=\"Escrito por\" \/>\n\t<meta name=\"twitter:data1\" content=\"Unitat d&#039;Aran\" \/>\n\t<meta name=\"twitter:label2\" content=\"Tiempo de lectura\" \/>\n\t<meta name=\"twitter:data2\" content=\"1 minuto\" \/>\n<script type=\"application\/ld+json\" class=\"yoast-schema-graph\">{\"@context\":\"https:\\\/\\\/schema.org\",\"@graph\":[{\"@type\":\"Article\",\"@id\":\"https:\\\/\\\/unitatdaran.org\\\/es\\\/noticies-es\\\/convergencia-aranesa-censura-al-portavoz-de-ua-en-el-ayuntamiento-de-naut-aran\\\/#article\",\"isPartOf\":{\"@id\":\"https:\\\/\\\/unitatdaran.org\\\/es\\\/noticies-es\\\/convergencia-aranesa-censura-al-portavoz-de-ua-en-el-ayuntamiento-de-naut-aran\\\/\"},\"author\":{\"name\":\"Unitat d'Aran\",\"@id\":\"https:\\\/\\\/unitatdaran.org\\\/es\\\/#\\\/schema\\\/person\\\/2870f7a03282b9bf0e435870415e61bb\"},\"headline\":\"Convergencia Aranesa censura al portavoz de UA en el Ayuntamiento de Naut Aran\",\"datePublished\":\"2025-11-20T13:39:12+00:00\",\"dateModified\":\"2025-11-20T18:06:38+00:00\",\"mainEntityOfPage\":{\"@id\":\"https:\\\/\\\/unitatdaran.org\\\/es\\\/noticies-es\\\/convergencia-aranesa-censura-al-portavoz-de-ua-en-el-ayuntamiento-de-naut-aran\\\/\"},\"wordCount\":246,\"commentCount\":0,\"publisher\":{\"@id\":\"https:\\\/\\\/unitatdaran.org\\\/es\\\/#organization\"},\"image\":{\"@id\":\"https:\\\/\\\/unitatdaran.org\\\/es\\\/noticies-es\\\/convergencia-aranesa-censura-al-portavoz-de-ua-en-el-ayuntamiento-de-naut-aran\\\/#primaryimage\"},\"thumbnailUrl\":\"https:\\\/\\\/i0.wp.com\\\/unitatdaran.org\\\/wp-content\\\/uploads\\\/2024\\\/12\\\/1a78d6f4-0811-4737-9268-8a5bd488875e.jpg?fit=2048%2C1536&ssl=1\",\"articleSection\":[\"Noticias\"],\"inLanguage\":\"es\",\"potentialAction\":[{\"@type\":\"CommentAction\",\"name\":\"Comment\",\"target\":[\"https:\\\/\\\/unitatdaran.org\\\/es\\\/noticies-es\\\/convergencia-aranesa-censura-al-portavoz-de-ua-en-el-ayuntamiento-de-naut-aran\\\/#respond\"]}]},{\"@type\":\"WebPage\",\"@id\":\"https:\\\/\\\/unitatdaran.org\\\/es\\\/noticies-es\\\/convergencia-aranesa-censura-al-portavoz-de-ua-en-el-ayuntamiento-de-naut-aran\\\/\",\"url\":\"https:\\\/\\\/unitatdaran.org\\\/es\\\/noticies-es\\\/convergencia-aranesa-censura-al-portavoz-de-ua-en-el-ayuntamiento-de-naut-aran\\\/\",\"name\":\"Convergencia Aranesa censura al portavoz de UA en el Ayuntamiento de Naut Aran - Unitat d'Aran\",\"isPartOf\":{\"@id\":\"https:\\\/\\\/unitatdaran.org\\\/es\\\/#website\"},\"primaryImageOfPage\":{\"@id\":\"https:\\\/\\\/unitatdaran.org\\\/es\\\/noticies-es\\\/convergencia-aranesa-censura-al-portavoz-de-ua-en-el-ayuntamiento-de-naut-aran\\\/#primaryimage\"},\"image\":{\"@id\":\"https:\\\/\\\/unitatdaran.org\\\/es\\\/noticies-es\\\/convergencia-aranesa-censura-al-portavoz-de-ua-en-el-ayuntamiento-de-naut-aran\\\/#primaryimage\"},\"thumbnailUrl\":\"https:\\\/\\\/i0.wp.com\\\/unitatdaran.org\\\/wp-content\\\/uploads\\\/2024\\\/12\\\/1a78d6f4-0811-4737-9268-8a5bd488875e.jpg?fit=2048%2C1536&ssl=1\",\"datePublished\":\"2025-11-20T13:39:12+00:00\",\"dateModified\":\"2025-11-20T18:06:38+00:00\",\"breadcrumb\":{\"@id\":\"https:\\\/\\\/unitatdaran.org\\\/es\\\/noticies-es\\\/convergencia-aranesa-censura-al-portavoz-de-ua-en-el-ayuntamiento-de-naut-aran\\\/#breadcrumb\"},\"inLanguage\":\"es\",\"potentialAction\":[{\"@type\":\"ReadAction\",\"target\":[\"https:\\\/\\\/unitatdaran.org\\\/es\\\/noticies-es\\\/convergencia-aranesa-censura-al-portavoz-de-ua-en-el-ayuntamiento-de-naut-aran\\\/\"]}]},{\"@type\":\"ImageObject\",\"inLanguage\":\"es\",\"@id\":\"https:\\\/\\\/unitatdaran.org\\\/es\\\/noticies-es\\\/convergencia-aranesa-censura-al-portavoz-de-ua-en-el-ayuntamiento-de-naut-aran\\\/#primaryimage\",\"url\":\"https:\\\/\\\/i0.wp.com\\\/unitatdaran.org\\\/wp-content\\\/uploads\\\/2024\\\/12\\\/1a78d6f4-0811-4737-9268-8a5bd488875e.jpg?fit=2048%2C1536&ssl=1\",\"contentUrl\":\"https:\\\/\\\/i0.wp.com\\\/unitatdaran.org\\\/wp-content\\\/uploads\\\/2024\\\/12\\\/1a78d6f4-0811-4737-9268-8a5bd488875e.jpg?fit=2048%2C1536&ssl=1\",\"width\":2048,\"height\":1536},{\"@type\":\"BreadcrumbList\",\"@id\":\"https:\\\/\\\/unitatdaran.org\\\/es\\\/noticies-es\\\/convergencia-aranesa-censura-al-portavoz-de-ua-en-el-ayuntamiento-de-naut-aran\\\/#breadcrumb\",\"itemListElement\":[{\"@type\":\"ListItem\",\"position\":1,\"name\":\"Noticias\",\"item\":\"https:\\\/\\\/unitatdaran.org\\\/es\\\/category\\\/noticies-es\\\/\"},{\"@type\":\"ListItem\",\"position\":2,\"name\":\"Convergencia Aranesa censura al portavoz de UA en el Ayuntamiento de Naut Aran\"}]},{\"@type\":\"WebSite\",\"@id\":\"https:\\\/\\\/unitatdaran.org\\\/es\\\/#website\",\"url\":\"https:\\\/\\\/unitatdaran.org\\\/es\\\/\",\"name\":\"Unitat d'Aran\",\"description\":\"Nuestro proyecto es Aran. Aran eres t\u00fa\",\"publisher\":{\"@id\":\"https:\\\/\\\/unitatdaran.org\\\/es\\\/#organization\"},\"potentialAction\":[{\"@type\":\"SearchAction\",\"target\":{\"@type\":\"EntryPoint\",\"urlTemplate\":\"https:\\\/\\\/unitatdaran.org\\\/es\\\/?s={search_term_string}\"},\"query-input\":{\"@type\":\"PropertyValueSpecification\",\"valueRequired\":true,\"valueName\":\"search_term_string\"}}],\"inLanguage\":\"es\"},{\"@type\":\"Organization\",\"@id\":\"https:\\\/\\\/unitatdaran.org\\\/es\\\/#organization\",\"name\":\"Unitat d'Aran\",\"url\":\"https:\\\/\\\/unitatdaran.org\\\/es\\\/\",\"logo\":{\"@type\":\"ImageObject\",\"inLanguage\":\"es\",\"@id\":\"https:\\\/\\\/unitatdaran.org\\\/es\\\/#\\\/schema\\\/logo\\\/image\\\/\",\"url\":\"https:\\\/\\\/i0.wp.com\\\/unitatdaran.org\\\/wp-content\\\/uploads\\\/2021\\\/11\\\/logo.png?fit=2000%2C539&ssl=1\",\"contentUrl\":\"https:\\\/\\\/i0.wp.com\\\/unitatdaran.org\\\/wp-content\\\/uploads\\\/2021\\\/11\\\/logo.png?fit=2000%2C539&ssl=1\",\"width\":2000,\"height\":539,\"caption\":\"Unitat d'Aran\"},\"image\":{\"@id\":\"https:\\\/\\\/unitatdaran.org\\\/es\\\/#\\\/schema\\\/logo\\\/image\\\/\"},\"sameAs\":[\"https:\\\/\\\/www.facebook.com\\\/UnitatAran\",\"https:\\\/\\\/x.com\\\/unitatdaran\",\"https:\\\/\\\/instagram.com\\\/unitataran\"]},{\"@type\":\"Person\",\"@id\":\"https:\\\/\\\/unitatdaran.org\\\/es\\\/#\\\/schema\\\/person\\\/2870f7a03282b9bf0e435870415e61bb\",\"name\":\"Unitat d'Aran\",\"image\":{\"@type\":\"ImageObject\",\"inLanguage\":\"es\",\"@id\":\"https:\\\/\\\/secure.gravatar.com\\\/avatar\\\/bf8ef486d5842532d01c628a95d185dd5db38b0695bc63daa960f6506181b798?s=96&d=mm&r=g\",\"url\":\"https:\\\/\\\/secure.gravatar.com\\\/avatar\\\/bf8ef486d5842532d01c628a95d185dd5db38b0695bc63daa960f6506181b798?s=96&d=mm&r=g\",\"contentUrl\":\"https:\\\/\\\/secure.gravatar.com\\\/avatar\\\/bf8ef486d5842532d01c628a95d185dd5db38b0695bc63daa960f6506181b798?s=96&d=mm&r=g\",\"caption\":\"Unitat d'Aran\"},\"sameAs\":[\"https:\\\/\\\/new.unitatdaran.org\\\/\"],\"url\":\"https:\\\/\\\/unitatdaran.org\\\/es\\\/author\\\/admin\\\/\"}]}<\/script>\n<!-- \/ Yoast SEO plugin. -->","yoast_head_json":{"title":"Convergencia Aranesa censura al portavoz de UA en el Ayuntamiento de Naut Aran - Unitat d'Aran","robots":{"index":"index","follow":"follow","max-snippet":"max-snippet:-1","max-image-preview":"max-image-preview:large","max-video-preview":"max-video-preview:-1"},"canonical":"https:\/\/unitatdaran.org\/es\/noticies-es\/convergencia-aranesa-censura-al-portavoz-de-ua-en-el-ayuntamiento-de-naut-aran\/","og_locale":"es_ES","og_type":"article","og_title":"Convergencia Aranesa censura al portavoz de UA en el Ayuntamiento de Naut Aran - Unitat d'Aran","og_description":"Durante el pleno del Ayuntamiento de Naut Aran celebrado esta ma\u00f1ana, el alcalde de este municipio ha retirado el derecho a la palabra del portavoz de Unitat d\u2019Aran, Marc Tarrau, a quien no ha permitido expresar su opini\u00f3n en la sesi\u00f3n plenaria en la que se debat\u00eda el presupuesto de la corporaci\u00f3n para 2026. Unitat [&hellip;]","og_url":"https:\/\/unitatdaran.org\/es\/noticies-es\/convergencia-aranesa-censura-al-portavoz-de-ua-en-el-ayuntamiento-de-naut-aran\/","og_site_name":"Unitat d'Aran","article_publisher":"https:\/\/www.facebook.com\/UnitatAran","article_published_time":"2025-11-20T13:39:12+00:00","article_modified_time":"2025-11-20T18:06:38+00:00","og_image":[{"width":2048,"height":1536,"url":"https:\/\/i0.wp.com\/unitatdaran.org\/wp-content\/uploads\/2024\/12\/1a78d6f4-0811-4737-9268-8a5bd488875e.jpg?fit=2048%2C1536&ssl=1","type":"image\/jpeg"}],"author":"Unitat d'Aran","twitter_card":"summary_large_image","twitter_creator":"@unitatdaran","twitter_site":"@unitatdaran","twitter_misc":{"Escrito por":"Unitat d'Aran","Tiempo de lectura":"1 minuto"},"schema":{"@context":"https:\/\/schema.org","@graph":[{"@type":"Article","@id":"https:\/\/unitatdaran.org\/es\/noticies-es\/convergencia-aranesa-censura-al-portavoz-de-ua-en-el-ayuntamiento-de-naut-aran\/#article","isPartOf":{"@id":"https:\/\/unitatdaran.org\/es\/noticies-es\/convergencia-aranesa-censura-al-portavoz-de-ua-en-el-ayuntamiento-de-naut-aran\/"},"author":{"name":"Unitat d'Aran","@id":"https:\/\/unitatdaran.org\/es\/#\/schema\/person\/2870f7a03282b9bf0e435870415e61bb"},"headline":"Convergencia Aranesa censura al portavoz de UA en el Ayuntamiento de Naut Aran","datePublished":"2025-11-20T13:39:12+00:00","dateModified":"2025-11-20T18:06:38+00:00","mainEntityOfPage":{"@id":"https:\/\/unitatdaran.org\/es\/noticies-es\/convergencia-aranesa-censura-al-portavoz-de-ua-en-el-ayuntamiento-de-naut-aran\/"},"wordCount":246,"commentCount":0,"publisher":{"@id":"https:\/\/unitatdaran.org\/es\/#organization"},"image":{"@id":"https:\/\/unitatdaran.org\/es\/noticies-es\/convergencia-aranesa-censura-al-portavoz-de-ua-en-el-ayuntamiento-de-naut-aran\/#primaryimage"},"thumbnailUrl":"https:\/\/i0.wp.com\/unitatdaran.org\/wp-content\/uploads\/2024\/12\/1a78d6f4-0811-4737-9268-8a5bd488875e.jpg?fit=2048%2C1536&ssl=1","articleSection":["Noticias"],"inLanguage":"es","potentialAction":[{"@type":"CommentAction","name":"Comment","target":["https:\/\/unitatdaran.org\/es\/noticies-es\/convergencia-aranesa-censura-al-portavoz-de-ua-en-el-ayuntamiento-de-naut-aran\/#respond"]}]},{"@type":"WebPage","@id":"https:\/\/unitatdaran.org\/es\/noticies-es\/convergencia-aranesa-censura-al-portavoz-de-ua-en-el-ayuntamiento-de-naut-aran\/","url":"https:\/\/unitatdaran.org\/es\/noticies-es\/convergencia-aranesa-censura-al-portavoz-de-ua-en-el-ayuntamiento-de-naut-aran\/","name":"Convergencia Aranesa censura al portavoz de UA en el Ayuntamiento de Naut Aran - Unitat d'Aran","isPartOf":{"@id":"https:\/\/unitatdaran.org\/es\/#website"},"primaryImageOfPage":{"@id":"https:\/\/unitatdaran.org\/es\/noticies-es\/convergencia-aranesa-censura-al-portavoz-de-ua-en-el-ayuntamiento-de-naut-aran\/#primaryimage"},"image":{"@id":"https:\/\/unitatdaran.org\/es\/noticies-es\/convergencia-aranesa-censura-al-portavoz-de-ua-en-el-ayuntamiento-de-naut-aran\/#primaryimage"},"thumbnailUrl":"https:\/\/i0.wp.com\/unitatdaran.org\/wp-content\/uploads\/2024\/12\/1a78d6f4-0811-4737-9268-8a5bd488875e.jpg?fit=2048%2C1536&ssl=1","datePublished":"2025-11-20T13:39:12+00:00","dateModified":"2025-11-20T18:06:38+00:00","breadcrumb":{"@id":"https:\/\/unitatdaran.org\/es\/noticies-es\/convergencia-aranesa-censura-al-portavoz-de-ua-en-el-ayuntamiento-de-naut-aran\/#breadcrumb"},"inLanguage":"es","potentialAction":[{"@type":"ReadAction","target":["https:\/\/unitatdaran.org\/es\/noticies-es\/convergencia-aranesa-censura-al-portavoz-de-ua-en-el-ayuntamiento-de-naut-aran\/"]}]},{"@type":"ImageObject","inLanguage":"es","@id":"https:\/\/unitatdaran.org\/es\/noticies-es\/convergencia-aranesa-censura-al-portavoz-de-ua-en-el-ayuntamiento-de-naut-aran\/#primaryimage","url":"https:\/\/i0.wp.com\/unitatdaran.org\/wp-content\/uploads\/2024\/12\/1a78d6f4-0811-4737-9268-8a5bd488875e.jpg?fit=2048%2C1536&ssl=1","contentUrl":"https:\/\/i0.wp.com\/unitatdaran.org\/wp-content\/uploads\/2024\/12\/1a78d6f4-0811-4737-9268-8a5bd488875e.jpg?fit=2048%2C1536&ssl=1","width":2048,"height":1536},{"@type":"BreadcrumbList","@id":"https:\/\/unitatdaran.org\/es\/noticies-es\/convergencia-aranesa-censura-al-portavoz-de-ua-en-el-ayuntamiento-de-naut-aran\/#breadcrumb","itemListElement":[{"@type":"ListItem","position":1,"name":"Noticias","item":"https:\/\/unitatdaran.org\/es\/category\/noticies-es\/"},{"@type":"ListItem","position":2,"name":"Convergencia Aranesa censura al portavoz de UA en el Ayuntamiento de Naut Aran"}]},{"@type":"WebSite","@id":"https:\/\/unitatdaran.org\/es\/#website","url":"https:\/\/unitatdaran.org\/es\/","name":"Unitat d'Aran","description":"Nuestro proyecto es Aran. Aran eres t\u00fa","publisher":{"@id":"https:\/\/unitatdaran.org\/es\/#organization"},"potentialAction":[{"@type":"SearchAction","target":{"@type":"EntryPoint","urlTemplate":"https:\/\/unitatdaran.org\/es\/?s={search_term_string}"},"query-input":{"@type":"PropertyValueSpecification","valueRequired":true,"valueName":"search_term_string"}}],"inLanguage":"es"},{"@type":"Organization","@id":"https:\/\/unitatdaran.org\/es\/#organization","name":"Unitat d'Aran","url":"https:\/\/unitatdaran.org\/es\/","logo":{"@type":"ImageObject","inLanguage":"es","@id":"https:\/\/unitatdaran.org\/es\/#\/schema\/logo\/image\/","url":"https:\/\/i0.wp.com\/unitatdaran.org\/wp-content\/uploads\/2021\/11\/logo.png?fit=2000%2C539&ssl=1","contentUrl":"https:\/\/i0.wp.com\/unitatdaran.org\/wp-content\/uploads\/2021\/11\/logo.png?fit=2000%2C539&ssl=1","width":2000,"height":539,"caption":"Unitat d'Aran"},"image":{"@id":"https:\/\/unitatdaran.org\/es\/#\/schema\/logo\/image\/"},"sameAs":["https:\/\/www.facebook.com\/UnitatAran","https:\/\/x.com\/unitatdaran","https:\/\/instagram.com\/unitataran"]},{"@type":"Person","@id":"https:\/\/unitatdaran.org\/es\/#\/schema\/person\/2870f7a03282b9bf0e435870415e61bb","name":"Unitat d'Aran","image":{"@type":"ImageObject","inLanguage":"es","@id":"https:\/\/secure.gravatar.com\/avatar\/bf8ef486d5842532d01c628a95d185dd5db38b0695bc63daa960f6506181b798?s=96&d=mm&r=g","url":"https:\/\/secure.gravatar.com\/avatar\/bf8ef486d5842532d01c628a95d185dd5db38b0695bc63daa960f6506181b798?s=96&d=mm&r=g","contentUrl":"https:\/\/secure.gravatar.com\/avatar\/bf8ef486d5842532d01c628a95d185dd5db38b0695bc63daa960f6506181b798?s=96&d=mm&r=g","caption":"Unitat d'Aran"},"sameAs":["https:\/\/new.unitatdaran.org\/"],"url":"https:\/\/unitatdaran.org\/es\/author\/admin\/"}]}},"jetpack_featured_media_url":"https:\/\/i0.wp.com\/unitatdaran.org\/wp-content\/uploads\/2024\/12\/1a78d6f4-0811-4737-9268-8a5bd488875e.jpg?fit=2048%2C1536&ssl=1","jetpack_sharing_enabled":true,"_links":{"self":[{"href":"https:\/\/unitatdaran.org\/es\/wp-json\/wp\/v2\/posts\/13312","targetHints":{"allow":["GET"]}}],"collection":[{"href":"https:\/\/unitatdaran.org\/es\/wp-json\/wp\/v2\/posts"}],"about":[{"href":"https:\/\/unitatdaran.org\/es\/wp-json\/wp\/v2\/types\/post"}],"author":[{"embeddable":true,"href":"https:\/\/unitatdaran.org\/es\/wp-json\/wp\/v2\/users\/1"}],"replies":[{"embeddable":true,"href":"https:\/\/unitatdaran.org\/es\/wp-json\/wp\/v2\/comments?post=13312"}],"version-history":[{"count":3,"href":"https:\/\/unitatdaran.org\/es\/wp-json\/wp\/v2\/posts\/13312\/revisions"}],"predecessor-version":[{"id":13315,"href":"https:\/\/unitatdaran.org\/es\/wp-json\/wp\/v2\/posts\/13312\/revisions\/13315"}],"wp:featuredmedia":[{"embeddable":true,"href":"https:\/\/unitatdaran.org\/es\/wp-json\/wp\/v2\/media\/12878"}],"wp:attachment":[{"href":"https:\/\/unitatdaran.org\/es\/wp-json\/wp\/v2\/media?parent=13312"}],"wp:term":[{"taxonomy":"category","embeddable":true,"href":"https:\/\/unitatdaran.org\/es\/wp-json\/wp\/v2\/categories?post=13312"},{"taxonomy":"post_tag","embeddable":true,"href":"https:\/\/unitatdaran.org\/es\/wp-json\/wp\/v2\/tags?post=13312"}],"curies":[{"name":"wp","href":"https:\/\/api.w.org\/{rel}","templated":true}]}}