{"id":12603,"date":"2024-02-20T21:41:49","date_gmt":"2024-02-20T21:41:49","guid":{"rendered":"https:\/\/unitatdaran.org\/unitat-daran-presentara-ua-mocion-en-conselh-generau-daran-en-suport-ara-pagesia-de-montanha\/"},"modified":"2024-02-20T21:41:49","modified_gmt":"2024-02-20T21:41:49","slug":"unitat-daran-presentara-ua-mocion-en-conselh-generau-daran-en-suport-ara-pagesia-de-montanha","status":"publish","type":"post","link":"https:\/\/unitatdaran.org\/es\/noticies-es\/unitat-daran-presentara-ua-mocion-en-conselh-generau-daran-en-suport-ara-pagesia-de-montanha\/","title":{"rendered":"Unitat d\u2019Aran presentar\u00e0 ua mocion en Conselh Generau d\u2019Aran en sup\u00f2rt ara pagesia de montanha"},"content":{"rendered":"\n<p>Eth partit aran\u00e9s presentar\u00e0 ua mocion en pr\u00f2pl\u00e8u plen dera maxima institucion ent\u00e0 sollicitar, entre d\u2019autes q\u00fcestions, ua PAC m\u00e8s justa t\u00e0s z\u00f2nes de montanha, eth compliment dera Lei dera Cadea Aliment\u00e0ria, era agilizacion des tr\u00e0mits burocratics e qu\u2019es politiques fiscaus e economiques s\u2019adapten as caracteristiques des z\u00f2nes de montanha coma Aran.<\/p>\n\n\n\n<p>Deuant des darr\u00e8res mobilizacions deth sector agric\u00f2la e ramad\u00e8r, Unitat d\u2019Aran a previst presentar en pr\u00f2pl\u00e8u plen deth Conselh Generau d\u2019Aran ua mocion ent\u00e0 mostrar eth sup\u00f2rt ad aguest sector, atau e coma se ven h\u00e8nt en diu\u00e8rses adminsitracions. Aguest t\u00e8xte a estat impulsat pera associacion \u201cesMonta\u00f1as\u201d (Asociaci\u00f3n Espa\u00f1ola de Municipios de Monta\u00f1a) qu\u2019int\u00e8gre a m\u00e8s de 300 municipis, comarques e deputacions de z\u00f2nes de montanha de tot er Estat. En aguest sens, UA tanben presentar\u00e0 era mocion enes ajuntaments aranesi des que forme part.<\/p>\n\n\n\n<p class=\"has-text-align-right\"><em>Val d\u2019Aran, 20 de hereu\u00e8r de 2024<\/em><\/p>\n\n\n\n<h1 class=\"wp-block-heading\"><strong>Unitat d\u2019Aran presentar\u00e1 una moci\u00f3n en el Conselh Generau d\u2019Aran en apoyo al sector ganadero y agrario de monta\u00f1a<\/strong><\/h1>\n\n\n\n<p>El partido aran\u00e9s presentar\u00e1 una moci\u00f3n en el pr\u00f3ximo pleno de la m\u00e1xima instituci\u00f3n para solicitar, entre otras cuestiones, una PAC m\u00e1s justa para las zonas de monta\u00f1a, el cumplimiento de la Ley de la Cadena Alimentaria, la agilizaci\u00f3n de los tr\u00e1mites burocr\u00e1ticos y que las pol\u00edticas fiscales y econ\u00f3micas se adapten a las caracter\u00edsticas de zonas de monta\u00f1a como Aran.<\/p>\n\n\n\n<p>Frente a las \u00faltimas movilizaciones del sector agrario y ganadero, Unitat d\u2019Aran tiene previsto presentar en el pr\u00f3ximo pleno del Conselh Generau d\u2019Aran una moci\u00f3n para mostrar el apoyo a este sector, tal y como se est\u00e1 llevando a cabo en diversas administraciones. Este texto ha sido impulsado por la asociaci\u00f3n \u201cesMonta\u00f1as\u201d, que integra a m\u00e1s de 300 municipios, comarcas y diputaciones de zonas de monta\u00f1a de todo el Estado. En este sentido, UA tambi\u00e9n presentar\u00e1 la moci\u00f3n en los ayuntamientos araneses de los que forma parte.<\/p>\n\n\n\n<p class=\"has-text-align-right\"><em>Val d\u2019Aran, 20 de febrero de 2024<\/em><\/p>\n\n\n\n<h1 class=\"wp-block-heading\"><strong>Unitat d\u2019Aran presentar\u00e0 una moci\u00f3 al Conselh Generau d\u2019Aran en suport al sector ramader i agrari de muntanya<\/strong><\/h1>\n\n\n\n<p>El partit aran\u00e8s presentar\u00e0 una moci\u00f3 en el pr\u00f2xim ple de la m\u00e0xima instituci\u00f3 per a sol\u00b7licitar, entre altres q\u00fcestions, una PAC m\u00e9s justa per a les zones de muntanya, el compliment de la Llei de la Cadena Aliment\u00e0ria, l&#8217;agilitzaci\u00f3 dels tr\u00e0mits burocr\u00e0tics i que les pol\u00edtiques fiscals i econ\u00f2miques s&#8217;adaptin a les caracter\u00edstiques de zones de muntanya com Aran.<\/p>\n\n\n\n<p>Davant de les darreres mobilitzacions del sector agrari i ramader, Unitat d\u2019Aran t\u00e9 previst presentar en el pr\u00f2xim ple del Conselh Generau d\u2019Aran una moci\u00f3 per a mostrar el suport a aquest sector, tal com s&#8217;est\u00e0 duent a terme en diverses administracions. Aquest text ha estat impulsat per l&#8217;associaci\u00f3 \u201cesMonta\u00f1as\u201d, que integra a m\u00e9s de 300 municipis, comarques i diputacions de zones de muntanya de tot l&#8217;Estat. En aquest sentit, UA tamb\u00e9 presentar\u00e0 la moci\u00f3 als ajuntaments aranesos dels quals forma part.<\/p>\n\n\n\n<p class=\"has-text-align-right\"><em>Val d\u2019Aran, 20 de febrer de 2024<\/em><\/p>\n","protected":false},"excerpt":{"rendered":"<p>Eth partit aran\u00e9s presentar\u00e0 ua mocion en pr\u00f2pl\u00e8u plen dera maxima institucion ent\u00e0 sollicitar, entre d\u2019autes q\u00fcestions, ua PAC m\u00e8s justa t\u00e0s z\u00f2nes de montanha, eth compliment dera Lei dera Cadea Aliment\u00e0ria, era agilizacion des tr\u00e0mits burocratics e qu\u2019es politiques fiscaus e economiques s\u2019adapten as caracteristiques des z\u00f2nes de montanha coma Aran. Deuant des darr\u00e8res [&hellip;]<\/p>\n","protected":false},"author":1,"featured_media":12151,"comment_status":"open","ping_status":"open","sticky":false,"template":"","format":"standard","meta":{"_acf_changed":false,"_jetpack_memberships_contains_paid_content":false,"footnotes":""},"categories":[85],"tags":[],"class_list":["post-12603","post","type-post","status-publish","format-standard","has-post-thumbnail","hentry","category-noticies-es"],"acf":[],"yoast_head":"<!-- This site is optimized with the Yoast SEO plugin v27.5 - https:\/\/yoast.com\/product\/yoast-seo-wordpress\/ -->\n<title>Unitat d\u2019Aran presentar\u00e0 ua mocion en Conselh Generau d\u2019Aran en sup\u00f2rt ara pagesia de montanha - Unitat d&#039;Aran<\/title>\n<meta name=\"robots\" content=\"index, follow, max-snippet:-1, max-image-preview:large, max-video-preview:-1\" \/>\n<link rel=\"canonical\" href=\"https:\/\/unitatdaran.org\/es\/noticies-es\/unitat-daran-presentara-ua-mocion-en-conselh-generau-daran-en-suport-ara-pagesia-de-montanha\/\" \/>\n<meta property=\"og:locale\" content=\"es_ES\" \/>\n<meta property=\"og:type\" content=\"article\" \/>\n<meta property=\"og:title\" content=\"Unitat d\u2019Aran presentar\u00e0 ua mocion en Conselh Generau d\u2019Aran en sup\u00f2rt ara pagesia de montanha - Unitat d&#039;Aran\" \/>\n<meta property=\"og:description\" content=\"Eth partit aran\u00e9s presentar\u00e0 ua mocion en pr\u00f2pl\u00e8u plen dera maxima institucion ent\u00e0 sollicitar, entre d\u2019autes q\u00fcestions, ua PAC m\u00e8s justa t\u00e0s z\u00f2nes de montanha, eth compliment dera Lei dera Cadea Aliment\u00e0ria, era agilizacion des tr\u00e0mits burocratics e qu\u2019es politiques fiscaus e economiques s\u2019adapten as caracteristiques des z\u00f2nes de montanha coma Aran. Deuant des darr\u00e8res [&hellip;]\" \/>\n<meta property=\"og:url\" content=\"https:\/\/unitatdaran.org\/es\/noticies-es\/unitat-daran-presentara-ua-mocion-en-conselh-generau-daran-en-suport-ara-pagesia-de-montanha\/\" \/>\n<meta property=\"og:site_name\" content=\"Unitat d&#039;Aran\" \/>\n<meta property=\"article:publisher\" content=\"https:\/\/www.facebook.com\/UnitatAran\" \/>\n<meta property=\"article:published_time\" content=\"2024-02-20T21:41:49+00:00\" \/>\n<meta name=\"author\" content=\"Unitat d&#039;Aran\" \/>\n<meta name=\"twitter:card\" content=\"summary_large_image\" \/>\n<meta name=\"twitter:creator\" content=\"@unitatdaran\" \/>\n<meta name=\"twitter:site\" content=\"@unitatdaran\" \/>\n<meta name=\"twitter:label1\" content=\"Escrito por\" \/>\n\t<meta name=\"twitter:data1\" content=\"Unitat d&#039;Aran\" \/>\n\t<meta name=\"twitter:label2\" content=\"Tiempo de lectura\" \/>\n\t<meta name=\"twitter:data2\" content=\"3 minutos\" \/>\n<script type=\"application\/ld+json\" class=\"yoast-schema-graph\">{\"@context\":\"https:\\\/\\\/schema.org\",\"@graph\":[{\"@type\":\"Article\",\"@id\":\"https:\\\/\\\/unitatdaran.org\\\/es\\\/noticies-es\\\/unitat-daran-presentara-ua-mocion-en-conselh-generau-daran-en-suport-ara-pagesia-de-montanha\\\/#article\",\"isPartOf\":{\"@id\":\"https:\\\/\\\/unitatdaran.org\\\/es\\\/noticies-es\\\/unitat-daran-presentara-ua-mocion-en-conselh-generau-daran-en-suport-ara-pagesia-de-montanha\\\/\"},\"author\":{\"name\":\"Unitat d'Aran\",\"@id\":\"https:\\\/\\\/unitatdaran.org\\\/es\\\/#\\\/schema\\\/person\\\/2870f7a03282b9bf0e435870415e61bb\"},\"headline\":\"Unitat d\u2019Aran presentar\u00e0 ua mocion en Conselh Generau d\u2019Aran en sup\u00f2rt ara pagesia de montanha\",\"datePublished\":\"2024-02-20T21:41:49+00:00\",\"mainEntityOfPage\":{\"@id\":\"https:\\\/\\\/unitatdaran.org\\\/es\\\/noticies-es\\\/unitat-daran-presentara-ua-mocion-en-conselh-generau-daran-en-suport-ara-pagesia-de-montanha\\\/\"},\"wordCount\":582,\"commentCount\":0,\"publisher\":{\"@id\":\"https:\\\/\\\/unitatdaran.org\\\/es\\\/#organization\"},\"image\":{\"@id\":\"https:\\\/\\\/unitatdaran.org\\\/es\\\/noticies-es\\\/unitat-daran-presentara-ua-mocion-en-conselh-generau-daran-en-suport-ara-pagesia-de-montanha\\\/#primaryimage\"},\"thumbnailUrl\":\"https:\\\/\\\/i0.wp.com\\\/unitatdaran.org\\\/wp-content\\\/uploads\\\/2024\\\/02\\\/WhatsApp-Image-2024-02-20-at-21.41.19.jpeg?fit=1170%2C870&ssl=1\",\"articleSection\":[\"Noticias\"],\"inLanguage\":\"es\",\"potentialAction\":[{\"@type\":\"CommentAction\",\"name\":\"Comment\",\"target\":[\"https:\\\/\\\/unitatdaran.org\\\/es\\\/noticies-es\\\/unitat-daran-presentara-ua-mocion-en-conselh-generau-daran-en-suport-ara-pagesia-de-montanha\\\/#respond\"]}]},{\"@type\":\"WebPage\",\"@id\":\"https:\\\/\\\/unitatdaran.org\\\/es\\\/noticies-es\\\/unitat-daran-presentara-ua-mocion-en-conselh-generau-daran-en-suport-ara-pagesia-de-montanha\\\/\",\"url\":\"https:\\\/\\\/unitatdaran.org\\\/es\\\/noticies-es\\\/unitat-daran-presentara-ua-mocion-en-conselh-generau-daran-en-suport-ara-pagesia-de-montanha\\\/\",\"name\":\"Unitat d\u2019Aran presentar\u00e0 ua mocion en Conselh Generau d\u2019Aran en sup\u00f2rt ara pagesia de montanha - Unitat d'Aran\",\"isPartOf\":{\"@id\":\"https:\\\/\\\/unitatdaran.org\\\/es\\\/#website\"},\"primaryImageOfPage\":{\"@id\":\"https:\\\/\\\/unitatdaran.org\\\/es\\\/noticies-es\\\/unitat-daran-presentara-ua-mocion-en-conselh-generau-daran-en-suport-ara-pagesia-de-montanha\\\/#primaryimage\"},\"image\":{\"@id\":\"https:\\\/\\\/unitatdaran.org\\\/es\\\/noticies-es\\\/unitat-daran-presentara-ua-mocion-en-conselh-generau-daran-en-suport-ara-pagesia-de-montanha\\\/#primaryimage\"},\"thumbnailUrl\":\"https:\\\/\\\/i0.wp.com\\\/unitatdaran.org\\\/wp-content\\\/uploads\\\/2024\\\/02\\\/WhatsApp-Image-2024-02-20-at-21.41.19.jpeg?fit=1170%2C870&ssl=1\",\"datePublished\":\"2024-02-20T21:41:49+00:00\",\"inLanguage\":\"es\",\"potentialAction\":[{\"@type\":\"ReadAction\",\"target\":[\"https:\\\/\\\/unitatdaran.org\\\/es\\\/noticies-es\\\/unitat-daran-presentara-ua-mocion-en-conselh-generau-daran-en-suport-ara-pagesia-de-montanha\\\/\"]}]},{\"@type\":\"ImageObject\",\"inLanguage\":\"es\",\"@id\":\"https:\\\/\\\/unitatdaran.org\\\/es\\\/noticies-es\\\/unitat-daran-presentara-ua-mocion-en-conselh-generau-daran-en-suport-ara-pagesia-de-montanha\\\/#primaryimage\",\"url\":\"https:\\\/\\\/i0.wp.com\\\/unitatdaran.org\\\/wp-content\\\/uploads\\\/2024\\\/02\\\/WhatsApp-Image-2024-02-20-at-21.41.19.jpeg?fit=1170%2C870&ssl=1\",\"contentUrl\":\"https:\\\/\\\/i0.wp.com\\\/unitatdaran.org\\\/wp-content\\\/uploads\\\/2024\\\/02\\\/WhatsApp-Image-2024-02-20-at-21.41.19.jpeg?fit=1170%2C870&ssl=1\",\"width\":1170,\"height\":870},{\"@type\":\"WebSite\",\"@id\":\"https:\\\/\\\/unitatdaran.org\\\/es\\\/#website\",\"url\":\"https:\\\/\\\/unitatdaran.org\\\/es\\\/\",\"name\":\"Unitat d'Aran\",\"description\":\"Nuestro proyecto es Aran. Aran eres t\u00fa\",\"publisher\":{\"@id\":\"https:\\\/\\\/unitatdaran.org\\\/es\\\/#organization\"},\"potentialAction\":[{\"@type\":\"SearchAction\",\"target\":{\"@type\":\"EntryPoint\",\"urlTemplate\":\"https:\\\/\\\/unitatdaran.org\\\/es\\\/?s={search_term_string}\"},\"query-input\":{\"@type\":\"PropertyValueSpecification\",\"valueRequired\":true,\"valueName\":\"search_term_string\"}}],\"inLanguage\":\"es\"},{\"@type\":\"Organization\",\"@id\":\"https:\\\/\\\/unitatdaran.org\\\/es\\\/#organization\",\"name\":\"Unitat d'Aran\",\"url\":\"https:\\\/\\\/unitatdaran.org\\\/es\\\/\",\"logo\":{\"@type\":\"ImageObject\",\"inLanguage\":\"es\",\"@id\":\"https:\\\/\\\/unitatdaran.org\\\/es\\\/#\\\/schema\\\/logo\\\/image\\\/\",\"url\":\"https:\\\/\\\/i0.wp.com\\\/unitatdaran.org\\\/wp-content\\\/uploads\\\/2021\\\/11\\\/logo.png?fit=2000%2C539&ssl=1\",\"contentUrl\":\"https:\\\/\\\/i0.wp.com\\\/unitatdaran.org\\\/wp-content\\\/uploads\\\/2021\\\/11\\\/logo.png?fit=2000%2C539&ssl=1\",\"width\":2000,\"height\":539,\"caption\":\"Unitat d'Aran\"},\"image\":{\"@id\":\"https:\\\/\\\/unitatdaran.org\\\/es\\\/#\\\/schema\\\/logo\\\/image\\\/\"},\"sameAs\":[\"https:\\\/\\\/www.facebook.com\\\/UnitatAran\",\"https:\\\/\\\/x.com\\\/unitatdaran\",\"https:\\\/\\\/instagram.com\\\/unitataran\"]},{\"@type\":\"Person\",\"@id\":\"https:\\\/\\\/unitatdaran.org\\\/es\\\/#\\\/schema\\\/person\\\/2870f7a03282b9bf0e435870415e61bb\",\"name\":\"Unitat d'Aran\",\"image\":{\"@type\":\"ImageObject\",\"inLanguage\":\"es\",\"@id\":\"https:\\\/\\\/secure.gravatar.com\\\/avatar\\\/bf8ef486d5842532d01c628a95d185dd5db38b0695bc63daa960f6506181b798?s=96&d=mm&r=g\",\"url\":\"https:\\\/\\\/secure.gravatar.com\\\/avatar\\\/bf8ef486d5842532d01c628a95d185dd5db38b0695bc63daa960f6506181b798?s=96&d=mm&r=g\",\"contentUrl\":\"https:\\\/\\\/secure.gravatar.com\\\/avatar\\\/bf8ef486d5842532d01c628a95d185dd5db38b0695bc63daa960f6506181b798?s=96&d=mm&r=g\",\"caption\":\"Unitat d'Aran\"},\"sameAs\":[\"https:\\\/\\\/new.unitatdaran.org\\\/\"],\"url\":\"https:\\\/\\\/unitatdaran.org\\\/es\\\/author\\\/admin\\\/\"}]}<\/script>\n<!-- \/ Yoast SEO plugin. -->","yoast_head_json":{"title":"Unitat d\u2019Aran presentar\u00e0 ua mocion en Conselh Generau d\u2019Aran en sup\u00f2rt ara pagesia de montanha - Unitat d'Aran","robots":{"index":"index","follow":"follow","max-snippet":"max-snippet:-1","max-image-preview":"max-image-preview:large","max-video-preview":"max-video-preview:-1"},"canonical":"https:\/\/unitatdaran.org\/es\/noticies-es\/unitat-daran-presentara-ua-mocion-en-conselh-generau-daran-en-suport-ara-pagesia-de-montanha\/","og_locale":"es_ES","og_type":"article","og_title":"Unitat d\u2019Aran presentar\u00e0 ua mocion en Conselh Generau d\u2019Aran en sup\u00f2rt ara pagesia de montanha - Unitat d'Aran","og_description":"Eth partit aran\u00e9s presentar\u00e0 ua mocion en pr\u00f2pl\u00e8u plen dera maxima institucion ent\u00e0 sollicitar, entre d\u2019autes q\u00fcestions, ua PAC m\u00e8s justa t\u00e0s z\u00f2nes de montanha, eth compliment dera Lei dera Cadea Aliment\u00e0ria, era agilizacion des tr\u00e0mits burocratics e qu\u2019es politiques fiscaus e economiques s\u2019adapten as caracteristiques des z\u00f2nes de montanha coma Aran. Deuant des darr\u00e8res [&hellip;]","og_url":"https:\/\/unitatdaran.org\/es\/noticies-es\/unitat-daran-presentara-ua-mocion-en-conselh-generau-daran-en-suport-ara-pagesia-de-montanha\/","og_site_name":"Unitat d'Aran","article_publisher":"https:\/\/www.facebook.com\/UnitatAran","article_published_time":"2024-02-20T21:41:49+00:00","author":"Unitat d'Aran","twitter_card":"summary_large_image","twitter_creator":"@unitatdaran","twitter_site":"@unitatdaran","twitter_misc":{"Escrito por":"Unitat d'Aran","Tiempo de lectura":"3 minutos"},"schema":{"@context":"https:\/\/schema.org","@graph":[{"@type":"Article","@id":"https:\/\/unitatdaran.org\/es\/noticies-es\/unitat-daran-presentara-ua-mocion-en-conselh-generau-daran-en-suport-ara-pagesia-de-montanha\/#article","isPartOf":{"@id":"https:\/\/unitatdaran.org\/es\/noticies-es\/unitat-daran-presentara-ua-mocion-en-conselh-generau-daran-en-suport-ara-pagesia-de-montanha\/"},"author":{"name":"Unitat d'Aran","@id":"https:\/\/unitatdaran.org\/es\/#\/schema\/person\/2870f7a03282b9bf0e435870415e61bb"},"headline":"Unitat d\u2019Aran presentar\u00e0 ua mocion en Conselh Generau d\u2019Aran en sup\u00f2rt ara pagesia de montanha","datePublished":"2024-02-20T21:41:49+00:00","mainEntityOfPage":{"@id":"https:\/\/unitatdaran.org\/es\/noticies-es\/unitat-daran-presentara-ua-mocion-en-conselh-generau-daran-en-suport-ara-pagesia-de-montanha\/"},"wordCount":582,"commentCount":0,"publisher":{"@id":"https:\/\/unitatdaran.org\/es\/#organization"},"image":{"@id":"https:\/\/unitatdaran.org\/es\/noticies-es\/unitat-daran-presentara-ua-mocion-en-conselh-generau-daran-en-suport-ara-pagesia-de-montanha\/#primaryimage"},"thumbnailUrl":"https:\/\/i0.wp.com\/unitatdaran.org\/wp-content\/uploads\/2024\/02\/WhatsApp-Image-2024-02-20-at-21.41.19.jpeg?fit=1170%2C870&ssl=1","articleSection":["Noticias"],"inLanguage":"es","potentialAction":[{"@type":"CommentAction","name":"Comment","target":["https:\/\/unitatdaran.org\/es\/noticies-es\/unitat-daran-presentara-ua-mocion-en-conselh-generau-daran-en-suport-ara-pagesia-de-montanha\/#respond"]}]},{"@type":"WebPage","@id":"https:\/\/unitatdaran.org\/es\/noticies-es\/unitat-daran-presentara-ua-mocion-en-conselh-generau-daran-en-suport-ara-pagesia-de-montanha\/","url":"https:\/\/unitatdaran.org\/es\/noticies-es\/unitat-daran-presentara-ua-mocion-en-conselh-generau-daran-en-suport-ara-pagesia-de-montanha\/","name":"Unitat d\u2019Aran presentar\u00e0 ua mocion en Conselh Generau d\u2019Aran en sup\u00f2rt ara pagesia de montanha - Unitat d'Aran","isPartOf":{"@id":"https:\/\/unitatdaran.org\/es\/#website"},"primaryImageOfPage":{"@id":"https:\/\/unitatdaran.org\/es\/noticies-es\/unitat-daran-presentara-ua-mocion-en-conselh-generau-daran-en-suport-ara-pagesia-de-montanha\/#primaryimage"},"image":{"@id":"https:\/\/unitatdaran.org\/es\/noticies-es\/unitat-daran-presentara-ua-mocion-en-conselh-generau-daran-en-suport-ara-pagesia-de-montanha\/#primaryimage"},"thumbnailUrl":"https:\/\/i0.wp.com\/unitatdaran.org\/wp-content\/uploads\/2024\/02\/WhatsApp-Image-2024-02-20-at-21.41.19.jpeg?fit=1170%2C870&ssl=1","datePublished":"2024-02-20T21:41:49+00:00","inLanguage":"es","potentialAction":[{"@type":"ReadAction","target":["https:\/\/unitatdaran.org\/es\/noticies-es\/unitat-daran-presentara-ua-mocion-en-conselh-generau-daran-en-suport-ara-pagesia-de-montanha\/"]}]},{"@type":"ImageObject","inLanguage":"es","@id":"https:\/\/unitatdaran.org\/es\/noticies-es\/unitat-daran-presentara-ua-mocion-en-conselh-generau-daran-en-suport-ara-pagesia-de-montanha\/#primaryimage","url":"https:\/\/i0.wp.com\/unitatdaran.org\/wp-content\/uploads\/2024\/02\/WhatsApp-Image-2024-02-20-at-21.41.19.jpeg?fit=1170%2C870&ssl=1","contentUrl":"https:\/\/i0.wp.com\/unitatdaran.org\/wp-content\/uploads\/2024\/02\/WhatsApp-Image-2024-02-20-at-21.41.19.jpeg?fit=1170%2C870&ssl=1","width":1170,"height":870},{"@type":"WebSite","@id":"https:\/\/unitatdaran.org\/es\/#website","url":"https:\/\/unitatdaran.org\/es\/","name":"Unitat d'Aran","description":"Nuestro proyecto es Aran. Aran eres t\u00fa","publisher":{"@id":"https:\/\/unitatdaran.org\/es\/#organization"},"potentialAction":[{"@type":"SearchAction","target":{"@type":"EntryPoint","urlTemplate":"https:\/\/unitatdaran.org\/es\/?s={search_term_string}"},"query-input":{"@type":"PropertyValueSpecification","valueRequired":true,"valueName":"search_term_string"}}],"inLanguage":"es"},{"@type":"Organization","@id":"https:\/\/unitatdaran.org\/es\/#organization","name":"Unitat d'Aran","url":"https:\/\/unitatdaran.org\/es\/","logo":{"@type":"ImageObject","inLanguage":"es","@id":"https:\/\/unitatdaran.org\/es\/#\/schema\/logo\/image\/","url":"https:\/\/i0.wp.com\/unitatdaran.org\/wp-content\/uploads\/2021\/11\/logo.png?fit=2000%2C539&ssl=1","contentUrl":"https:\/\/i0.wp.com\/unitatdaran.org\/wp-content\/uploads\/2021\/11\/logo.png?fit=2000%2C539&ssl=1","width":2000,"height":539,"caption":"Unitat d'Aran"},"image":{"@id":"https:\/\/unitatdaran.org\/es\/#\/schema\/logo\/image\/"},"sameAs":["https:\/\/www.facebook.com\/UnitatAran","https:\/\/x.com\/unitatdaran","https:\/\/instagram.com\/unitataran"]},{"@type":"Person","@id":"https:\/\/unitatdaran.org\/es\/#\/schema\/person\/2870f7a03282b9bf0e435870415e61bb","name":"Unitat d'Aran","image":{"@type":"ImageObject","inLanguage":"es","@id":"https:\/\/secure.gravatar.com\/avatar\/bf8ef486d5842532d01c628a95d185dd5db38b0695bc63daa960f6506181b798?s=96&d=mm&r=g","url":"https:\/\/secure.gravatar.com\/avatar\/bf8ef486d5842532d01c628a95d185dd5db38b0695bc63daa960f6506181b798?s=96&d=mm&r=g","contentUrl":"https:\/\/secure.gravatar.com\/avatar\/bf8ef486d5842532d01c628a95d185dd5db38b0695bc63daa960f6506181b798?s=96&d=mm&r=g","caption":"Unitat d'Aran"},"sameAs":["https:\/\/new.unitatdaran.org\/"],"url":"https:\/\/unitatdaran.org\/es\/author\/admin\/"}]}},"jetpack_featured_media_url":"https:\/\/i0.wp.com\/unitatdaran.org\/wp-content\/uploads\/2024\/02\/WhatsApp-Image-2024-02-20-at-21.41.19.jpeg?fit=1170%2C870&ssl=1","jetpack_sharing_enabled":true,"_links":{"self":[{"href":"https:\/\/unitatdaran.org\/es\/wp-json\/wp\/v2\/posts\/12603","targetHints":{"allow":["GET"]}}],"collection":[{"href":"https:\/\/unitatdaran.org\/es\/wp-json\/wp\/v2\/posts"}],"about":[{"href":"https:\/\/unitatdaran.org\/es\/wp-json\/wp\/v2\/types\/post"}],"author":[{"embeddable":true,"href":"https:\/\/unitatdaran.org\/es\/wp-json\/wp\/v2\/users\/1"}],"replies":[{"embeddable":true,"href":"https:\/\/unitatdaran.org\/es\/wp-json\/wp\/v2\/comments?post=12603"}],"version-history":[{"count":0,"href":"https:\/\/unitatdaran.org\/es\/wp-json\/wp\/v2\/posts\/12603\/revisions"}],"wp:featuredmedia":[{"embeddable":true,"href":"https:\/\/unitatdaran.org\/es\/wp-json\/wp\/v2\/media\/12151"}],"wp:attachment":[{"href":"https:\/\/unitatdaran.org\/es\/wp-json\/wp\/v2\/media?parent=12603"}],"wp:term":[{"taxonomy":"category","embeddable":true,"href":"https:\/\/unitatdaran.org\/es\/wp-json\/wp\/v2\/categories?post=12603"},{"taxonomy":"post_tag","embeddable":true,"href":"https:\/\/unitatdaran.org\/es\/wp-json\/wp\/v2\/tags?post=12603"}],"curies":[{"name":"wp","href":"https:\/\/api.w.org\/{rel}","templated":true}]}}