{"id":11628,"date":"2023-04-11T13:52:08","date_gmt":"2023-04-11T13:52:08","guid":{"rendered":"https:\/\/unitatdaran.org\/?p=11628"},"modified":"2023-04-12T10:54:39","modified_gmt":"2023-04-12T10:54:39","slug":"entrevista-a-andreu-cortes-cat","status":"publish","type":"post","link":"https:\/\/unitatdaran.org\/es\/eleccions-2019\/entrevista-a-andreu-cortes-cat\/","title":{"rendered":"Entrevista a Andreu Cort\u00e9s"},"content":{"rendered":"\n<h2 class=\"wp-block-heading\">Qu\u00e8 t&#8217;impulsa a presentar-te de nou com a candidat a l&#8217;alcaldia de Les?<\/h2>\n\n\n\n<p>Ha estat una decisi\u00f3 molt meditada a causa de la gran responsabilitat que suposa ser alcalde, per\u00f2 mantenint el mateix nivell de comprom\u00eds que fa quatre anys, ja que les l\u00ednies de treball adoptades en diversos \u00e0mbits es veuen recompensades amb concessions d&#8217;ajudes directes per a la implementaci\u00f3 de projectes que permetran al municipi dels avan\u00e7ar i millorar la vida dels nostres ve\u00efns i ve\u00efnes, una cosa molt satisfact\u00f2ria. A m\u00e9s, per a mi suposa un gran privilegi que els companys i companyes del partit hagin tornat a dipositar en mi i en el meu equip de govern la seva confian\u00e7a per a poder continuar desenvolupant aquest projecte municipal global i integrat en el conjunt de la Vall d&#8217;Aran. Penso que tenim conceptes molt clars, amb l\u00ednies estrat\u00e8giques ben definides que es desenvoluparan en accions i projectes concrets, amb l&#8217;objectiu de posar en el centre les necessitats de les persones que viuen en Les.<\/p>\n\n\n\n<h2 class=\"wp-block-heading\">Quan vas arribar a l&#8217;alcaldia en 2019, t&#8217;esperaves que la legislatura fos aix\u00ed?<\/h2>\n\n\n\n<p>Crec que en 2019 no podia imaginar que en un any viur\u00edem la pitjor crisi sociosanit\u00e0ria de la hist\u00f2ria recent. Des de l&#8217;Ajuntament treballem des del primer moment per a reduir el possible impacte sanitari, impulsant un pla de mesures higi\u00e8niques en espais p\u00fablics, refor\u00e7ant no sols les desinfeccions, sin\u00f3 tamb\u00e9 repartint materials de protecci\u00f3 individual, especialment a l&#8217;inici de la pand\u00e8mia. El tancament de la frontera amb Fran\u00e7a va tenir un impacte econ\u00f2mic molt negatiu, amb mesures que no es van adaptar a la realitat de territoris transfronterers com el nostre. Aix\u00f2 ens va portar a unes repercussions socials que van durar diversos mesos, i des del Consistori intentem mitigar-les amb ajudes concretes en programes universals, com el programa de reciclatge de llibres o la gesti\u00f3 de les ajudes amb els serveis socials, claus per a reduir l&#8217;impacte socioecon\u00f2mic de la pand\u00e8mia. La crisi de la COVID-19 tamb\u00e9 va afectar nivell de gesti\u00f3 i execuci\u00f3 de projectes, i encara que hem pogut mantenir un nivell d&#8217;execuci\u00f3 molt alt, hi ha projectes importants que s&#8217;han vist retardats per les circumst\u00e0ncies del moment. Actualment, ens trobem reprenent aquestes gestions per a avan\u00e7ar en la resoluci\u00f3 d&#8217;aquests projectes. Una de les conclusions que he arribat despr\u00e9s d&#8217;aquest per\u00edode \u00e9s la necessitat de tenir clares les estrat\u00e8gies que ens permetin adaptar-nos als reptes de futur, per aix\u00f2 crec que plans com el Pla de Turisme Sostenible Municipal o el Pla del Parc de la Garona &#8211;&nbsp;Next&nbsp;Generation&nbsp;poden ser instruments per a prevenir el desenvolupament d&#8217;aquest futur amb perspectives positives.<\/p>\n\n\n\n<h2 class=\"wp-block-heading\">Quines l\u00ednies estrat\u00e8giques planteja Unitat d&#8217;Aran en Les per a afrontar aquests reptes de futur dels quals parles?<\/h2>\n\n\n\n<p>Durant aquest temps, hem analitzat i reflexionat sobre la realitat del nostre municipi. Despr\u00e9s de realitzar processos d&#8217;informaci\u00f3 p\u00fablica, hem presentat uns plans per a estructurar una estrat\u00e8gia de futur que permeti generar marcs d&#8217;oportunitats en diferents \u00e0mbits o eixos. Hem confeccionat un Pla de Turisme Sostenible que es complementa amb estrat\u00e8gies desenvolupades per la m\u00e0xima instituci\u00f3 aranesa, com les rutes pedalables, o amb entitats a nivell auton\u00f2mic, com les Viles Termals. Tamb\u00e9 hem desenvolupat un Pla de Regeneraci\u00f3 Urbana d&#8217;espais i serveis a nivell d&#8217;infraestructures i instal\u00b7lacions p\u00fabliques, complementari amb el projecte del Parc de la Garona &#8211;&nbsp;Next&nbsp;Generation, on s&#8217;aborden intervencions clau en q\u00fcestions de transici\u00f3 i efici\u00e8ncia energ\u00e8tica, posant en valor l&#8217;espai p\u00fablic i el seu \u00fas, sempre col\u00b7locant a les persones en el centre d&#8217;aquestes accions (carrers, parcs l\u00fadics i esportius). \u00c9s important tenir en compte que la resoluci\u00f3 d&#8217;uns certs problemes ha d&#8217;abordar-se amb una visi\u00f3 conjunta. El Pla d&#8217;Habitatge que desenvolupa el Consell General d&#8217;Aran \u00e9s un instrument important per a fer front a la problem\u00e0tica d&#8217;acc\u00e9s a l&#8217;habitatge social en un futur pr\u00f2xim i on Les t\u00e9 un paper important, ja que disposem d&#8217;una \u00e0rea residencial estrat\u00e8gica amb terrenys propietat de&nbsp;INCASOL, que \u00e9s l&#8217;organisme competent en la mat\u00e8ria. En aquesta legislatura tamb\u00e9 hem aprovat el Pla B\u00e0sic de Mobilitat i Serveis viaris, i volem desenvolupar l&#8217;estructura b\u00e0sica d&#8217;aquest pla una vegada finalitzats els treballs de la segona fase de la Carretera, per a millorar el model de mobilitat, no sols pel que fa al tr\u00e0nsit rodat, sin\u00f3 tamb\u00e9 en la millora del dia a dia de la poblaci\u00f3 en els seus h\u00e0bits i despla\u00e7aments diaris. Aquests plans no s\u00f3n inamovibles, sin\u00f3 que suposen confeccionar i desenvolupar una estrat\u00e8gia amb objectius de futur per a millorar la nostra qualitat de vida, on les persones siguin col\u00b7locades en el centre de les accions, amb un horitz\u00f3 concorde a una Agenda Urbana 2030 i un Les 2030.<\/p>\n\n\n\n<h2 class=\"wp-block-heading\">Qu\u00e8 pot aportar la candidatura d&#8217;Unitat d&#8217;Aran al municipi en comparaci\u00f3 amb altres grups pol\u00edtics?<\/h2>\n\n\n\n<p>Crec que en aquesta \u00faltima legislatura tan complicada hem demostrat la solv\u00e8ncia del nostre equip de govern i la nostra voluntat de col\u00b7locar sempre als ve\u00efns i ve\u00efnes en el centre de les pol\u00edtiques que duem a terme. \u00c9s important destacar que hem dut a terme un treball molt important accedint a l\u00ednies de subvenci\u00f3 per a projectes clau com la reforma del Castell de&nbsp;Pijaoert, la reforma de la&nbsp;Hospeder\u00eda&nbsp;Matacab\u00f2s&nbsp;o el&nbsp;PUOSC&nbsp;de regeneraci\u00f3 urbana, la implantaci\u00f3 del cablejat de fibra \u00f2ptica que a la fi de mar\u00e7\/principis d&#8217;abril es comercialitzar\u00e0 i estar\u00e0 operatiu. Han estat quatre anys de treball molt intens que comen\u00e7a a veure&#8217;s recompensat amb la confirmaci\u00f3 de noves ajudes&nbsp;Next&nbsp;Generation, com els 190.000 \u20ac per a la renovaci\u00f3 de l&#8217;enllumenat p\u00fablic o la confirmaci\u00f3 en breu de la instal\u00b7laci\u00f3 d&#8217;una caldera de biomassa a l&#8217;Escola de Les. Per\u00f2 tamb\u00e9 hem desenvolupat projectes m\u00e9s petits, per\u00f2 amb gran valor per als nostres ve\u00efns i ve\u00efnes, com la instal\u00b7laci\u00f3 de l&#8217;espai de&nbsp;augmentaci\u00f3&nbsp;dels Bombers dels amb l&#8217;antiga bomba manual d&#8217;aigua, una col\u00b7laboraci\u00f3 amb l&#8217;associaci\u00f3 de Bombers del poble que va servir per a dignificar aquest rac\u00f3, per\u00f2 tamb\u00e9 per a fer un reconeixement m\u00e9s que merescut a aquest col\u00b7lectiu i a la gent que forma part d&#8217;ell. Hem desenvolupat molts projectes, tots ells amb una connexi\u00f3 i que responen a l&#8217;objectiu de desenvolupar un projecte de futur, que esperem poder continuar desenvolupant.<\/p>\n\n\n\n<h2 class=\"wp-block-heading\">Un desig.<\/h2>\n\n\n\n<p>Diuen que la sort \u00e9s el punt en el qual s&#8217;acumula el treball i la cerca d&#8217;oportunitats, m&#8217;agradaria poder continuar treballant per a aconseguir l&#8217;objectiu de crear un municipi amb marcs d&#8217;oportunitats necessaris per a tenir un Les 2030 amb prosperitat econ\u00f2mica i oportunitats, prestar serveis p\u00fablics eficients, sostenibles i respectuosos amb el medi ambient i on Les sigui un lloc ideal per a poder desenvolupar un projecte de vida en el qual el benestar de les persones sigui l&#8217;objectiu central.<\/p>\n","protected":false},"excerpt":{"rendered":"<p>Qu\u00e8 t&#8217;impulsa a presentar-te de nou com a candidat a l&#8217;alcaldia de Les? Ha estat una decisi\u00f3 molt meditada a causa de la gran responsabilitat que suposa ser alcalde, per\u00f2 mantenint el mateix nivell de comprom\u00eds que fa quatre anys, ja que les l\u00ednies de treball adoptades en diversos \u00e0mbits es veuen recompensades amb concessions [&hellip;]<\/p>\n","protected":false},"author":1,"featured_media":0,"comment_status":"open","ping_status":"open","sticky":false,"template":"","format":"standard","meta":{"_acf_changed":false,"_jetpack_memberships_contains_paid_content":false,"footnotes":""},"categories":[4],"tags":[],"class_list":["post-11628","post","type-post","status-publish","format-standard","hentry","category-eleccions-2019"],"acf":[],"yoast_head":"<!-- This site is optimized with the Yoast SEO plugin v27.5 - https:\/\/yoast.com\/product\/yoast-seo-wordpress\/ -->\n<title>Entrevista a Andreu Cort\u00e9s - Unitat d&#039;Aran<\/title>\n<meta name=\"robots\" content=\"index, follow, max-snippet:-1, max-image-preview:large, max-video-preview:-1\" \/>\n<link rel=\"canonical\" href=\"https:\/\/unitatdaran.org\/es\/eleccions-2019\/entrevista-a-andreu-cortes-cat\/\" \/>\n<meta property=\"og:locale\" content=\"es_ES\" \/>\n<meta property=\"og:type\" content=\"article\" \/>\n<meta property=\"og:title\" content=\"Entrevista a Andreu Cort\u00e9s - Unitat d&#039;Aran\" \/>\n<meta property=\"og:description\" content=\"Qu\u00e8 t&#8217;impulsa a presentar-te de nou com a candidat a l&#8217;alcaldia de Les? Ha estat una decisi\u00f3 molt meditada a causa de la gran responsabilitat que suposa ser alcalde, per\u00f2 mantenint el mateix nivell de comprom\u00eds que fa quatre anys, ja que les l\u00ednies de treball adoptades en diversos \u00e0mbits es veuen recompensades amb concessions [&hellip;]\" \/>\n<meta property=\"og:url\" content=\"https:\/\/unitatdaran.org\/es\/eleccions-2019\/entrevista-a-andreu-cortes-cat\/\" \/>\n<meta property=\"og:site_name\" content=\"Unitat d&#039;Aran\" \/>\n<meta property=\"article:publisher\" content=\"https:\/\/www.facebook.com\/UnitatAran\" \/>\n<meta property=\"article:published_time\" content=\"2023-04-11T13:52:08+00:00\" \/>\n<meta property=\"article:modified_time\" content=\"2023-04-12T10:54:39+00:00\" \/>\n<meta name=\"author\" content=\"Unitat d&#039;Aran\" \/>\n<meta name=\"twitter:card\" content=\"summary_large_image\" \/>\n<meta name=\"twitter:creator\" content=\"@unitatdaran\" \/>\n<meta name=\"twitter:site\" content=\"@unitatdaran\" \/>\n<meta name=\"twitter:label1\" content=\"Escrito por\" \/>\n\t<meta name=\"twitter:data1\" content=\"Unitat d&#039;Aran\" \/>\n\t<meta name=\"twitter:label2\" content=\"Tiempo de lectura\" \/>\n\t<meta name=\"twitter:data2\" content=\"7 minutos\" \/>\n<script type=\"application\/ld+json\" class=\"yoast-schema-graph\">{\"@context\":\"https:\\\/\\\/schema.org\",\"@graph\":[{\"@type\":\"Article\",\"@id\":\"https:\\\/\\\/unitatdaran.org\\\/es\\\/eleccions-2019\\\/entrevista-a-andreu-cortes-cat\\\/#article\",\"isPartOf\":{\"@id\":\"https:\\\/\\\/unitatdaran.org\\\/es\\\/eleccions-2019\\\/entrevista-a-andreu-cortes-cat\\\/\"},\"author\":{\"name\":\"Unitat d'Aran\",\"@id\":\"https:\\\/\\\/unitatdaran.org\\\/es\\\/#\\\/schema\\\/person\\\/2870f7a03282b9bf0e435870415e61bb\"},\"headline\":\"Entrevista a Andreu Cort\u00e9s\",\"datePublished\":\"2023-04-11T13:52:08+00:00\",\"dateModified\":\"2023-04-12T10:54:39+00:00\",\"mainEntityOfPage\":{\"@id\":\"https:\\\/\\\/unitatdaran.org\\\/es\\\/eleccions-2019\\\/entrevista-a-andreu-cortes-cat\\\/\"},\"wordCount\":1259,\"commentCount\":0,\"publisher\":{\"@id\":\"https:\\\/\\\/unitatdaran.org\\\/es\\\/#organization\"},\"articleSection\":[\"Eleccions Municipaus e Conselh Generau 2019\"],\"inLanguage\":\"es\",\"potentialAction\":[{\"@type\":\"CommentAction\",\"name\":\"Comment\",\"target\":[\"https:\\\/\\\/unitatdaran.org\\\/es\\\/eleccions-2019\\\/entrevista-a-andreu-cortes-cat\\\/#respond\"]}]},{\"@type\":\"WebPage\",\"@id\":\"https:\\\/\\\/unitatdaran.org\\\/es\\\/eleccions-2019\\\/entrevista-a-andreu-cortes-cat\\\/\",\"url\":\"https:\\\/\\\/unitatdaran.org\\\/es\\\/eleccions-2019\\\/entrevista-a-andreu-cortes-cat\\\/\",\"name\":\"Entrevista a Andreu Cort\u00e9s - Unitat d'Aran\",\"isPartOf\":{\"@id\":\"https:\\\/\\\/unitatdaran.org\\\/es\\\/#website\"},\"datePublished\":\"2023-04-11T13:52:08+00:00\",\"dateModified\":\"2023-04-12T10:54:39+00:00\",\"breadcrumb\":{\"@id\":\"https:\\\/\\\/unitatdaran.org\\\/es\\\/eleccions-2019\\\/entrevista-a-andreu-cortes-cat\\\/#breadcrumb\"},\"inLanguage\":\"es\",\"potentialAction\":[{\"@type\":\"ReadAction\",\"target\":[\"https:\\\/\\\/unitatdaran.org\\\/es\\\/eleccions-2019\\\/entrevista-a-andreu-cortes-cat\\\/\"]}]},{\"@type\":\"BreadcrumbList\",\"@id\":\"https:\\\/\\\/unitatdaran.org\\\/es\\\/eleccions-2019\\\/entrevista-a-andreu-cortes-cat\\\/#breadcrumb\",\"itemListElement\":[{\"@type\":\"ListItem\",\"position\":1,\"name\":\"Elecciones Municipales y Conselh Generau 2019\",\"item\":\"https:\\\/\\\/unitatdaran.org\\\/es\\\/category\\\/elecciones-2019\\\/\"},{\"@type\":\"ListItem\",\"position\":2,\"name\":\"Entrevista a Andreu Cort\u00e9s\"}]},{\"@type\":\"WebSite\",\"@id\":\"https:\\\/\\\/unitatdaran.org\\\/es\\\/#website\",\"url\":\"https:\\\/\\\/unitatdaran.org\\\/es\\\/\",\"name\":\"Unitat d'Aran\",\"description\":\"Nuestro proyecto es Aran. Aran eres t\u00fa\",\"publisher\":{\"@id\":\"https:\\\/\\\/unitatdaran.org\\\/es\\\/#organization\"},\"potentialAction\":[{\"@type\":\"SearchAction\",\"target\":{\"@type\":\"EntryPoint\",\"urlTemplate\":\"https:\\\/\\\/unitatdaran.org\\\/es\\\/?s={search_term_string}\"},\"query-input\":{\"@type\":\"PropertyValueSpecification\",\"valueRequired\":true,\"valueName\":\"search_term_string\"}}],\"inLanguage\":\"es\"},{\"@type\":\"Organization\",\"@id\":\"https:\\\/\\\/unitatdaran.org\\\/es\\\/#organization\",\"name\":\"Unitat d'Aran\",\"url\":\"https:\\\/\\\/unitatdaran.org\\\/es\\\/\",\"logo\":{\"@type\":\"ImageObject\",\"inLanguage\":\"es\",\"@id\":\"https:\\\/\\\/unitatdaran.org\\\/es\\\/#\\\/schema\\\/logo\\\/image\\\/\",\"url\":\"https:\\\/\\\/i0.wp.com\\\/unitatdaran.org\\\/wp-content\\\/uploads\\\/2021\\\/11\\\/logo.png?fit=2000%2C539&ssl=1\",\"contentUrl\":\"https:\\\/\\\/i0.wp.com\\\/unitatdaran.org\\\/wp-content\\\/uploads\\\/2021\\\/11\\\/logo.png?fit=2000%2C539&ssl=1\",\"width\":2000,\"height\":539,\"caption\":\"Unitat d'Aran\"},\"image\":{\"@id\":\"https:\\\/\\\/unitatdaran.org\\\/es\\\/#\\\/schema\\\/logo\\\/image\\\/\"},\"sameAs\":[\"https:\\\/\\\/www.facebook.com\\\/UnitatAran\",\"https:\\\/\\\/x.com\\\/unitatdaran\",\"https:\\\/\\\/instagram.com\\\/unitataran\"]},{\"@type\":\"Person\",\"@id\":\"https:\\\/\\\/unitatdaran.org\\\/es\\\/#\\\/schema\\\/person\\\/2870f7a03282b9bf0e435870415e61bb\",\"name\":\"Unitat d'Aran\",\"image\":{\"@type\":\"ImageObject\",\"inLanguage\":\"es\",\"@id\":\"https:\\\/\\\/secure.gravatar.com\\\/avatar\\\/bf8ef486d5842532d01c628a95d185dd5db38b0695bc63daa960f6506181b798?s=96&d=mm&r=g\",\"url\":\"https:\\\/\\\/secure.gravatar.com\\\/avatar\\\/bf8ef486d5842532d01c628a95d185dd5db38b0695bc63daa960f6506181b798?s=96&d=mm&r=g\",\"contentUrl\":\"https:\\\/\\\/secure.gravatar.com\\\/avatar\\\/bf8ef486d5842532d01c628a95d185dd5db38b0695bc63daa960f6506181b798?s=96&d=mm&r=g\",\"caption\":\"Unitat d'Aran\"},\"sameAs\":[\"https:\\\/\\\/new.unitatdaran.org\\\/\"],\"url\":\"https:\\\/\\\/unitatdaran.org\\\/es\\\/author\\\/admin\\\/\"}]}<\/script>\n<!-- \/ Yoast SEO plugin. -->","yoast_head_json":{"title":"Entrevista a Andreu Cort\u00e9s - Unitat d'Aran","robots":{"index":"index","follow":"follow","max-snippet":"max-snippet:-1","max-image-preview":"max-image-preview:large","max-video-preview":"max-video-preview:-1"},"canonical":"https:\/\/unitatdaran.org\/es\/eleccions-2019\/entrevista-a-andreu-cortes-cat\/","og_locale":"es_ES","og_type":"article","og_title":"Entrevista a Andreu Cort\u00e9s - Unitat d'Aran","og_description":"Qu\u00e8 t&#8217;impulsa a presentar-te de nou com a candidat a l&#8217;alcaldia de Les? Ha estat una decisi\u00f3 molt meditada a causa de la gran responsabilitat que suposa ser alcalde, per\u00f2 mantenint el mateix nivell de comprom\u00eds que fa quatre anys, ja que les l\u00ednies de treball adoptades en diversos \u00e0mbits es veuen recompensades amb concessions [&hellip;]","og_url":"https:\/\/unitatdaran.org\/es\/eleccions-2019\/entrevista-a-andreu-cortes-cat\/","og_site_name":"Unitat d'Aran","article_publisher":"https:\/\/www.facebook.com\/UnitatAran","article_published_time":"2023-04-11T13:52:08+00:00","article_modified_time":"2023-04-12T10:54:39+00:00","author":"Unitat d'Aran","twitter_card":"summary_large_image","twitter_creator":"@unitatdaran","twitter_site":"@unitatdaran","twitter_misc":{"Escrito por":"Unitat d'Aran","Tiempo de lectura":"7 minutos"},"schema":{"@context":"https:\/\/schema.org","@graph":[{"@type":"Article","@id":"https:\/\/unitatdaran.org\/es\/eleccions-2019\/entrevista-a-andreu-cortes-cat\/#article","isPartOf":{"@id":"https:\/\/unitatdaran.org\/es\/eleccions-2019\/entrevista-a-andreu-cortes-cat\/"},"author":{"name":"Unitat d'Aran","@id":"https:\/\/unitatdaran.org\/es\/#\/schema\/person\/2870f7a03282b9bf0e435870415e61bb"},"headline":"Entrevista a Andreu Cort\u00e9s","datePublished":"2023-04-11T13:52:08+00:00","dateModified":"2023-04-12T10:54:39+00:00","mainEntityOfPage":{"@id":"https:\/\/unitatdaran.org\/es\/eleccions-2019\/entrevista-a-andreu-cortes-cat\/"},"wordCount":1259,"commentCount":0,"publisher":{"@id":"https:\/\/unitatdaran.org\/es\/#organization"},"articleSection":["Eleccions Municipaus e Conselh Generau 2019"],"inLanguage":"es","potentialAction":[{"@type":"CommentAction","name":"Comment","target":["https:\/\/unitatdaran.org\/es\/eleccions-2019\/entrevista-a-andreu-cortes-cat\/#respond"]}]},{"@type":"WebPage","@id":"https:\/\/unitatdaran.org\/es\/eleccions-2019\/entrevista-a-andreu-cortes-cat\/","url":"https:\/\/unitatdaran.org\/es\/eleccions-2019\/entrevista-a-andreu-cortes-cat\/","name":"Entrevista a Andreu Cort\u00e9s - Unitat d'Aran","isPartOf":{"@id":"https:\/\/unitatdaran.org\/es\/#website"},"datePublished":"2023-04-11T13:52:08+00:00","dateModified":"2023-04-12T10:54:39+00:00","breadcrumb":{"@id":"https:\/\/unitatdaran.org\/es\/eleccions-2019\/entrevista-a-andreu-cortes-cat\/#breadcrumb"},"inLanguage":"es","potentialAction":[{"@type":"ReadAction","target":["https:\/\/unitatdaran.org\/es\/eleccions-2019\/entrevista-a-andreu-cortes-cat\/"]}]},{"@type":"BreadcrumbList","@id":"https:\/\/unitatdaran.org\/es\/eleccions-2019\/entrevista-a-andreu-cortes-cat\/#breadcrumb","itemListElement":[{"@type":"ListItem","position":1,"name":"Elecciones Municipales y Conselh Generau 2019","item":"https:\/\/unitatdaran.org\/es\/category\/elecciones-2019\/"},{"@type":"ListItem","position":2,"name":"Entrevista a Andreu Cort\u00e9s"}]},{"@type":"WebSite","@id":"https:\/\/unitatdaran.org\/es\/#website","url":"https:\/\/unitatdaran.org\/es\/","name":"Unitat d'Aran","description":"Nuestro proyecto es Aran. Aran eres t\u00fa","publisher":{"@id":"https:\/\/unitatdaran.org\/es\/#organization"},"potentialAction":[{"@type":"SearchAction","target":{"@type":"EntryPoint","urlTemplate":"https:\/\/unitatdaran.org\/es\/?s={search_term_string}"},"query-input":{"@type":"PropertyValueSpecification","valueRequired":true,"valueName":"search_term_string"}}],"inLanguage":"es"},{"@type":"Organization","@id":"https:\/\/unitatdaran.org\/es\/#organization","name":"Unitat d'Aran","url":"https:\/\/unitatdaran.org\/es\/","logo":{"@type":"ImageObject","inLanguage":"es","@id":"https:\/\/unitatdaran.org\/es\/#\/schema\/logo\/image\/","url":"https:\/\/i0.wp.com\/unitatdaran.org\/wp-content\/uploads\/2021\/11\/logo.png?fit=2000%2C539&ssl=1","contentUrl":"https:\/\/i0.wp.com\/unitatdaran.org\/wp-content\/uploads\/2021\/11\/logo.png?fit=2000%2C539&ssl=1","width":2000,"height":539,"caption":"Unitat d'Aran"},"image":{"@id":"https:\/\/unitatdaran.org\/es\/#\/schema\/logo\/image\/"},"sameAs":["https:\/\/www.facebook.com\/UnitatAran","https:\/\/x.com\/unitatdaran","https:\/\/instagram.com\/unitataran"]},{"@type":"Person","@id":"https:\/\/unitatdaran.org\/es\/#\/schema\/person\/2870f7a03282b9bf0e435870415e61bb","name":"Unitat d'Aran","image":{"@type":"ImageObject","inLanguage":"es","@id":"https:\/\/secure.gravatar.com\/avatar\/bf8ef486d5842532d01c628a95d185dd5db38b0695bc63daa960f6506181b798?s=96&d=mm&r=g","url":"https:\/\/secure.gravatar.com\/avatar\/bf8ef486d5842532d01c628a95d185dd5db38b0695bc63daa960f6506181b798?s=96&d=mm&r=g","contentUrl":"https:\/\/secure.gravatar.com\/avatar\/bf8ef486d5842532d01c628a95d185dd5db38b0695bc63daa960f6506181b798?s=96&d=mm&r=g","caption":"Unitat d'Aran"},"sameAs":["https:\/\/new.unitatdaran.org\/"],"url":"https:\/\/unitatdaran.org\/es\/author\/admin\/"}]}},"jetpack_featured_media_url":"","jetpack_sharing_enabled":true,"_links":{"self":[{"href":"https:\/\/unitatdaran.org\/es\/wp-json\/wp\/v2\/posts\/11628","targetHints":{"allow":["GET"]}}],"collection":[{"href":"https:\/\/unitatdaran.org\/es\/wp-json\/wp\/v2\/posts"}],"about":[{"href":"https:\/\/unitatdaran.org\/es\/wp-json\/wp\/v2\/types\/post"}],"author":[{"embeddable":true,"href":"https:\/\/unitatdaran.org\/es\/wp-json\/wp\/v2\/users\/1"}],"replies":[{"embeddable":true,"href":"https:\/\/unitatdaran.org\/es\/wp-json\/wp\/v2\/comments?post=11628"}],"version-history":[{"count":3,"href":"https:\/\/unitatdaran.org\/es\/wp-json\/wp\/v2\/posts\/11628\/revisions"}],"predecessor-version":[{"id":11683,"href":"https:\/\/unitatdaran.org\/es\/wp-json\/wp\/v2\/posts\/11628\/revisions\/11683"}],"wp:attachment":[{"href":"https:\/\/unitatdaran.org\/es\/wp-json\/wp\/v2\/media?parent=11628"}],"wp:term":[{"taxonomy":"category","embeddable":true,"href":"https:\/\/unitatdaran.org\/es\/wp-json\/wp\/v2\/categories?post=11628"},{"taxonomy":"post_tag","embeddable":true,"href":"https:\/\/unitatdaran.org\/es\/wp-json\/wp\/v2\/tags?post=11628"}],"curies":[{"name":"wp","href":"https:\/\/api.w.org\/{rel}","templated":true}]}}