{"id":11624,"date":"2023-04-11T13:50:26","date_gmt":"2023-04-11T13:50:26","guid":{"rendered":"https:\/\/unitatdaran.org\/?p=11624"},"modified":"2023-04-12T11:03:43","modified_gmt":"2023-04-12T11:03:43","slug":"entrevista-a-rosa-mirat-cat","status":"publish","type":"post","link":"https:\/\/unitatdaran.org\/es\/eleccions-2019\/entrevista-a-rosa-mirat-cat\/","title":{"rendered":"Entrevista a Rosa Mirat"},"content":{"rendered":"\n<h2 class=\"wp-block-heading\">Qu\u00e8 t&#8217;impulsa a presentar-te com a candidata a l&#8217;alcaldia d&#8217;Es Bordes?<\/h2>\n\n\n\n<p>M&#8217;impulsen les ganes de continuar gestionant el meu municipi. \u00c9s gratificant poder gestionar i planificar com voldr\u00edem tenir els nostres pobles, encara que, a vegades, et trobes amb obstacles que t&#8217;impossibiliten dur a terme els teus objectius, b\u00e9 siguin per la falta de recursos humans o econ\u00f2mics.<\/p>\n\n\n\n<h2 class=\"wp-block-heading\">Quina \u00e9s la situaci\u00f3 actual d&#8217;Ajuntament respecte a com es trobava en 2019?&nbsp;<\/h2>\n\n\n\n<p>Puc dir que ara comptem amb un Ajuntament m\u00e9s modern, mes accessible, mes obert i m\u00e9s participatiu, gr\u00e0cies a les noves tecnologies implementades com poden ser les xarxes socials, l&#8217;aplicaci\u00f3 m\u00f2bil eAgora i, especialment, gr\u00e0cies a comptar amb una seu electr\u00f2nica que facilita la gestions del dia a dia dels els nostres ve\u00efns.<\/p>\n\n\n\n<h2 class=\"wp-block-heading\">Quan vas arribar en 2019 a l&#8217;alcaldia, t&#8217;esperaves que la legislatura seria aix\u00ed?&nbsp;<\/h2>\n\n\n\n<p>Mai ho hauria imaginat. Tenia clar que d&#8217;un pas endavant en la pol\u00edtica seria dif\u00edcil per motius de conciliaci\u00f3, per\u00f2 no em podia imaginar que hauria de gestionar tot un municipi sense comptar amb l&#8217;experi\u00e8ncia pr\u00e8via amb una pand\u00e8mia d&#8217;aquestes dimensions. Va ser dif\u00edcil, especialment durant els primers mesos, amb desconeixement i l&#8217;incert que ten\u00edem sobre el virus, hem hagut de caminar solos, sense mitjans o amb mitjans que en aquest moment podem aconseguir. Aix\u00ed i tot, remarcant la part positiva, puc dir que tampoc hagu\u00e9ssim imaginat mai la gran solidaritat dels nostres ve\u00efns i ve\u00efnes, i de la ciutadania aranesa en general. Tamb\u00e9 ens ha portat a preguntar-nos que municipi i que Vall d&#8217;Aran volem i, des de l&#8217;Ajuntament i el Conselh Generau d\u2019Aran, s&#8217;han proposat iniciatives relacionades amb la innovaci\u00f3. Travessar aquesta crisi sanit\u00e0ria i socials ens ha ajudat a obrir els ulls i veure quina \u00e9s la nova realitat i quals han de ser els nostres objectius.<\/p>\n\n\n\n<h2 class=\"wp-block-heading\">Quins consideres que s\u00f3n els principals reptes que haur\u00e0 d&#8217;encarar Es B\u00f2rdes en els pr\u00f2xims anys?<\/h2>\n\n\n\n<p>Per al nostre municipi \u00e9s un repte important \u00e9s la falta de recursos, que marca molt les nostres l\u00ednies de treball. Des de l&#8217;Ajuntament des B\u00f2rdes voldr\u00edem apostar per fonts d&#8217;energia menys contaminants, activar la nostra economia ja que no podem comptar amb molts negocis i, sobretot, intentar que els nostres pobles segueixin uns pobles vius, amb interacci\u00f3 social, i on poder desenvolupar un projecte de vida.&nbsp;<\/p>\n\n\n\n<h2 class=\"wp-block-heading\">Quines l\u00ednies estrat\u00e8giques planteja Unitat d\u2019Aran e Es B\u00f2rdes per a afrontar aquests reptes de futur?<\/h2>\n\n\n\n<p>Des de Unitat d\u2019Aran plantegem unes l\u00ednies estrat\u00e8giques especialment centrades en les persones, volem posar-les en el centre de les accions pol\u00edtiques que desenvolupem, Aix\u00ed mateix, tamb\u00e9 \u00e9s primordial poder posar en valor la nostra identitat pr\u00f2pia, a trav\u00e9s de la hist\u00f2ria, cultura i llengua aranesa. En aquest sentit, juntament amb el govern del Conselh Generau d\u2019Aran desenvolupem un projecte virtual per al nostre municipi per a dignificar les ru\u00efnes del Cast\u00e8th Leon i divulgar la seva import\u00e0ncia per al conjunt de la Vall d&#8217;Aran<\/p>\n\n\n\n<h2 class=\"wp-block-heading\">Qu\u00e8 pot aportar la candidatura d&#8217;Unitat d\u2019Aran al municipi respecte als altres grups pol\u00edtics?<\/h2>\n\n\n\n<p>La candidatura de Unitat d\u2019Aran per as B\u00f2rdes pot aportar planificaci\u00f3 i estrat\u00e8gia davant de l&#8217;incert que ofereix el futur en aspectes b\u00e0sics del dia a dia com poden ser el canvi clim\u00e0tic, la cura dels nostres boscos, o l&#8217;atenci\u00f3 a les persones. Som un equip amb uns objectius clars, amb ganes i solv\u00e8ncia per a gestionar els reptes del futur.<\/p>\n\n\n\n<h2 class=\"wp-block-heading\">Respecte al teu equip, hi haur\u00e0 canvis o comptes amb les mateixes persones?<\/h2>\n\n\n\n<p>Hi haur\u00e0 canvis en el nostre equip. Portem treballant junts des de 2007 i ara hem de dur a terme alguns canvis, per motius laborals i personals, per\u00f2 tamb\u00e9 per a tenir continu\u00eftat en un futur. En tot cas, comptem amb un equip de persones compromeses amb Es B\u00f2rdes, els seus pobles i la seva ciutadania, i donarem el millor de nosaltres per a estar a l&#8217;altura del municipi.&nbsp;<\/p>\n\n\n\n<h2 class=\"wp-block-heading\">Un desig<\/h2>\n\n\n\n<p>Poder continuar com fins ara, treballant per a cuidar a la Vall d&#8217;Aran i a les persones que viuen en ella.<\/p>\n","protected":false},"excerpt":{"rendered":"<p>Qu\u00e8 t&#8217;impulsa a presentar-te com a candidata a l&#8217;alcaldia d&#8217;Es Bordes? M&#8217;impulsen les ganes de continuar gestionant el meu municipi. \u00c9s gratificant poder gestionar i planificar com voldr\u00edem tenir els nostres pobles, encara que, a vegades, et trobes amb obstacles que t&#8217;impossibiliten dur a terme els teus objectius, b\u00e9 siguin per la falta de recursos [&hellip;]<\/p>\n","protected":false},"author":1,"featured_media":0,"comment_status":"open","ping_status":"open","sticky":false,"template":"","format":"standard","meta":{"_acf_changed":false,"_jetpack_memberships_contains_paid_content":false,"footnotes":""},"categories":[4],"tags":[],"class_list":["post-11624","post","type-post","status-publish","format-standard","hentry","category-eleccions-2019"],"acf":[],"yoast_head":"<!-- This site is optimized with the Yoast SEO plugin v27.5 - https:\/\/yoast.com\/product\/yoast-seo-wordpress\/ -->\n<title>Entrevista a Rosa Mirat - Unitat d&#039;Aran<\/title>\n<meta name=\"robots\" content=\"index, follow, max-snippet:-1, max-image-preview:large, max-video-preview:-1\" \/>\n<link rel=\"canonical\" href=\"https:\/\/unitatdaran.org\/es\/eleccions-2019\/entrevista-a-rosa-mirat-cat\/\" \/>\n<meta property=\"og:locale\" content=\"es_ES\" \/>\n<meta property=\"og:type\" content=\"article\" \/>\n<meta property=\"og:title\" content=\"Entrevista a Rosa Mirat - Unitat d&#039;Aran\" \/>\n<meta property=\"og:description\" content=\"Qu\u00e8 t&#8217;impulsa a presentar-te com a candidata a l&#8217;alcaldia d&#8217;Es Bordes? M&#8217;impulsen les ganes de continuar gestionant el meu municipi. \u00c9s gratificant poder gestionar i planificar com voldr\u00edem tenir els nostres pobles, encara que, a vegades, et trobes amb obstacles que t&#8217;impossibiliten dur a terme els teus objectius, b\u00e9 siguin per la falta de recursos [&hellip;]\" \/>\n<meta property=\"og:url\" content=\"https:\/\/unitatdaran.org\/es\/eleccions-2019\/entrevista-a-rosa-mirat-cat\/\" \/>\n<meta property=\"og:site_name\" content=\"Unitat d&#039;Aran\" \/>\n<meta property=\"article:publisher\" content=\"https:\/\/www.facebook.com\/UnitatAran\" \/>\n<meta property=\"article:published_time\" content=\"2023-04-11T13:50:26+00:00\" \/>\n<meta property=\"article:modified_time\" content=\"2023-04-12T11:03:43+00:00\" \/>\n<meta name=\"author\" content=\"Unitat d&#039;Aran\" \/>\n<meta name=\"twitter:card\" content=\"summary_large_image\" \/>\n<meta name=\"twitter:creator\" content=\"@unitatdaran\" \/>\n<meta name=\"twitter:site\" content=\"@unitatdaran\" \/>\n<meta name=\"twitter:label1\" content=\"Escrito por\" \/>\n\t<meta name=\"twitter:data1\" content=\"Unitat d&#039;Aran\" \/>\n\t<meta name=\"twitter:label2\" content=\"Tiempo de lectura\" \/>\n\t<meta name=\"twitter:data2\" content=\"4 minutos\" \/>\n<script type=\"application\/ld+json\" class=\"yoast-schema-graph\">{\"@context\":\"https:\\\/\\\/schema.org\",\"@graph\":[{\"@type\":\"Article\",\"@id\":\"https:\\\/\\\/unitatdaran.org\\\/es\\\/eleccions-2019\\\/entrevista-a-rosa-mirat-cat\\\/#article\",\"isPartOf\":{\"@id\":\"https:\\\/\\\/unitatdaran.org\\\/es\\\/eleccions-2019\\\/entrevista-a-rosa-mirat-cat\\\/\"},\"author\":{\"name\":\"Unitat d'Aran\",\"@id\":\"https:\\\/\\\/unitatdaran.org\\\/es\\\/#\\\/schema\\\/person\\\/2870f7a03282b9bf0e435870415e61bb\"},\"headline\":\"Entrevista a Rosa Mirat\",\"datePublished\":\"2023-04-11T13:50:26+00:00\",\"dateModified\":\"2023-04-12T11:03:43+00:00\",\"mainEntityOfPage\":{\"@id\":\"https:\\\/\\\/unitatdaran.org\\\/es\\\/eleccions-2019\\\/entrevista-a-rosa-mirat-cat\\\/\"},\"wordCount\":743,\"commentCount\":0,\"publisher\":{\"@id\":\"https:\\\/\\\/unitatdaran.org\\\/es\\\/#organization\"},\"articleSection\":[\"Eleccions Municipaus e Conselh Generau 2019\"],\"inLanguage\":\"es\",\"potentialAction\":[{\"@type\":\"CommentAction\",\"name\":\"Comment\",\"target\":[\"https:\\\/\\\/unitatdaran.org\\\/es\\\/eleccions-2019\\\/entrevista-a-rosa-mirat-cat\\\/#respond\"]}]},{\"@type\":\"WebPage\",\"@id\":\"https:\\\/\\\/unitatdaran.org\\\/es\\\/eleccions-2019\\\/entrevista-a-rosa-mirat-cat\\\/\",\"url\":\"https:\\\/\\\/unitatdaran.org\\\/es\\\/eleccions-2019\\\/entrevista-a-rosa-mirat-cat\\\/\",\"name\":\"Entrevista a Rosa Mirat - Unitat d'Aran\",\"isPartOf\":{\"@id\":\"https:\\\/\\\/unitatdaran.org\\\/es\\\/#website\"},\"datePublished\":\"2023-04-11T13:50:26+00:00\",\"dateModified\":\"2023-04-12T11:03:43+00:00\",\"breadcrumb\":{\"@id\":\"https:\\\/\\\/unitatdaran.org\\\/es\\\/eleccions-2019\\\/entrevista-a-rosa-mirat-cat\\\/#breadcrumb\"},\"inLanguage\":\"es\",\"potentialAction\":[{\"@type\":\"ReadAction\",\"target\":[\"https:\\\/\\\/unitatdaran.org\\\/es\\\/eleccions-2019\\\/entrevista-a-rosa-mirat-cat\\\/\"]}]},{\"@type\":\"BreadcrumbList\",\"@id\":\"https:\\\/\\\/unitatdaran.org\\\/es\\\/eleccions-2019\\\/entrevista-a-rosa-mirat-cat\\\/#breadcrumb\",\"itemListElement\":[{\"@type\":\"ListItem\",\"position\":1,\"name\":\"Elecciones Municipales y Conselh Generau 2019\",\"item\":\"https:\\\/\\\/unitatdaran.org\\\/es\\\/category\\\/elecciones-2019\\\/\"},{\"@type\":\"ListItem\",\"position\":2,\"name\":\"Entrevista a Rosa Mirat\"}]},{\"@type\":\"WebSite\",\"@id\":\"https:\\\/\\\/unitatdaran.org\\\/es\\\/#website\",\"url\":\"https:\\\/\\\/unitatdaran.org\\\/es\\\/\",\"name\":\"Unitat d'Aran\",\"description\":\"Nuestro proyecto es Aran. Aran eres t\u00fa\",\"publisher\":{\"@id\":\"https:\\\/\\\/unitatdaran.org\\\/es\\\/#organization\"},\"potentialAction\":[{\"@type\":\"SearchAction\",\"target\":{\"@type\":\"EntryPoint\",\"urlTemplate\":\"https:\\\/\\\/unitatdaran.org\\\/es\\\/?s={search_term_string}\"},\"query-input\":{\"@type\":\"PropertyValueSpecification\",\"valueRequired\":true,\"valueName\":\"search_term_string\"}}],\"inLanguage\":\"es\"},{\"@type\":\"Organization\",\"@id\":\"https:\\\/\\\/unitatdaran.org\\\/es\\\/#organization\",\"name\":\"Unitat d'Aran\",\"url\":\"https:\\\/\\\/unitatdaran.org\\\/es\\\/\",\"logo\":{\"@type\":\"ImageObject\",\"inLanguage\":\"es\",\"@id\":\"https:\\\/\\\/unitatdaran.org\\\/es\\\/#\\\/schema\\\/logo\\\/image\\\/\",\"url\":\"https:\\\/\\\/i0.wp.com\\\/unitatdaran.org\\\/wp-content\\\/uploads\\\/2021\\\/11\\\/logo.png?fit=2000%2C539&ssl=1\",\"contentUrl\":\"https:\\\/\\\/i0.wp.com\\\/unitatdaran.org\\\/wp-content\\\/uploads\\\/2021\\\/11\\\/logo.png?fit=2000%2C539&ssl=1\",\"width\":2000,\"height\":539,\"caption\":\"Unitat d'Aran\"},\"image\":{\"@id\":\"https:\\\/\\\/unitatdaran.org\\\/es\\\/#\\\/schema\\\/logo\\\/image\\\/\"},\"sameAs\":[\"https:\\\/\\\/www.facebook.com\\\/UnitatAran\",\"https:\\\/\\\/x.com\\\/unitatdaran\",\"https:\\\/\\\/instagram.com\\\/unitataran\"]},{\"@type\":\"Person\",\"@id\":\"https:\\\/\\\/unitatdaran.org\\\/es\\\/#\\\/schema\\\/person\\\/2870f7a03282b9bf0e435870415e61bb\",\"name\":\"Unitat d'Aran\",\"image\":{\"@type\":\"ImageObject\",\"inLanguage\":\"es\",\"@id\":\"https:\\\/\\\/secure.gravatar.com\\\/avatar\\\/bf8ef486d5842532d01c628a95d185dd5db38b0695bc63daa960f6506181b798?s=96&d=mm&r=g\",\"url\":\"https:\\\/\\\/secure.gravatar.com\\\/avatar\\\/bf8ef486d5842532d01c628a95d185dd5db38b0695bc63daa960f6506181b798?s=96&d=mm&r=g\",\"contentUrl\":\"https:\\\/\\\/secure.gravatar.com\\\/avatar\\\/bf8ef486d5842532d01c628a95d185dd5db38b0695bc63daa960f6506181b798?s=96&d=mm&r=g\",\"caption\":\"Unitat d'Aran\"},\"sameAs\":[\"https:\\\/\\\/new.unitatdaran.org\\\/\"],\"url\":\"https:\\\/\\\/unitatdaran.org\\\/es\\\/author\\\/admin\\\/\"}]}<\/script>\n<!-- \/ Yoast SEO plugin. -->","yoast_head_json":{"title":"Entrevista a Rosa Mirat - Unitat d'Aran","robots":{"index":"index","follow":"follow","max-snippet":"max-snippet:-1","max-image-preview":"max-image-preview:large","max-video-preview":"max-video-preview:-1"},"canonical":"https:\/\/unitatdaran.org\/es\/eleccions-2019\/entrevista-a-rosa-mirat-cat\/","og_locale":"es_ES","og_type":"article","og_title":"Entrevista a Rosa Mirat - Unitat d'Aran","og_description":"Qu\u00e8 t&#8217;impulsa a presentar-te com a candidata a l&#8217;alcaldia d&#8217;Es Bordes? M&#8217;impulsen les ganes de continuar gestionant el meu municipi. \u00c9s gratificant poder gestionar i planificar com voldr\u00edem tenir els nostres pobles, encara que, a vegades, et trobes amb obstacles que t&#8217;impossibiliten dur a terme els teus objectius, b\u00e9 siguin per la falta de recursos [&hellip;]","og_url":"https:\/\/unitatdaran.org\/es\/eleccions-2019\/entrevista-a-rosa-mirat-cat\/","og_site_name":"Unitat d'Aran","article_publisher":"https:\/\/www.facebook.com\/UnitatAran","article_published_time":"2023-04-11T13:50:26+00:00","article_modified_time":"2023-04-12T11:03:43+00:00","author":"Unitat d'Aran","twitter_card":"summary_large_image","twitter_creator":"@unitatdaran","twitter_site":"@unitatdaran","twitter_misc":{"Escrito por":"Unitat d'Aran","Tiempo de lectura":"4 minutos"},"schema":{"@context":"https:\/\/schema.org","@graph":[{"@type":"Article","@id":"https:\/\/unitatdaran.org\/es\/eleccions-2019\/entrevista-a-rosa-mirat-cat\/#article","isPartOf":{"@id":"https:\/\/unitatdaran.org\/es\/eleccions-2019\/entrevista-a-rosa-mirat-cat\/"},"author":{"name":"Unitat d'Aran","@id":"https:\/\/unitatdaran.org\/es\/#\/schema\/person\/2870f7a03282b9bf0e435870415e61bb"},"headline":"Entrevista a Rosa Mirat","datePublished":"2023-04-11T13:50:26+00:00","dateModified":"2023-04-12T11:03:43+00:00","mainEntityOfPage":{"@id":"https:\/\/unitatdaran.org\/es\/eleccions-2019\/entrevista-a-rosa-mirat-cat\/"},"wordCount":743,"commentCount":0,"publisher":{"@id":"https:\/\/unitatdaran.org\/es\/#organization"},"articleSection":["Eleccions Municipaus e Conselh Generau 2019"],"inLanguage":"es","potentialAction":[{"@type":"CommentAction","name":"Comment","target":["https:\/\/unitatdaran.org\/es\/eleccions-2019\/entrevista-a-rosa-mirat-cat\/#respond"]}]},{"@type":"WebPage","@id":"https:\/\/unitatdaran.org\/es\/eleccions-2019\/entrevista-a-rosa-mirat-cat\/","url":"https:\/\/unitatdaran.org\/es\/eleccions-2019\/entrevista-a-rosa-mirat-cat\/","name":"Entrevista a Rosa Mirat - Unitat d'Aran","isPartOf":{"@id":"https:\/\/unitatdaran.org\/es\/#website"},"datePublished":"2023-04-11T13:50:26+00:00","dateModified":"2023-04-12T11:03:43+00:00","breadcrumb":{"@id":"https:\/\/unitatdaran.org\/es\/eleccions-2019\/entrevista-a-rosa-mirat-cat\/#breadcrumb"},"inLanguage":"es","potentialAction":[{"@type":"ReadAction","target":["https:\/\/unitatdaran.org\/es\/eleccions-2019\/entrevista-a-rosa-mirat-cat\/"]}]},{"@type":"BreadcrumbList","@id":"https:\/\/unitatdaran.org\/es\/eleccions-2019\/entrevista-a-rosa-mirat-cat\/#breadcrumb","itemListElement":[{"@type":"ListItem","position":1,"name":"Elecciones Municipales y Conselh Generau 2019","item":"https:\/\/unitatdaran.org\/es\/category\/elecciones-2019\/"},{"@type":"ListItem","position":2,"name":"Entrevista a Rosa Mirat"}]},{"@type":"WebSite","@id":"https:\/\/unitatdaran.org\/es\/#website","url":"https:\/\/unitatdaran.org\/es\/","name":"Unitat d'Aran","description":"Nuestro proyecto es Aran. Aran eres t\u00fa","publisher":{"@id":"https:\/\/unitatdaran.org\/es\/#organization"},"potentialAction":[{"@type":"SearchAction","target":{"@type":"EntryPoint","urlTemplate":"https:\/\/unitatdaran.org\/es\/?s={search_term_string}"},"query-input":{"@type":"PropertyValueSpecification","valueRequired":true,"valueName":"search_term_string"}}],"inLanguage":"es"},{"@type":"Organization","@id":"https:\/\/unitatdaran.org\/es\/#organization","name":"Unitat d'Aran","url":"https:\/\/unitatdaran.org\/es\/","logo":{"@type":"ImageObject","inLanguage":"es","@id":"https:\/\/unitatdaran.org\/es\/#\/schema\/logo\/image\/","url":"https:\/\/i0.wp.com\/unitatdaran.org\/wp-content\/uploads\/2021\/11\/logo.png?fit=2000%2C539&ssl=1","contentUrl":"https:\/\/i0.wp.com\/unitatdaran.org\/wp-content\/uploads\/2021\/11\/logo.png?fit=2000%2C539&ssl=1","width":2000,"height":539,"caption":"Unitat d'Aran"},"image":{"@id":"https:\/\/unitatdaran.org\/es\/#\/schema\/logo\/image\/"},"sameAs":["https:\/\/www.facebook.com\/UnitatAran","https:\/\/x.com\/unitatdaran","https:\/\/instagram.com\/unitataran"]},{"@type":"Person","@id":"https:\/\/unitatdaran.org\/es\/#\/schema\/person\/2870f7a03282b9bf0e435870415e61bb","name":"Unitat d'Aran","image":{"@type":"ImageObject","inLanguage":"es","@id":"https:\/\/secure.gravatar.com\/avatar\/bf8ef486d5842532d01c628a95d185dd5db38b0695bc63daa960f6506181b798?s=96&d=mm&r=g","url":"https:\/\/secure.gravatar.com\/avatar\/bf8ef486d5842532d01c628a95d185dd5db38b0695bc63daa960f6506181b798?s=96&d=mm&r=g","contentUrl":"https:\/\/secure.gravatar.com\/avatar\/bf8ef486d5842532d01c628a95d185dd5db38b0695bc63daa960f6506181b798?s=96&d=mm&r=g","caption":"Unitat d'Aran"},"sameAs":["https:\/\/new.unitatdaran.org\/"],"url":"https:\/\/unitatdaran.org\/es\/author\/admin\/"}]}},"jetpack_featured_media_url":"","jetpack_sharing_enabled":true,"_links":{"self":[{"href":"https:\/\/unitatdaran.org\/es\/wp-json\/wp\/v2\/posts\/11624","targetHints":{"allow":["GET"]}}],"collection":[{"href":"https:\/\/unitatdaran.org\/es\/wp-json\/wp\/v2\/posts"}],"about":[{"href":"https:\/\/unitatdaran.org\/es\/wp-json\/wp\/v2\/types\/post"}],"author":[{"embeddable":true,"href":"https:\/\/unitatdaran.org\/es\/wp-json\/wp\/v2\/users\/1"}],"replies":[{"embeddable":true,"href":"https:\/\/unitatdaran.org\/es\/wp-json\/wp\/v2\/comments?post=11624"}],"version-history":[{"count":4,"href":"https:\/\/unitatdaran.org\/es\/wp-json\/wp\/v2\/posts\/11624\/revisions"}],"predecessor-version":[{"id":11694,"href":"https:\/\/unitatdaran.org\/es\/wp-json\/wp\/v2\/posts\/11624\/revisions\/11694"}],"wp:attachment":[{"href":"https:\/\/unitatdaran.org\/es\/wp-json\/wp\/v2\/media?parent=11624"}],"wp:term":[{"taxonomy":"category","embeddable":true,"href":"https:\/\/unitatdaran.org\/es\/wp-json\/wp\/v2\/categories?post=11624"},{"taxonomy":"post_tag","embeddable":true,"href":"https:\/\/unitatdaran.org\/es\/wp-json\/wp\/v2\/tags?post=11624"}],"curies":[{"name":"wp","href":"https:\/\/api.w.org\/{rel}","templated":true}]}}