{"id":11615,"date":"2023-04-11T13:44:09","date_gmt":"2023-04-11T13:44:09","guid":{"rendered":"https:\/\/unitatdaran.org\/?p=11615"},"modified":"2023-04-12T10:56:24","modified_gmt":"2023-04-12T10:56:24","slug":"entrevista-a-marc-tarrau-es","status":"publish","type":"post","link":"https:\/\/unitatdaran.org\/es\/eleccions-2019\/entrevista-a-marc-tarrau-es\/","title":{"rendered":"Entrevista a Marc Tarrau"},"content":{"rendered":"\n<h2 class=\"wp-block-heading\">Este a\u00f1o te presentas por primera vez como alcalde de Naut Aran. \u00bfQu\u00e9 te ha impulsado a dar este paso?<\/h2>\n\n\n\n<p>Despu\u00e9s de meditar mucho y valorar todas las opciones, he decidido dar este paso impulsado, especialmente, por las ganas de trabajar por el municipio que me ha visto crecer y todas las personas que viven en \u00e9l. Quiero ser \u00fatil para mis vecinos y vecinas, impulsar nuevos proyectos, dar respuesta a las necesidades de nuestra gente y hacer avanzar a nuestros pueblos en el siglo XXI.<\/p>\n\n\n\n<h2 class=\"wp-block-heading\">\u00bfC\u00f3mo has vivido la \u00faltima legislatura como presidente de la EMD de Bagergue?<\/h2>\n\n\n\n<p>En 2019 opt\u00e9 por la reelecci\u00f3n para la alcald\u00eda de Bagergue, con el objetivo de continuar con el camino que iniciamos en 2015. Este trayecto se interrumpi\u00f3 en marzo de 2020, cuando apareci\u00f3 la pandemia de COVID. Ha sido una legislatura compleja y dif\u00edcil para nuestra econom\u00eda y vidas personales. Pero, como araneses y aranesas, personas fuertes y de monta\u00f1a, lo hemos podido superar. Ahora, se abre un nuevo horizonte para Naut Aran y creo que debemos estar a la altura de los cambios y retos futuros que tendr\u00e1 que enfrentar nuestro municipio en los pr\u00f3ximos a\u00f1os, adapt\u00e1ndonos a una nueva econom\u00eda, m\u00e1s sostenible y centrada en el bienestar de las personas.&nbsp;<\/p>\n\n\n\n<h2 class=\"wp-block-heading\">\u00bfC\u00f3mo valoras el papel de UA en la oposici\u00f3n del Naut Aran en esta \u00faltima legislatura?&nbsp;<\/h2>\n\n\n\n<p>En 2021, mis compa\u00f1eros y compa\u00f1eras me brindaron la oportunidad de ser el portavoz de UA en el Ayuntamiento de Naut Aran, hemos intentado tener un papel y una postura constructiva y con criterio propio, sin dejarnos llevar por la demagogia y el mensaje r\u00e1pido y vac\u00edo de contenido. Nuestra prioridad ha sido siempre velar por los intereses y el bienestar de nuestros vecinos y vecinas, y mantener pueblos cuidados y sostenibles. De hecho, el partido en gobierno ha decidido aplicar muchas de nuestras propuestas. Somos un partido formado por personas con capacidad de gobernar y, por tanto, UA en Naut Aran es y debe ser la mejor manera de poder representar a la sociedad del municipio.<\/p>\n\n\n\n<h2 class=\"wp-block-heading\">\u00bfCu\u00e1les consideras que son los principales retos que tendr\u00e1 que enfrentar Naut Aran en los pr\u00f3ximos a\u00f1os?<\/h2>\n\n\n\n<p>En primer lugar, Naut Aran tiene que dejar de ser el municipio del Valle de Ar\u00e1n en el que solo se habla de urbanismo. Tenemos que liderar un proyecto realista, con acciones innovadoras y novedosas que permitan construir una nueva econom\u00eda, m\u00e1s sostenible y diversificada, ofrecer servicios p\u00fablicos de excelencia, a la altura de lo que merece nuestra ciudadan\u00eda. Tenemos que enfrentar el problema de la vivienda, permitiendo a nuestra juventud vivir en Naut Aran. En definitiva, tenemos que aportar un valor a\u00f1adido a la vida de nuestros vecinos y vecinas.<\/p>\n\n\n\n<h2 class=\"wp-block-heading\">\u00bfQu\u00e9 l\u00edneas estrat\u00e9gicas plantea Unitat d\u2019Aran en Naut Aran para enfrentar estos retos futuros?<\/h2>\n\n\n\n<p>Las l\u00edneas estrat\u00e9gicas que planteamos se centran en poner a las personas en el centro de las acciones y pol\u00edticas a desarrollar, como eje central. Queremos impulsar una vivienda digna y accesible para nuestros j\u00f3venes, manteniendo tambi\u00e9n pueblos vivos y activos. Es necesario impulsar un consumo energ\u00e9tico que sea respetuoso con la tierra que nos ha visto crecer, adapt\u00e1ndonos a las normativas actuales y consiguiendo un ahorro importante mientras transitamos a un modelo menos contaminante. Tambi\u00e9n es importante para nosotros avanzar hacia una nueva econom\u00eda, que pueda ser una alternativa a todo lo que hemos conocido en estos \u00faltimos a\u00f1os, dando soporte a proyectos innovadores y personas emprendedoras, que nos permitan atraer y retener el talento joven.<\/p>\n\n\n\n<h2 class=\"wp-block-heading\">\u00bfQu\u00e9 puede aportar la candidatura de Unitat d\u2019Aran al municipio respecto a otros grupos pol\u00edticos?<\/h2>\n\n\n\n<p>Puede aportar experiencia de gobierno gracias a nuestras trayectorias, juventud y mucha innovaci\u00f3n. Somos un equipo con una mirada de futuro para avanzar en los cambios que est\u00e1n por llegar. Una candidatura que estima Naut Aran y que puede ayudar a nuestros pueblos y vecinos y vecinas a atravesar los nuevos retos de este mundo que, como hemos visto debido a la crisis sanitaria que acabamos de pasar, es tan cambiante.<\/p>\n\n\n\n<h2 class=\"wp-block-heading\">Un deseo.<\/h2>\n\n\n\n<p>Para m\u00ed, mi deseo ser\u00eda que los vecinos y vecinas de Naut Aran puedan estar orgullosos de sus representantes en el Ayuntamiento, y que estos est\u00e9n siempre a la altura de la responsabilidad y la confianza que depositan las personas en nosotros.<\/p>\n","protected":false},"excerpt":{"rendered":"<p>Este a\u00f1o te presentas por primera vez como alcalde de Naut Aran. \u00bfQu\u00e9 te ha impulsado a dar este paso? Despu\u00e9s de meditar mucho y valorar todas las opciones, he decidido dar este paso impulsado, especialmente, por las ganas de trabajar por el municipio que me ha visto crecer y todas las personas que viven [&hellip;]<\/p>\n","protected":false},"author":1,"featured_media":0,"comment_status":"open","ping_status":"open","sticky":false,"template":"","format":"standard","meta":{"_acf_changed":false,"_jetpack_memberships_contains_paid_content":false,"footnotes":""},"categories":[4],"tags":[],"class_list":["post-11615","post","type-post","status-publish","format-standard","hentry","category-eleccions-2019"],"acf":[],"yoast_head":"<!-- This site is optimized with the Yoast SEO plugin v27.5 - https:\/\/yoast.com\/product\/yoast-seo-wordpress\/ -->\n<title>Entrevista a Marc Tarrau - Unitat d&#039;Aran<\/title>\n<meta name=\"robots\" content=\"index, follow, max-snippet:-1, max-image-preview:large, max-video-preview:-1\" \/>\n<link rel=\"canonical\" href=\"https:\/\/unitatdaran.org\/es\/eleccions-2019\/entrevista-a-marc-tarrau-es\/\" \/>\n<meta property=\"og:locale\" content=\"es_ES\" \/>\n<meta property=\"og:type\" content=\"article\" \/>\n<meta property=\"og:title\" content=\"Entrevista a Marc Tarrau - Unitat d&#039;Aran\" \/>\n<meta property=\"og:description\" content=\"Este a\u00f1o te presentas por primera vez como alcalde de Naut Aran. \u00bfQu\u00e9 te ha impulsado a dar este paso? Despu\u00e9s de meditar mucho y valorar todas las opciones, he decidido dar este paso impulsado, especialmente, por las ganas de trabajar por el municipio que me ha visto crecer y todas las personas que viven [&hellip;]\" \/>\n<meta property=\"og:url\" content=\"https:\/\/unitatdaran.org\/es\/eleccions-2019\/entrevista-a-marc-tarrau-es\/\" \/>\n<meta property=\"og:site_name\" content=\"Unitat d&#039;Aran\" \/>\n<meta property=\"article:publisher\" content=\"https:\/\/www.facebook.com\/UnitatAran\" \/>\n<meta property=\"article:published_time\" content=\"2023-04-11T13:44:09+00:00\" \/>\n<meta property=\"article:modified_time\" content=\"2023-04-12T10:56:24+00:00\" \/>\n<meta name=\"author\" content=\"Unitat d&#039;Aran\" \/>\n<meta name=\"twitter:card\" content=\"summary_large_image\" \/>\n<meta name=\"twitter:creator\" content=\"@unitatdaran\" \/>\n<meta name=\"twitter:site\" content=\"@unitatdaran\" \/>\n<meta name=\"twitter:label1\" content=\"Escrito por\" \/>\n\t<meta name=\"twitter:data1\" content=\"Unitat d&#039;Aran\" \/>\n\t<meta name=\"twitter:label2\" content=\"Tiempo de lectura\" \/>\n\t<meta name=\"twitter:data2\" content=\"4 minutos\" \/>\n<script type=\"application\/ld+json\" class=\"yoast-schema-graph\">{\"@context\":\"https:\\\/\\\/schema.org\",\"@graph\":[{\"@type\":\"Article\",\"@id\":\"https:\\\/\\\/unitatdaran.org\\\/es\\\/eleccions-2019\\\/entrevista-a-marc-tarrau-es\\\/#article\",\"isPartOf\":{\"@id\":\"https:\\\/\\\/unitatdaran.org\\\/es\\\/eleccions-2019\\\/entrevista-a-marc-tarrau-es\\\/\"},\"author\":{\"name\":\"Unitat d'Aran\",\"@id\":\"https:\\\/\\\/unitatdaran.org\\\/es\\\/#\\\/schema\\\/person\\\/2870f7a03282b9bf0e435870415e61bb\"},\"headline\":\"Entrevista a Marc Tarrau\",\"datePublished\":\"2023-04-11T13:44:09+00:00\",\"dateModified\":\"2023-04-12T10:56:24+00:00\",\"mainEntityOfPage\":{\"@id\":\"https:\\\/\\\/unitatdaran.org\\\/es\\\/eleccions-2019\\\/entrevista-a-marc-tarrau-es\\\/\"},\"wordCount\":762,\"commentCount\":0,\"publisher\":{\"@id\":\"https:\\\/\\\/unitatdaran.org\\\/es\\\/#organization\"},\"articleSection\":[\"Eleccions Municipaus e Conselh Generau 2019\"],\"inLanguage\":\"es\",\"potentialAction\":[{\"@type\":\"CommentAction\",\"name\":\"Comment\",\"target\":[\"https:\\\/\\\/unitatdaran.org\\\/es\\\/eleccions-2019\\\/entrevista-a-marc-tarrau-es\\\/#respond\"]}]},{\"@type\":\"WebPage\",\"@id\":\"https:\\\/\\\/unitatdaran.org\\\/es\\\/eleccions-2019\\\/entrevista-a-marc-tarrau-es\\\/\",\"url\":\"https:\\\/\\\/unitatdaran.org\\\/es\\\/eleccions-2019\\\/entrevista-a-marc-tarrau-es\\\/\",\"name\":\"Entrevista a Marc Tarrau - Unitat d'Aran\",\"isPartOf\":{\"@id\":\"https:\\\/\\\/unitatdaran.org\\\/es\\\/#website\"},\"datePublished\":\"2023-04-11T13:44:09+00:00\",\"dateModified\":\"2023-04-12T10:56:24+00:00\",\"breadcrumb\":{\"@id\":\"https:\\\/\\\/unitatdaran.org\\\/es\\\/eleccions-2019\\\/entrevista-a-marc-tarrau-es\\\/#breadcrumb\"},\"inLanguage\":\"es\",\"potentialAction\":[{\"@type\":\"ReadAction\",\"target\":[\"https:\\\/\\\/unitatdaran.org\\\/es\\\/eleccions-2019\\\/entrevista-a-marc-tarrau-es\\\/\"]}]},{\"@type\":\"BreadcrumbList\",\"@id\":\"https:\\\/\\\/unitatdaran.org\\\/es\\\/eleccions-2019\\\/entrevista-a-marc-tarrau-es\\\/#breadcrumb\",\"itemListElement\":[{\"@type\":\"ListItem\",\"position\":1,\"name\":\"Elecciones Municipales y Conselh Generau 2019\",\"item\":\"https:\\\/\\\/unitatdaran.org\\\/es\\\/category\\\/elecciones-2019\\\/\"},{\"@type\":\"ListItem\",\"position\":2,\"name\":\"Entrevista a Marc Tarrau\"}]},{\"@type\":\"WebSite\",\"@id\":\"https:\\\/\\\/unitatdaran.org\\\/es\\\/#website\",\"url\":\"https:\\\/\\\/unitatdaran.org\\\/es\\\/\",\"name\":\"Unitat d'Aran\",\"description\":\"Nuestro proyecto es Aran. Aran eres t\u00fa\",\"publisher\":{\"@id\":\"https:\\\/\\\/unitatdaran.org\\\/es\\\/#organization\"},\"potentialAction\":[{\"@type\":\"SearchAction\",\"target\":{\"@type\":\"EntryPoint\",\"urlTemplate\":\"https:\\\/\\\/unitatdaran.org\\\/es\\\/?s={search_term_string}\"},\"query-input\":{\"@type\":\"PropertyValueSpecification\",\"valueRequired\":true,\"valueName\":\"search_term_string\"}}],\"inLanguage\":\"es\"},{\"@type\":\"Organization\",\"@id\":\"https:\\\/\\\/unitatdaran.org\\\/es\\\/#organization\",\"name\":\"Unitat d'Aran\",\"url\":\"https:\\\/\\\/unitatdaran.org\\\/es\\\/\",\"logo\":{\"@type\":\"ImageObject\",\"inLanguage\":\"es\",\"@id\":\"https:\\\/\\\/unitatdaran.org\\\/es\\\/#\\\/schema\\\/logo\\\/image\\\/\",\"url\":\"https:\\\/\\\/i0.wp.com\\\/unitatdaran.org\\\/wp-content\\\/uploads\\\/2021\\\/11\\\/logo.png?fit=2000%2C539&ssl=1\",\"contentUrl\":\"https:\\\/\\\/i0.wp.com\\\/unitatdaran.org\\\/wp-content\\\/uploads\\\/2021\\\/11\\\/logo.png?fit=2000%2C539&ssl=1\",\"width\":2000,\"height\":539,\"caption\":\"Unitat d'Aran\"},\"image\":{\"@id\":\"https:\\\/\\\/unitatdaran.org\\\/es\\\/#\\\/schema\\\/logo\\\/image\\\/\"},\"sameAs\":[\"https:\\\/\\\/www.facebook.com\\\/UnitatAran\",\"https:\\\/\\\/x.com\\\/unitatdaran\",\"https:\\\/\\\/instagram.com\\\/unitataran\"]},{\"@type\":\"Person\",\"@id\":\"https:\\\/\\\/unitatdaran.org\\\/es\\\/#\\\/schema\\\/person\\\/2870f7a03282b9bf0e435870415e61bb\",\"name\":\"Unitat d'Aran\",\"image\":{\"@type\":\"ImageObject\",\"inLanguage\":\"es\",\"@id\":\"https:\\\/\\\/secure.gravatar.com\\\/avatar\\\/bf8ef486d5842532d01c628a95d185dd5db38b0695bc63daa960f6506181b798?s=96&d=mm&r=g\",\"url\":\"https:\\\/\\\/secure.gravatar.com\\\/avatar\\\/bf8ef486d5842532d01c628a95d185dd5db38b0695bc63daa960f6506181b798?s=96&d=mm&r=g\",\"contentUrl\":\"https:\\\/\\\/secure.gravatar.com\\\/avatar\\\/bf8ef486d5842532d01c628a95d185dd5db38b0695bc63daa960f6506181b798?s=96&d=mm&r=g\",\"caption\":\"Unitat d'Aran\"},\"sameAs\":[\"https:\\\/\\\/new.unitatdaran.org\\\/\"],\"url\":\"https:\\\/\\\/unitatdaran.org\\\/es\\\/author\\\/admin\\\/\"}]}<\/script>\n<!-- \/ Yoast SEO plugin. -->","yoast_head_json":{"title":"Entrevista a Marc Tarrau - Unitat d'Aran","robots":{"index":"index","follow":"follow","max-snippet":"max-snippet:-1","max-image-preview":"max-image-preview:large","max-video-preview":"max-video-preview:-1"},"canonical":"https:\/\/unitatdaran.org\/es\/eleccions-2019\/entrevista-a-marc-tarrau-es\/","og_locale":"es_ES","og_type":"article","og_title":"Entrevista a Marc Tarrau - Unitat d'Aran","og_description":"Este a\u00f1o te presentas por primera vez como alcalde de Naut Aran. \u00bfQu\u00e9 te ha impulsado a dar este paso? Despu\u00e9s de meditar mucho y valorar todas las opciones, he decidido dar este paso impulsado, especialmente, por las ganas de trabajar por el municipio que me ha visto crecer y todas las personas que viven [&hellip;]","og_url":"https:\/\/unitatdaran.org\/es\/eleccions-2019\/entrevista-a-marc-tarrau-es\/","og_site_name":"Unitat d'Aran","article_publisher":"https:\/\/www.facebook.com\/UnitatAran","article_published_time":"2023-04-11T13:44:09+00:00","article_modified_time":"2023-04-12T10:56:24+00:00","author":"Unitat d'Aran","twitter_card":"summary_large_image","twitter_creator":"@unitatdaran","twitter_site":"@unitatdaran","twitter_misc":{"Escrito por":"Unitat d'Aran","Tiempo de lectura":"4 minutos"},"schema":{"@context":"https:\/\/schema.org","@graph":[{"@type":"Article","@id":"https:\/\/unitatdaran.org\/es\/eleccions-2019\/entrevista-a-marc-tarrau-es\/#article","isPartOf":{"@id":"https:\/\/unitatdaran.org\/es\/eleccions-2019\/entrevista-a-marc-tarrau-es\/"},"author":{"name":"Unitat d'Aran","@id":"https:\/\/unitatdaran.org\/es\/#\/schema\/person\/2870f7a03282b9bf0e435870415e61bb"},"headline":"Entrevista a Marc Tarrau","datePublished":"2023-04-11T13:44:09+00:00","dateModified":"2023-04-12T10:56:24+00:00","mainEntityOfPage":{"@id":"https:\/\/unitatdaran.org\/es\/eleccions-2019\/entrevista-a-marc-tarrau-es\/"},"wordCount":762,"commentCount":0,"publisher":{"@id":"https:\/\/unitatdaran.org\/es\/#organization"},"articleSection":["Eleccions Municipaus e Conselh Generau 2019"],"inLanguage":"es","potentialAction":[{"@type":"CommentAction","name":"Comment","target":["https:\/\/unitatdaran.org\/es\/eleccions-2019\/entrevista-a-marc-tarrau-es\/#respond"]}]},{"@type":"WebPage","@id":"https:\/\/unitatdaran.org\/es\/eleccions-2019\/entrevista-a-marc-tarrau-es\/","url":"https:\/\/unitatdaran.org\/es\/eleccions-2019\/entrevista-a-marc-tarrau-es\/","name":"Entrevista a Marc Tarrau - Unitat d'Aran","isPartOf":{"@id":"https:\/\/unitatdaran.org\/es\/#website"},"datePublished":"2023-04-11T13:44:09+00:00","dateModified":"2023-04-12T10:56:24+00:00","breadcrumb":{"@id":"https:\/\/unitatdaran.org\/es\/eleccions-2019\/entrevista-a-marc-tarrau-es\/#breadcrumb"},"inLanguage":"es","potentialAction":[{"@type":"ReadAction","target":["https:\/\/unitatdaran.org\/es\/eleccions-2019\/entrevista-a-marc-tarrau-es\/"]}]},{"@type":"BreadcrumbList","@id":"https:\/\/unitatdaran.org\/es\/eleccions-2019\/entrevista-a-marc-tarrau-es\/#breadcrumb","itemListElement":[{"@type":"ListItem","position":1,"name":"Elecciones Municipales y Conselh Generau 2019","item":"https:\/\/unitatdaran.org\/es\/category\/elecciones-2019\/"},{"@type":"ListItem","position":2,"name":"Entrevista a Marc Tarrau"}]},{"@type":"WebSite","@id":"https:\/\/unitatdaran.org\/es\/#website","url":"https:\/\/unitatdaran.org\/es\/","name":"Unitat d'Aran","description":"Nuestro proyecto es Aran. Aran eres t\u00fa","publisher":{"@id":"https:\/\/unitatdaran.org\/es\/#organization"},"potentialAction":[{"@type":"SearchAction","target":{"@type":"EntryPoint","urlTemplate":"https:\/\/unitatdaran.org\/es\/?s={search_term_string}"},"query-input":{"@type":"PropertyValueSpecification","valueRequired":true,"valueName":"search_term_string"}}],"inLanguage":"es"},{"@type":"Organization","@id":"https:\/\/unitatdaran.org\/es\/#organization","name":"Unitat d'Aran","url":"https:\/\/unitatdaran.org\/es\/","logo":{"@type":"ImageObject","inLanguage":"es","@id":"https:\/\/unitatdaran.org\/es\/#\/schema\/logo\/image\/","url":"https:\/\/i0.wp.com\/unitatdaran.org\/wp-content\/uploads\/2021\/11\/logo.png?fit=2000%2C539&ssl=1","contentUrl":"https:\/\/i0.wp.com\/unitatdaran.org\/wp-content\/uploads\/2021\/11\/logo.png?fit=2000%2C539&ssl=1","width":2000,"height":539,"caption":"Unitat d'Aran"},"image":{"@id":"https:\/\/unitatdaran.org\/es\/#\/schema\/logo\/image\/"},"sameAs":["https:\/\/www.facebook.com\/UnitatAran","https:\/\/x.com\/unitatdaran","https:\/\/instagram.com\/unitataran"]},{"@type":"Person","@id":"https:\/\/unitatdaran.org\/es\/#\/schema\/person\/2870f7a03282b9bf0e435870415e61bb","name":"Unitat d'Aran","image":{"@type":"ImageObject","inLanguage":"es","@id":"https:\/\/secure.gravatar.com\/avatar\/bf8ef486d5842532d01c628a95d185dd5db38b0695bc63daa960f6506181b798?s=96&d=mm&r=g","url":"https:\/\/secure.gravatar.com\/avatar\/bf8ef486d5842532d01c628a95d185dd5db38b0695bc63daa960f6506181b798?s=96&d=mm&r=g","contentUrl":"https:\/\/secure.gravatar.com\/avatar\/bf8ef486d5842532d01c628a95d185dd5db38b0695bc63daa960f6506181b798?s=96&d=mm&r=g","caption":"Unitat d'Aran"},"sameAs":["https:\/\/new.unitatdaran.org\/"],"url":"https:\/\/unitatdaran.org\/es\/author\/admin\/"}]}},"jetpack_featured_media_url":"","jetpack_sharing_enabled":true,"_links":{"self":[{"href":"https:\/\/unitatdaran.org\/es\/wp-json\/wp\/v2\/posts\/11615","targetHints":{"allow":["GET"]}}],"collection":[{"href":"https:\/\/unitatdaran.org\/es\/wp-json\/wp\/v2\/posts"}],"about":[{"href":"https:\/\/unitatdaran.org\/es\/wp-json\/wp\/v2\/types\/post"}],"author":[{"embeddable":true,"href":"https:\/\/unitatdaran.org\/es\/wp-json\/wp\/v2\/users\/1"}],"replies":[{"embeddable":true,"href":"https:\/\/unitatdaran.org\/es\/wp-json\/wp\/v2\/comments?post=11615"}],"version-history":[{"count":3,"href":"https:\/\/unitatdaran.org\/es\/wp-json\/wp\/v2\/posts\/11615\/revisions"}],"predecessor-version":[{"id":11688,"href":"https:\/\/unitatdaran.org\/es\/wp-json\/wp\/v2\/posts\/11615\/revisions\/11688"}],"wp:attachment":[{"href":"https:\/\/unitatdaran.org\/es\/wp-json\/wp\/v2\/media?parent=11615"}],"wp:term":[{"taxonomy":"category","embeddable":true,"href":"https:\/\/unitatdaran.org\/es\/wp-json\/wp\/v2\/categories?post=11615"},{"taxonomy":"post_tag","embeddable":true,"href":"https:\/\/unitatdaran.org\/es\/wp-json\/wp\/v2\/tags?post=11615"}],"curies":[{"name":"wp","href":"https:\/\/api.w.org\/{rel}","templated":true}]}}