{"id":11613,"date":"2023-04-11T13:43:19","date_gmt":"2023-04-11T13:43:19","guid":{"rendered":"https:\/\/unitatdaran.org\/?p=11613"},"modified":"2023-04-12T10:55:46","modified_gmt":"2023-04-12T10:55:46","slug":"entrevista-a-marc-tarrau-cat","status":"publish","type":"post","link":"https:\/\/unitatdaran.org\/es\/eleccions-2019\/entrevista-a-marc-tarrau-cat\/","title":{"rendered":"Entrevista a Marc Tarrau"},"content":{"rendered":"\n<h2 class=\"wp-block-heading\">Enguany et presentes per primera vegada com a alcalde de Naut Aran. Qu\u00e8 t&#8217;ha impulsat a fer aquest pas?<\/h2>\n\n\n\n<p>Despr\u00e9s de meditar molt i valorar totes les opcions, he decidit fer aquest pas impulsat, especialment, per les ganes de treballar pel municipi que m&#8217;ha vist cr\u00e9ixer i totes les persones que viuen en ell. Vull ser \u00fatil per als meus ve\u00efns i ve\u00efnes, impulsar nous projectes, donar resposta a les necessitats de la nostra gent i fer avan\u00e7ar als nostres pobles en el segle XXI.<\/p>\n\n\n\n<h2 class=\"wp-block-heading\">Com has viscut l&#8217;\u00faltima legislatura com a president de l&#8217;EMD\u00a0de Bagergue?<\/h2>\n\n\n\n<p>En 2019 vaig optar per la reelecci\u00f3 per a l&#8217;alcaldia de Bagergue, amb l&#8217;objectiu de continuar amb el cam\u00ed que iniciem en 2015. Aquest trajecte es va interrompre al mar\u00e7 de 2020, quan va apar\u00e8ixer la pand\u00e8mia de&nbsp;COVID. Ha estat una legislatura complexa i dif\u00edcil per a la nostra economia i vides personals. Per\u00f2, com a aranesos i araneses, persones fortes i de muntanya, ho hem pogut superar. Ara, s&#8217;obre un nou horitz\u00f3 per a Naut Aran i crec que hem d&#8217;estar a l&#8217;altura dels canvis i reptes futurs que haur\u00e0 d&#8217;enfrontar el nostre municipi en els pr\u00f2xims anys, adaptant-nos a una nova economia, m\u00e9s sostenible i centrada en el benestar de les persones.&nbsp;<\/p>\n\n\n\n<h2 class=\"wp-block-heading\">Com valores el paper de UA en l&#8217;oposici\u00f3 del Naut Aran en aquesta \u00faltima legislatura?\u00a0<\/h2>\n\n\n\n<p>En 2021, els meus companys i companyes em van brindar l&#8217;oportunitat de ser el portaveu d&#8217;UA a l&#8217;Ajuntament de Naut Aran, hem intentat tenir un paper i una postura constructiva i amb criteri propi, sense deixar-nos portar per la demag\u00f2gia i el missatge r\u00e0pid i buit de contingut. La nostra prioritat ha estat sempre vetllar pels interessos i el benestar dels nostres ve\u00efns i ve\u00efnes, i mantenir pobles cuidats i sostenibles. De fet, el partit en govern ha decidit aplicar moltes de les nostres propostes. Som un partit format per persones amb capacitat de governar i, per tant, UA a Naut Aran \u00e9s i ha de ser la millor manera de poder representar a la societat del municipi.<\/p>\n\n\n\n<h2 class=\"wp-block-heading\">Quins consideres que s\u00f3n els principals reptes que haur\u00e0 d&#8217;enfrontar Naut Aran en els pr\u00f2xims anys?<\/h2>\n\n\n\n<p>En primer lloc, Naut Aran ha de deixar de ser el municipi de la Vall d&#8217;Aran en el qual nom\u00e9s es parla d&#8217;urbanisme. Hem de liderar un projecte realista, amb accions innovadores i noves que permetin construir una nova economia, m\u00e9s sostenible i diversificada, oferir serveis p\u00fablics d&#8217;excel\u00b7l\u00e8ncia, a l&#8217;altura del que mereix la nostra ciutadania. Hem d&#8217;enfrontar el problema de l&#8217;habitatge, permetent a la nostra joventut viure a Naut Aran. En definitiva, hem d&#8217;aportar un valor afegit a la vida dels nostres ve\u00efns i ve\u00efnes.<\/p>\n\n\n\n<h2 class=\"wp-block-heading\">Quines l\u00ednies estrat\u00e8giques planteja&nbsp;Unitat d\u2019Aran en&nbsp;Naut Aran per a enfrontar aquests reptes futurs?<\/h2>\n\n\n\n<p>Les l\u00ednies estrat\u00e8giques que plantegem se centren en posar a les persones en el centre de les accions i pol\u00edtiques a desenvolupar, com a eix central. Volem impulsar un habitatge digne i accessible per als nostres joves, mantenint tamb\u00e9 pobles vius i actius. \u00c9s necessari impulsar un consum energ\u00e8tic que sigui respectu\u00f3s amb la terra que ens ha vist cr\u00e9ixer, adaptant-nos a les normatives actuals i aconseguint un estalvi important mentre transitem a un model menys contaminant. Tamb\u00e9 \u00e9s important per a nosaltres avan\u00e7ar cap a una nova economia, que pugui ser una alternativa a tot el que hem conegut en aquests \u00faltims anys, donant suport a projectes innovadors i persones emprenedores, que ens permetin atreure i retenir el talent jove.<\/p>\n\n\n\n<h2 class=\"wp-block-heading\">Qu\u00e8 pot aportar la candidatura d&#8217;Unitat\u00a0d\u2019Aran al municipi respecte a altres grups pol\u00edtics?<\/h2>\n\n\n\n<p>Pot aportar experi\u00e8ncia de govern gr\u00e0cies a les nostres traject\u00f2ries, joventut i molta innovaci\u00f3. Som un equip amb una mirada de futur per a avan\u00e7ar en els canvis que estan per arribar. Una candidatura que estima Naut Aran i que pot ajudar els nostres pobles i ve\u00efns i ve\u00efnes a travessar els nous reptes d&#8217;aquest m\u00f3n que, com hem vist a causa de la crisi sanit\u00e0ria que acabem de passar, \u00e9s tan canviant.<\/p>\n\n\n\n<h2 class=\"wp-block-heading\">Un desig.<\/h2>\n\n\n\n<p>Per a mi, el meu desig seria que els ve\u00efns i ve\u00efnes de Naut Aran puguin estar orgullosos dels seus representants a l&#8217;Ajuntament, i que aquests estiguin sempre a l&#8217;altura de la responsabilitat i la confian\u00e7a que dipositen les persones en nosaltres.<\/p>\n","protected":false},"excerpt":{"rendered":"<p>Enguany et presentes per primera vegada com a alcalde de Naut Aran. Qu\u00e8 t&#8217;ha impulsat a fer aquest pas? Despr\u00e9s de meditar molt i valorar totes les opcions, he decidit fer aquest pas impulsat, especialment, per les ganes de treballar pel municipi que m&#8217;ha vist cr\u00e9ixer i totes les persones que viuen en ell. Vull [&hellip;]<\/p>\n","protected":false},"author":1,"featured_media":0,"comment_status":"open","ping_status":"open","sticky":false,"template":"","format":"standard","meta":{"_acf_changed":false,"_jetpack_memberships_contains_paid_content":false,"footnotes":""},"categories":[4],"tags":[],"class_list":["post-11613","post","type-post","status-publish","format-standard","hentry","category-eleccions-2019"],"acf":[],"yoast_head":"<!-- This site is optimized with the Yoast SEO plugin v27.5 - https:\/\/yoast.com\/product\/yoast-seo-wordpress\/ -->\n<title>Entrevista a Marc Tarrau - Unitat d&#039;Aran<\/title>\n<meta name=\"robots\" content=\"index, follow, max-snippet:-1, max-image-preview:large, max-video-preview:-1\" \/>\n<link rel=\"canonical\" href=\"https:\/\/unitatdaran.org\/es\/eleccions-2019\/entrevista-a-marc-tarrau-cat\/\" \/>\n<meta property=\"og:locale\" content=\"es_ES\" \/>\n<meta property=\"og:type\" content=\"article\" \/>\n<meta property=\"og:title\" content=\"Entrevista a Marc Tarrau - Unitat d&#039;Aran\" \/>\n<meta property=\"og:description\" content=\"Enguany et presentes per primera vegada com a alcalde de Naut Aran. Qu\u00e8 t&#8217;ha impulsat a fer aquest pas? Despr\u00e9s de meditar molt i valorar totes les opcions, he decidit fer aquest pas impulsat, especialment, per les ganes de treballar pel municipi que m&#8217;ha vist cr\u00e9ixer i totes les persones que viuen en ell. Vull [&hellip;]\" \/>\n<meta property=\"og:url\" content=\"https:\/\/unitatdaran.org\/es\/eleccions-2019\/entrevista-a-marc-tarrau-cat\/\" \/>\n<meta property=\"og:site_name\" content=\"Unitat d&#039;Aran\" \/>\n<meta property=\"article:publisher\" content=\"https:\/\/www.facebook.com\/UnitatAran\" \/>\n<meta property=\"article:published_time\" content=\"2023-04-11T13:43:19+00:00\" \/>\n<meta property=\"article:modified_time\" content=\"2023-04-12T10:55:46+00:00\" \/>\n<meta name=\"author\" content=\"Unitat d&#039;Aran\" \/>\n<meta name=\"twitter:card\" content=\"summary_large_image\" \/>\n<meta name=\"twitter:creator\" content=\"@unitatdaran\" \/>\n<meta name=\"twitter:site\" content=\"@unitatdaran\" \/>\n<meta name=\"twitter:label1\" content=\"Escrito por\" \/>\n\t<meta name=\"twitter:data1\" content=\"Unitat d&#039;Aran\" \/>\n\t<meta name=\"twitter:label2\" content=\"Tiempo de lectura\" \/>\n\t<meta name=\"twitter:data2\" content=\"4 minutos\" \/>\n<script type=\"application\/ld+json\" class=\"yoast-schema-graph\">{\"@context\":\"https:\\\/\\\/schema.org\",\"@graph\":[{\"@type\":\"Article\",\"@id\":\"https:\\\/\\\/unitatdaran.org\\\/es\\\/eleccions-2019\\\/entrevista-a-marc-tarrau-cat\\\/#article\",\"isPartOf\":{\"@id\":\"https:\\\/\\\/unitatdaran.org\\\/es\\\/eleccions-2019\\\/entrevista-a-marc-tarrau-cat\\\/\"},\"author\":{\"name\":\"Unitat d'Aran\",\"@id\":\"https:\\\/\\\/unitatdaran.org\\\/es\\\/#\\\/schema\\\/person\\\/2870f7a03282b9bf0e435870415e61bb\"},\"headline\":\"Entrevista a Marc Tarrau\",\"datePublished\":\"2023-04-11T13:43:19+00:00\",\"dateModified\":\"2023-04-12T10:55:46+00:00\",\"mainEntityOfPage\":{\"@id\":\"https:\\\/\\\/unitatdaran.org\\\/es\\\/eleccions-2019\\\/entrevista-a-marc-tarrau-cat\\\/\"},\"wordCount\":790,\"commentCount\":0,\"publisher\":{\"@id\":\"https:\\\/\\\/unitatdaran.org\\\/es\\\/#organization\"},\"articleSection\":[\"Eleccions Municipaus e Conselh Generau 2019\"],\"inLanguage\":\"es\",\"potentialAction\":[{\"@type\":\"CommentAction\",\"name\":\"Comment\",\"target\":[\"https:\\\/\\\/unitatdaran.org\\\/es\\\/eleccions-2019\\\/entrevista-a-marc-tarrau-cat\\\/#respond\"]}]},{\"@type\":\"WebPage\",\"@id\":\"https:\\\/\\\/unitatdaran.org\\\/es\\\/eleccions-2019\\\/entrevista-a-marc-tarrau-cat\\\/\",\"url\":\"https:\\\/\\\/unitatdaran.org\\\/es\\\/eleccions-2019\\\/entrevista-a-marc-tarrau-cat\\\/\",\"name\":\"Entrevista a Marc Tarrau - Unitat d'Aran\",\"isPartOf\":{\"@id\":\"https:\\\/\\\/unitatdaran.org\\\/es\\\/#website\"},\"datePublished\":\"2023-04-11T13:43:19+00:00\",\"dateModified\":\"2023-04-12T10:55:46+00:00\",\"breadcrumb\":{\"@id\":\"https:\\\/\\\/unitatdaran.org\\\/es\\\/eleccions-2019\\\/entrevista-a-marc-tarrau-cat\\\/#breadcrumb\"},\"inLanguage\":\"es\",\"potentialAction\":[{\"@type\":\"ReadAction\",\"target\":[\"https:\\\/\\\/unitatdaran.org\\\/es\\\/eleccions-2019\\\/entrevista-a-marc-tarrau-cat\\\/\"]}]},{\"@type\":\"BreadcrumbList\",\"@id\":\"https:\\\/\\\/unitatdaran.org\\\/es\\\/eleccions-2019\\\/entrevista-a-marc-tarrau-cat\\\/#breadcrumb\",\"itemListElement\":[{\"@type\":\"ListItem\",\"position\":1,\"name\":\"Elecciones Municipales y Conselh Generau 2019\",\"item\":\"https:\\\/\\\/unitatdaran.org\\\/es\\\/category\\\/elecciones-2019\\\/\"},{\"@type\":\"ListItem\",\"position\":2,\"name\":\"Entrevista a Marc Tarrau\"}]},{\"@type\":\"WebSite\",\"@id\":\"https:\\\/\\\/unitatdaran.org\\\/es\\\/#website\",\"url\":\"https:\\\/\\\/unitatdaran.org\\\/es\\\/\",\"name\":\"Unitat d'Aran\",\"description\":\"Nuestro proyecto es Aran. Aran eres t\u00fa\",\"publisher\":{\"@id\":\"https:\\\/\\\/unitatdaran.org\\\/es\\\/#organization\"},\"potentialAction\":[{\"@type\":\"SearchAction\",\"target\":{\"@type\":\"EntryPoint\",\"urlTemplate\":\"https:\\\/\\\/unitatdaran.org\\\/es\\\/?s={search_term_string}\"},\"query-input\":{\"@type\":\"PropertyValueSpecification\",\"valueRequired\":true,\"valueName\":\"search_term_string\"}}],\"inLanguage\":\"es\"},{\"@type\":\"Organization\",\"@id\":\"https:\\\/\\\/unitatdaran.org\\\/es\\\/#organization\",\"name\":\"Unitat d'Aran\",\"url\":\"https:\\\/\\\/unitatdaran.org\\\/es\\\/\",\"logo\":{\"@type\":\"ImageObject\",\"inLanguage\":\"es\",\"@id\":\"https:\\\/\\\/unitatdaran.org\\\/es\\\/#\\\/schema\\\/logo\\\/image\\\/\",\"url\":\"https:\\\/\\\/i0.wp.com\\\/unitatdaran.org\\\/wp-content\\\/uploads\\\/2021\\\/11\\\/logo.png?fit=2000%2C539&ssl=1\",\"contentUrl\":\"https:\\\/\\\/i0.wp.com\\\/unitatdaran.org\\\/wp-content\\\/uploads\\\/2021\\\/11\\\/logo.png?fit=2000%2C539&ssl=1\",\"width\":2000,\"height\":539,\"caption\":\"Unitat d'Aran\"},\"image\":{\"@id\":\"https:\\\/\\\/unitatdaran.org\\\/es\\\/#\\\/schema\\\/logo\\\/image\\\/\"},\"sameAs\":[\"https:\\\/\\\/www.facebook.com\\\/UnitatAran\",\"https:\\\/\\\/x.com\\\/unitatdaran\",\"https:\\\/\\\/instagram.com\\\/unitataran\"]},{\"@type\":\"Person\",\"@id\":\"https:\\\/\\\/unitatdaran.org\\\/es\\\/#\\\/schema\\\/person\\\/2870f7a03282b9bf0e435870415e61bb\",\"name\":\"Unitat d'Aran\",\"image\":{\"@type\":\"ImageObject\",\"inLanguage\":\"es\",\"@id\":\"https:\\\/\\\/secure.gravatar.com\\\/avatar\\\/bf8ef486d5842532d01c628a95d185dd5db38b0695bc63daa960f6506181b798?s=96&d=mm&r=g\",\"url\":\"https:\\\/\\\/secure.gravatar.com\\\/avatar\\\/bf8ef486d5842532d01c628a95d185dd5db38b0695bc63daa960f6506181b798?s=96&d=mm&r=g\",\"contentUrl\":\"https:\\\/\\\/secure.gravatar.com\\\/avatar\\\/bf8ef486d5842532d01c628a95d185dd5db38b0695bc63daa960f6506181b798?s=96&d=mm&r=g\",\"caption\":\"Unitat d'Aran\"},\"sameAs\":[\"https:\\\/\\\/new.unitatdaran.org\\\/\"],\"url\":\"https:\\\/\\\/unitatdaran.org\\\/es\\\/author\\\/admin\\\/\"}]}<\/script>\n<!-- \/ Yoast SEO plugin. -->","yoast_head_json":{"title":"Entrevista a Marc Tarrau - Unitat d'Aran","robots":{"index":"index","follow":"follow","max-snippet":"max-snippet:-1","max-image-preview":"max-image-preview:large","max-video-preview":"max-video-preview:-1"},"canonical":"https:\/\/unitatdaran.org\/es\/eleccions-2019\/entrevista-a-marc-tarrau-cat\/","og_locale":"es_ES","og_type":"article","og_title":"Entrevista a Marc Tarrau - Unitat d'Aran","og_description":"Enguany et presentes per primera vegada com a alcalde de Naut Aran. Qu\u00e8 t&#8217;ha impulsat a fer aquest pas? Despr\u00e9s de meditar molt i valorar totes les opcions, he decidit fer aquest pas impulsat, especialment, per les ganes de treballar pel municipi que m&#8217;ha vist cr\u00e9ixer i totes les persones que viuen en ell. Vull [&hellip;]","og_url":"https:\/\/unitatdaran.org\/es\/eleccions-2019\/entrevista-a-marc-tarrau-cat\/","og_site_name":"Unitat d'Aran","article_publisher":"https:\/\/www.facebook.com\/UnitatAran","article_published_time":"2023-04-11T13:43:19+00:00","article_modified_time":"2023-04-12T10:55:46+00:00","author":"Unitat d'Aran","twitter_card":"summary_large_image","twitter_creator":"@unitatdaran","twitter_site":"@unitatdaran","twitter_misc":{"Escrito por":"Unitat d'Aran","Tiempo de lectura":"4 minutos"},"schema":{"@context":"https:\/\/schema.org","@graph":[{"@type":"Article","@id":"https:\/\/unitatdaran.org\/es\/eleccions-2019\/entrevista-a-marc-tarrau-cat\/#article","isPartOf":{"@id":"https:\/\/unitatdaran.org\/es\/eleccions-2019\/entrevista-a-marc-tarrau-cat\/"},"author":{"name":"Unitat d'Aran","@id":"https:\/\/unitatdaran.org\/es\/#\/schema\/person\/2870f7a03282b9bf0e435870415e61bb"},"headline":"Entrevista a Marc Tarrau","datePublished":"2023-04-11T13:43:19+00:00","dateModified":"2023-04-12T10:55:46+00:00","mainEntityOfPage":{"@id":"https:\/\/unitatdaran.org\/es\/eleccions-2019\/entrevista-a-marc-tarrau-cat\/"},"wordCount":790,"commentCount":0,"publisher":{"@id":"https:\/\/unitatdaran.org\/es\/#organization"},"articleSection":["Eleccions Municipaus e Conselh Generau 2019"],"inLanguage":"es","potentialAction":[{"@type":"CommentAction","name":"Comment","target":["https:\/\/unitatdaran.org\/es\/eleccions-2019\/entrevista-a-marc-tarrau-cat\/#respond"]}]},{"@type":"WebPage","@id":"https:\/\/unitatdaran.org\/es\/eleccions-2019\/entrevista-a-marc-tarrau-cat\/","url":"https:\/\/unitatdaran.org\/es\/eleccions-2019\/entrevista-a-marc-tarrau-cat\/","name":"Entrevista a Marc Tarrau - Unitat d'Aran","isPartOf":{"@id":"https:\/\/unitatdaran.org\/es\/#website"},"datePublished":"2023-04-11T13:43:19+00:00","dateModified":"2023-04-12T10:55:46+00:00","breadcrumb":{"@id":"https:\/\/unitatdaran.org\/es\/eleccions-2019\/entrevista-a-marc-tarrau-cat\/#breadcrumb"},"inLanguage":"es","potentialAction":[{"@type":"ReadAction","target":["https:\/\/unitatdaran.org\/es\/eleccions-2019\/entrevista-a-marc-tarrau-cat\/"]}]},{"@type":"BreadcrumbList","@id":"https:\/\/unitatdaran.org\/es\/eleccions-2019\/entrevista-a-marc-tarrau-cat\/#breadcrumb","itemListElement":[{"@type":"ListItem","position":1,"name":"Elecciones Municipales y Conselh Generau 2019","item":"https:\/\/unitatdaran.org\/es\/category\/elecciones-2019\/"},{"@type":"ListItem","position":2,"name":"Entrevista a Marc Tarrau"}]},{"@type":"WebSite","@id":"https:\/\/unitatdaran.org\/es\/#website","url":"https:\/\/unitatdaran.org\/es\/","name":"Unitat d'Aran","description":"Nuestro proyecto es Aran. Aran eres t\u00fa","publisher":{"@id":"https:\/\/unitatdaran.org\/es\/#organization"},"potentialAction":[{"@type":"SearchAction","target":{"@type":"EntryPoint","urlTemplate":"https:\/\/unitatdaran.org\/es\/?s={search_term_string}"},"query-input":{"@type":"PropertyValueSpecification","valueRequired":true,"valueName":"search_term_string"}}],"inLanguage":"es"},{"@type":"Organization","@id":"https:\/\/unitatdaran.org\/es\/#organization","name":"Unitat d'Aran","url":"https:\/\/unitatdaran.org\/es\/","logo":{"@type":"ImageObject","inLanguage":"es","@id":"https:\/\/unitatdaran.org\/es\/#\/schema\/logo\/image\/","url":"https:\/\/i0.wp.com\/unitatdaran.org\/wp-content\/uploads\/2021\/11\/logo.png?fit=2000%2C539&ssl=1","contentUrl":"https:\/\/i0.wp.com\/unitatdaran.org\/wp-content\/uploads\/2021\/11\/logo.png?fit=2000%2C539&ssl=1","width":2000,"height":539,"caption":"Unitat d'Aran"},"image":{"@id":"https:\/\/unitatdaran.org\/es\/#\/schema\/logo\/image\/"},"sameAs":["https:\/\/www.facebook.com\/UnitatAran","https:\/\/x.com\/unitatdaran","https:\/\/instagram.com\/unitataran"]},{"@type":"Person","@id":"https:\/\/unitatdaran.org\/es\/#\/schema\/person\/2870f7a03282b9bf0e435870415e61bb","name":"Unitat d'Aran","image":{"@type":"ImageObject","inLanguage":"es","@id":"https:\/\/secure.gravatar.com\/avatar\/bf8ef486d5842532d01c628a95d185dd5db38b0695bc63daa960f6506181b798?s=96&d=mm&r=g","url":"https:\/\/secure.gravatar.com\/avatar\/bf8ef486d5842532d01c628a95d185dd5db38b0695bc63daa960f6506181b798?s=96&d=mm&r=g","contentUrl":"https:\/\/secure.gravatar.com\/avatar\/bf8ef486d5842532d01c628a95d185dd5db38b0695bc63daa960f6506181b798?s=96&d=mm&r=g","caption":"Unitat d'Aran"},"sameAs":["https:\/\/new.unitatdaran.org\/"],"url":"https:\/\/unitatdaran.org\/es\/author\/admin\/"}]}},"jetpack_featured_media_url":"","jetpack_sharing_enabled":true,"_links":{"self":[{"href":"https:\/\/unitatdaran.org\/es\/wp-json\/wp\/v2\/posts\/11613","targetHints":{"allow":["GET"]}}],"collection":[{"href":"https:\/\/unitatdaran.org\/es\/wp-json\/wp\/v2\/posts"}],"about":[{"href":"https:\/\/unitatdaran.org\/es\/wp-json\/wp\/v2\/types\/post"}],"author":[{"embeddable":true,"href":"https:\/\/unitatdaran.org\/es\/wp-json\/wp\/v2\/users\/1"}],"replies":[{"embeddable":true,"href":"https:\/\/unitatdaran.org\/es\/wp-json\/wp\/v2\/comments?post=11613"}],"version-history":[{"count":2,"href":"https:\/\/unitatdaran.org\/es\/wp-json\/wp\/v2\/posts\/11613\/revisions"}],"predecessor-version":[{"id":11686,"href":"https:\/\/unitatdaran.org\/es\/wp-json\/wp\/v2\/posts\/11613\/revisions\/11686"}],"wp:attachment":[{"href":"https:\/\/unitatdaran.org\/es\/wp-json\/wp\/v2\/media?parent=11613"}],"wp:term":[{"taxonomy":"category","embeddable":true,"href":"https:\/\/unitatdaran.org\/es\/wp-json\/wp\/v2\/categories?post=11613"},{"taxonomy":"post_tag","embeddable":true,"href":"https:\/\/unitatdaran.org\/es\/wp-json\/wp\/v2\/tags?post=11613"}],"curies":[{"name":"wp","href":"https:\/\/api.w.org\/{rel}","templated":true}]}}