{"id":6199,"date":"2002-04-22T00:00:00","date_gmt":"2002-04-22T00:00:00","guid":{"rendered":"http:\/\/www.unitatdaran.org\/web\/?p=6199"},"modified":"2002-04-22T00:00:00","modified_gmt":"2002-04-22T00:00:00","slug":"protegir-mediambientalment-la-vall-del-biciberri-i-el-seu-riu","status":"publish","type":"post","link":"https:\/\/unitatdaran.org\/ca\/documents\/prepauses\/protegir-mediambientalment-la-vall-del-biciberri-i-el-seu-riu\/","title":{"rendered":"Protegir mediambientalment la Vall del Biciberri i el seu riu"},"content":{"rendered":"<p>A LA MESA DEL PARLAMENT<\/p>\n<p>Francesc Boya i Al\u00f2s, Joaquim Llena i Cortina, Marta Camps i Torrents, Ram\u00f3n Vilalta i Oliva, Antoni Siurana i Zaragoza, diputats del Grup Socialista Ciutadans pel Canvi, fent \u00fas d\u2019all\u00f2 que es preveu en els articles 134 i 135 del Reglament de la Cambra, presenten per la seva tramitaci\u00f3 davant del Ple la seg\u00fcent proposici\u00f3 no de Llei.<\/p>\n<p>La cap\u00e7alera del riu Ribagor\u00e7ana acull un dels paratges alpins m\u00e9s valuosos de Catalunya, tant pels seus valors naturals, com per la seva situaci\u00f3 en plena alta muntanya Pirinenca. Aquesta zona coneguda com la  Vall de Conangles t\u00e9 una vegetaci\u00f3 conformada per  boscos de faig, avetoses  i prats alpins que s\u2019escalonen fins a les zones lacustres.<br \/>\nEn aquest paratge per on circula la N-230 fins l\u2019entrada de la boca sud del T\u00fanel de Vielha, s\u2019hi inicien  rutes d\u2019alta muntanya vers la vall del Mulleres, el Port de Rius, i la vall de Biciberri, una vall  que s\u2019integra, nom\u00e9s en la seva cap\u00e7alera, dintre del Parc Nacional d\u2019Aig\u00fces Tortes.<br \/>\nEl riu Biciberri provinent del llac del mateix nom, acaba el seu recorregut en el pant\u00e0 de Senet i ho fa convertint-se en una magnifica cascada que caracteritza tot el paisatge d\u2019aquesta zona i que es fa ben visible  des de la N-230 a la marge dreta del Noguera Ribagor\u00e7ana. <br \/>\nIncomprensiblement, ni aquest riu Biciberri ni el seu llac, estan protegits per cap figura de protecci\u00f3 ambiental, ni tampoc considerats zona perif\u00e8rica del parc Nacional d\u2019Aig\u00fcestortes. <br \/>\nDes de l\u2019any 1991 existeix un projecte d\u2019aprofitament del salt d\u2019aigua del Biciberri amb la construcci\u00f3 d\u2019una minicentral hidroel\u00e8ctrica. Un projecte que t\u00e9 el rebuig dels ve\u00efns del poble de Senet, terme al qual pertany aquesta contrada i  que aix\u00ed ho han mostrat per escrit en document adre\u00e7at a l\u2019Ajuntament de Vilaller, a la Confederaci\u00f3 Hidrogr\u00e0fica de l\u2019Ebre, al Departament de Medi Ambient i a altres organismes competents en aquesta q\u00fcesti\u00f3. <br \/>\nPer tal de protegir els importants  valors mediambientals, i paisatg\u00edstics que t\u00e9 la cascada de Biciberri i els seus entorns,<\/p>\n<p>els diputats sotasignants presentem la seg\u00fcent:  <\/p>\n<p>PROPOSICI\u00d3 NO DE LLEI<\/p>\n<p>Instar al Govern de la Generalitat a: <\/p>\n<ol>\n<li>Iniciar amb la m\u00e0xima celeritat possible les tramitacions necess\u00e0ries per protegir mediambientalment la Vall del Biciberri i el seu riu .\n<li>Denegar qualsevol autoritzaci\u00f3 per aprofitaments hidroel\u00e8ctrics en aquest riu. <\/ol>\n<p><\/p>\n","protected":false},"excerpt":{"rendered":"<p>A LA MESA DEL PARLAMENT Francesc Boya i Al\u00f2s, Joaquim Llena i Cortina, Marta Camps i Torrents, Ram\u00f3n Vilalta i Oliva, Antoni Siurana i Zaragoza, diputats del Grup Socialista Ciutadans pel Canvi, fent \u00fas d\u2019all\u00f2 que es preveu en els articles 134 i 135 del Reglament de la Cambra, presenten per la seva tramitaci\u00f3 davant [&hellip;]<\/p>\n","protected":false},"author":1,"featured_media":0,"comment_status":"open","ping_status":"open","sticky":false,"template":"","format":"standard","meta":{"_acf_changed":false,"_jetpack_memberships_contains_paid_content":false,"footnotes":""},"categories":[10],"tags":[],"class_list":["post-6199","post","type-post","status-publish","format-standard","hentry","category-prepauses"],"acf":[],"yoast_head":"<!-- This site is optimized with the Yoast SEO plugin v27.5 - https:\/\/yoast.com\/product\/yoast-seo-wordpress\/ -->\n<title>Protegir mediambientalment la Vall del Biciberri i el seu riu - Unitat d&#039;Aran<\/title>\n<meta name=\"robots\" content=\"index, follow, max-snippet:-1, max-image-preview:large, max-video-preview:-1\" \/>\n<link rel=\"canonical\" href=\"https:\/\/unitatdaran.org\/ca\/documents\/prepauses\/protegir-mediambientalment-la-vall-del-biciberri-i-el-seu-riu\/\" \/>\n<meta property=\"og:locale\" content=\"ca_ES\" \/>\n<meta property=\"og:type\" content=\"article\" \/>\n<meta property=\"og:title\" content=\"Protegir mediambientalment la Vall del Biciberri i el seu riu - Unitat d&#039;Aran\" \/>\n<meta property=\"og:description\" content=\"A LA MESA DEL PARLAMENT Francesc Boya i Al\u00f2s, Joaquim Llena i Cortina, Marta Camps i Torrents, Ram\u00f3n Vilalta i Oliva, Antoni Siurana i Zaragoza, diputats del Grup Socialista Ciutadans pel Canvi, fent \u00fas d\u2019all\u00f2 que es preveu en els articles 134 i 135 del Reglament de la Cambra, presenten per la seva tramitaci\u00f3 davant [&hellip;]\" \/>\n<meta property=\"og:url\" content=\"https:\/\/unitatdaran.org\/ca\/documents\/prepauses\/protegir-mediambientalment-la-vall-del-biciberri-i-el-seu-riu\/\" \/>\n<meta property=\"og:site_name\" content=\"Unitat d&#039;Aran\" \/>\n<meta property=\"article:publisher\" content=\"https:\/\/www.facebook.com\/UnitatAran\" \/>\n<meta property=\"article:published_time\" content=\"2002-04-22T00:00:00+00:00\" \/>\n<meta name=\"author\" content=\"Unitat d&#039;Aran\" \/>\n<meta name=\"twitter:card\" content=\"summary_large_image\" \/>\n<meta name=\"twitter:creator\" content=\"@unitatdaran\" \/>\n<meta name=\"twitter:site\" content=\"@unitatdaran\" \/>\n<meta name=\"twitter:label1\" content=\"Escrit per\" \/>\n\t<meta name=\"twitter:data1\" content=\"Unitat d&#039;Aran\" \/>\n\t<meta name=\"twitter:label2\" content=\"Temps estimat de lectura\" \/>\n\t<meta name=\"twitter:data2\" content=\"2 minuts\" \/>\n<script type=\"application\/ld+json\" class=\"yoast-schema-graph\">{\"@context\":\"https:\\\/\\\/schema.org\",\"@graph\":[{\"@type\":\"Article\",\"@id\":\"https:\\\/\\\/unitatdaran.org\\\/ca\\\/documents\\\/prepauses\\\/protegir-mediambientalment-la-vall-del-biciberri-i-el-seu-riu\\\/#article\",\"isPartOf\":{\"@id\":\"https:\\\/\\\/unitatdaran.org\\\/ca\\\/documents\\\/prepauses\\\/protegir-mediambientalment-la-vall-del-biciberri-i-el-seu-riu\\\/\"},\"author\":{\"name\":\"Unitat d'Aran\",\"@id\":\"https:\\\/\\\/unitatdaran.org\\\/ca\\\/#\\\/schema\\\/person\\\/2870f7a03282b9bf0e435870415e61bb\"},\"headline\":\"Protegir mediambientalment la Vall del Biciberri i el seu riu\",\"datePublished\":\"2002-04-22T00:00:00+00:00\",\"mainEntityOfPage\":{\"@id\":\"https:\\\/\\\/unitatdaran.org\\\/ca\\\/documents\\\/prepauses\\\/protegir-mediambientalment-la-vall-del-biciberri-i-el-seu-riu\\\/\"},\"wordCount\":429,\"commentCount\":0,\"publisher\":{\"@id\":\"https:\\\/\\\/unitatdaran.org\\\/ca\\\/#organization\"},\"articleSection\":[\"Prepauses\"],\"inLanguage\":\"ca\",\"potentialAction\":[{\"@type\":\"CommentAction\",\"name\":\"Comment\",\"target\":[\"https:\\\/\\\/unitatdaran.org\\\/ca\\\/documents\\\/prepauses\\\/protegir-mediambientalment-la-vall-del-biciberri-i-el-seu-riu\\\/#respond\"]}]},{\"@type\":\"WebPage\",\"@id\":\"https:\\\/\\\/unitatdaran.org\\\/ca\\\/documents\\\/prepauses\\\/protegir-mediambientalment-la-vall-del-biciberri-i-el-seu-riu\\\/\",\"url\":\"https:\\\/\\\/unitatdaran.org\\\/ca\\\/documents\\\/prepauses\\\/protegir-mediambientalment-la-vall-del-biciberri-i-el-seu-riu\\\/\",\"name\":\"Protegir mediambientalment la Vall del Biciberri i el seu riu - Unitat d'Aran\",\"isPartOf\":{\"@id\":\"https:\\\/\\\/unitatdaran.org\\\/ca\\\/#website\"},\"datePublished\":\"2002-04-22T00:00:00+00:00\",\"breadcrumb\":{\"@id\":\"https:\\\/\\\/unitatdaran.org\\\/ca\\\/documents\\\/prepauses\\\/protegir-mediambientalment-la-vall-del-biciberri-i-el-seu-riu\\\/#breadcrumb\"},\"inLanguage\":\"ca\",\"potentialAction\":[{\"@type\":\"ReadAction\",\"target\":[\"https:\\\/\\\/unitatdaran.org\\\/ca\\\/documents\\\/prepauses\\\/protegir-mediambientalment-la-vall-del-biciberri-i-el-seu-riu\\\/\"]}]},{\"@type\":\"BreadcrumbList\",\"@id\":\"https:\\\/\\\/unitatdaran.org\\\/ca\\\/documents\\\/prepauses\\\/protegir-mediambientalment-la-vall-del-biciberri-i-el-seu-riu\\\/#breadcrumb\",\"itemListElement\":[{\"@type\":\"ListItem\",\"position\":1,\"name\":\"Documents\",\"item\":\"https:\\\/\\\/unitatdaran.org\\\/ca\\\/category\\\/documents-ca\\\/\"},{\"@type\":\"ListItem\",\"position\":2,\"name\":\"Propostes\",\"item\":\"https:\\\/\\\/unitatdaran.org\\\/ca\\\/category\\\/documents-ca\\\/propostes\\\/\"},{\"@type\":\"ListItem\",\"position\":3,\"name\":\"Protegir mediambientalment la Vall del Biciberri i el seu riu\"}]},{\"@type\":\"WebSite\",\"@id\":\"https:\\\/\\\/unitatdaran.org\\\/ca\\\/#website\",\"url\":\"https:\\\/\\\/unitatdaran.org\\\/ca\\\/\",\"name\":\"Unitat d'Aran\",\"description\":\" El nostre projecte \u00e9s Aran. Aran ets tu\",\"publisher\":{\"@id\":\"https:\\\/\\\/unitatdaran.org\\\/ca\\\/#organization\"},\"potentialAction\":[{\"@type\":\"SearchAction\",\"target\":{\"@type\":\"EntryPoint\",\"urlTemplate\":\"https:\\\/\\\/unitatdaran.org\\\/ca\\\/?s={search_term_string}\"},\"query-input\":{\"@type\":\"PropertyValueSpecification\",\"valueRequired\":true,\"valueName\":\"search_term_string\"}}],\"inLanguage\":\"ca\"},{\"@type\":\"Organization\",\"@id\":\"https:\\\/\\\/unitatdaran.org\\\/ca\\\/#organization\",\"name\":\"Unitat d'Aran\",\"url\":\"https:\\\/\\\/unitatdaran.org\\\/ca\\\/\",\"logo\":{\"@type\":\"ImageObject\",\"inLanguage\":\"ca\",\"@id\":\"https:\\\/\\\/unitatdaran.org\\\/ca\\\/#\\\/schema\\\/logo\\\/image\\\/\",\"url\":\"https:\\\/\\\/i0.wp.com\\\/unitatdaran.org\\\/wp-content\\\/uploads\\\/2021\\\/11\\\/logo.png?fit=2000%2C539&ssl=1\",\"contentUrl\":\"https:\\\/\\\/i0.wp.com\\\/unitatdaran.org\\\/wp-content\\\/uploads\\\/2021\\\/11\\\/logo.png?fit=2000%2C539&ssl=1\",\"width\":2000,\"height\":539,\"caption\":\"Unitat d'Aran\"},\"image\":{\"@id\":\"https:\\\/\\\/unitatdaran.org\\\/ca\\\/#\\\/schema\\\/logo\\\/image\\\/\"},\"sameAs\":[\"https:\\\/\\\/www.facebook.com\\\/UnitatAran\",\"https:\\\/\\\/x.com\\\/unitatdaran\",\"https:\\\/\\\/instagram.com\\\/unitataran\"]},{\"@type\":\"Person\",\"@id\":\"https:\\\/\\\/unitatdaran.org\\\/ca\\\/#\\\/schema\\\/person\\\/2870f7a03282b9bf0e435870415e61bb\",\"name\":\"Unitat d'Aran\",\"image\":{\"@type\":\"ImageObject\",\"inLanguage\":\"ca\",\"@id\":\"https:\\\/\\\/secure.gravatar.com\\\/avatar\\\/bf8ef486d5842532d01c628a95d185dd5db38b0695bc63daa960f6506181b798?s=96&d=mm&r=g\",\"url\":\"https:\\\/\\\/secure.gravatar.com\\\/avatar\\\/bf8ef486d5842532d01c628a95d185dd5db38b0695bc63daa960f6506181b798?s=96&d=mm&r=g\",\"contentUrl\":\"https:\\\/\\\/secure.gravatar.com\\\/avatar\\\/bf8ef486d5842532d01c628a95d185dd5db38b0695bc63daa960f6506181b798?s=96&d=mm&r=g\",\"caption\":\"Unitat d'Aran\"},\"sameAs\":[\"https:\\\/\\\/new.unitatdaran.org\\\/\"],\"url\":\"https:\\\/\\\/unitatdaran.org\\\/ca\\\/author\\\/admin\\\/\"}]}<\/script>\n<!-- \/ Yoast SEO plugin. -->","yoast_head_json":{"title":"Protegir mediambientalment la Vall del Biciberri i el seu riu - Unitat d'Aran","robots":{"index":"index","follow":"follow","max-snippet":"max-snippet:-1","max-image-preview":"max-image-preview:large","max-video-preview":"max-video-preview:-1"},"canonical":"https:\/\/unitatdaran.org\/ca\/documents\/prepauses\/protegir-mediambientalment-la-vall-del-biciberri-i-el-seu-riu\/","og_locale":"ca_ES","og_type":"article","og_title":"Protegir mediambientalment la Vall del Biciberri i el seu riu - Unitat d'Aran","og_description":"A LA MESA DEL PARLAMENT Francesc Boya i Al\u00f2s, Joaquim Llena i Cortina, Marta Camps i Torrents, Ram\u00f3n Vilalta i Oliva, Antoni Siurana i Zaragoza, diputats del Grup Socialista Ciutadans pel Canvi, fent \u00fas d\u2019all\u00f2 que es preveu en els articles 134 i 135 del Reglament de la Cambra, presenten per la seva tramitaci\u00f3 davant [&hellip;]","og_url":"https:\/\/unitatdaran.org\/ca\/documents\/prepauses\/protegir-mediambientalment-la-vall-del-biciberri-i-el-seu-riu\/","og_site_name":"Unitat d'Aran","article_publisher":"https:\/\/www.facebook.com\/UnitatAran","article_published_time":"2002-04-22T00:00:00+00:00","author":"Unitat d'Aran","twitter_card":"summary_large_image","twitter_creator":"@unitatdaran","twitter_site":"@unitatdaran","twitter_misc":{"Escrit per":"Unitat d'Aran","Temps estimat de lectura":"2 minuts"},"schema":{"@context":"https:\/\/schema.org","@graph":[{"@type":"Article","@id":"https:\/\/unitatdaran.org\/ca\/documents\/prepauses\/protegir-mediambientalment-la-vall-del-biciberri-i-el-seu-riu\/#article","isPartOf":{"@id":"https:\/\/unitatdaran.org\/ca\/documents\/prepauses\/protegir-mediambientalment-la-vall-del-biciberri-i-el-seu-riu\/"},"author":{"name":"Unitat d'Aran","@id":"https:\/\/unitatdaran.org\/ca\/#\/schema\/person\/2870f7a03282b9bf0e435870415e61bb"},"headline":"Protegir mediambientalment la Vall del Biciberri i el seu riu","datePublished":"2002-04-22T00:00:00+00:00","mainEntityOfPage":{"@id":"https:\/\/unitatdaran.org\/ca\/documents\/prepauses\/protegir-mediambientalment-la-vall-del-biciberri-i-el-seu-riu\/"},"wordCount":429,"commentCount":0,"publisher":{"@id":"https:\/\/unitatdaran.org\/ca\/#organization"},"articleSection":["Prepauses"],"inLanguage":"ca","potentialAction":[{"@type":"CommentAction","name":"Comment","target":["https:\/\/unitatdaran.org\/ca\/documents\/prepauses\/protegir-mediambientalment-la-vall-del-biciberri-i-el-seu-riu\/#respond"]}]},{"@type":"WebPage","@id":"https:\/\/unitatdaran.org\/ca\/documents\/prepauses\/protegir-mediambientalment-la-vall-del-biciberri-i-el-seu-riu\/","url":"https:\/\/unitatdaran.org\/ca\/documents\/prepauses\/protegir-mediambientalment-la-vall-del-biciberri-i-el-seu-riu\/","name":"Protegir mediambientalment la Vall del Biciberri i el seu riu - Unitat d'Aran","isPartOf":{"@id":"https:\/\/unitatdaran.org\/ca\/#website"},"datePublished":"2002-04-22T00:00:00+00:00","breadcrumb":{"@id":"https:\/\/unitatdaran.org\/ca\/documents\/prepauses\/protegir-mediambientalment-la-vall-del-biciberri-i-el-seu-riu\/#breadcrumb"},"inLanguage":"ca","potentialAction":[{"@type":"ReadAction","target":["https:\/\/unitatdaran.org\/ca\/documents\/prepauses\/protegir-mediambientalment-la-vall-del-biciberri-i-el-seu-riu\/"]}]},{"@type":"BreadcrumbList","@id":"https:\/\/unitatdaran.org\/ca\/documents\/prepauses\/protegir-mediambientalment-la-vall-del-biciberri-i-el-seu-riu\/#breadcrumb","itemListElement":[{"@type":"ListItem","position":1,"name":"Documents","item":"https:\/\/unitatdaran.org\/ca\/category\/documents-ca\/"},{"@type":"ListItem","position":2,"name":"Propostes","item":"https:\/\/unitatdaran.org\/ca\/category\/documents-ca\/propostes\/"},{"@type":"ListItem","position":3,"name":"Protegir mediambientalment la Vall del Biciberri i el seu riu"}]},{"@type":"WebSite","@id":"https:\/\/unitatdaran.org\/ca\/#website","url":"https:\/\/unitatdaran.org\/ca\/","name":"Unitat d'Aran","description":" El nostre projecte \u00e9s Aran. Aran ets tu","publisher":{"@id":"https:\/\/unitatdaran.org\/ca\/#organization"},"potentialAction":[{"@type":"SearchAction","target":{"@type":"EntryPoint","urlTemplate":"https:\/\/unitatdaran.org\/ca\/?s={search_term_string}"},"query-input":{"@type":"PropertyValueSpecification","valueRequired":true,"valueName":"search_term_string"}}],"inLanguage":"ca"},{"@type":"Organization","@id":"https:\/\/unitatdaran.org\/ca\/#organization","name":"Unitat d'Aran","url":"https:\/\/unitatdaran.org\/ca\/","logo":{"@type":"ImageObject","inLanguage":"ca","@id":"https:\/\/unitatdaran.org\/ca\/#\/schema\/logo\/image\/","url":"https:\/\/i0.wp.com\/unitatdaran.org\/wp-content\/uploads\/2021\/11\/logo.png?fit=2000%2C539&ssl=1","contentUrl":"https:\/\/i0.wp.com\/unitatdaran.org\/wp-content\/uploads\/2021\/11\/logo.png?fit=2000%2C539&ssl=1","width":2000,"height":539,"caption":"Unitat d'Aran"},"image":{"@id":"https:\/\/unitatdaran.org\/ca\/#\/schema\/logo\/image\/"},"sameAs":["https:\/\/www.facebook.com\/UnitatAran","https:\/\/x.com\/unitatdaran","https:\/\/instagram.com\/unitataran"]},{"@type":"Person","@id":"https:\/\/unitatdaran.org\/ca\/#\/schema\/person\/2870f7a03282b9bf0e435870415e61bb","name":"Unitat d'Aran","image":{"@type":"ImageObject","inLanguage":"ca","@id":"https:\/\/secure.gravatar.com\/avatar\/bf8ef486d5842532d01c628a95d185dd5db38b0695bc63daa960f6506181b798?s=96&d=mm&r=g","url":"https:\/\/secure.gravatar.com\/avatar\/bf8ef486d5842532d01c628a95d185dd5db38b0695bc63daa960f6506181b798?s=96&d=mm&r=g","contentUrl":"https:\/\/secure.gravatar.com\/avatar\/bf8ef486d5842532d01c628a95d185dd5db38b0695bc63daa960f6506181b798?s=96&d=mm&r=g","caption":"Unitat d'Aran"},"sameAs":["https:\/\/new.unitatdaran.org\/"],"url":"https:\/\/unitatdaran.org\/ca\/author\/admin\/"}]}},"jetpack_featured_media_url":"","jetpack_sharing_enabled":true,"_links":{"self":[{"href":"https:\/\/unitatdaran.org\/ca\/wp-json\/wp\/v2\/posts\/6199","targetHints":{"allow":["GET"]}}],"collection":[{"href":"https:\/\/unitatdaran.org\/ca\/wp-json\/wp\/v2\/posts"}],"about":[{"href":"https:\/\/unitatdaran.org\/ca\/wp-json\/wp\/v2\/types\/post"}],"author":[{"embeddable":true,"href":"https:\/\/unitatdaran.org\/ca\/wp-json\/wp\/v2\/users\/1"}],"replies":[{"embeddable":true,"href":"https:\/\/unitatdaran.org\/ca\/wp-json\/wp\/v2\/comments?post=6199"}],"version-history":[{"count":0,"href":"https:\/\/unitatdaran.org\/ca\/wp-json\/wp\/v2\/posts\/6199\/revisions"}],"wp:attachment":[{"href":"https:\/\/unitatdaran.org\/ca\/wp-json\/wp\/v2\/media?parent=6199"}],"wp:term":[{"taxonomy":"category","embeddable":true,"href":"https:\/\/unitatdaran.org\/ca\/wp-json\/wp\/v2\/categories?post=6199"},{"taxonomy":"post_tag","embeddable":true,"href":"https:\/\/unitatdaran.org\/ca\/wp-json\/wp\/v2\/tags?post=6199"}],"curies":[{"name":"wp","href":"https:\/\/api.w.org\/{rel}","templated":true}]}}