{"id":6152,"date":"2002-12-14T00:00:00","date_gmt":"2002-12-14T00:00:00","guid":{"rendered":"http:\/\/www.unitatdaran.org\/web\/?p=6152"},"modified":"2002-12-14T00:00:00","modified_gmt":"2002-12-14T00:00:00","slug":"nota-de-prensa-dua-davant-la-proposta-de-crear-el-parc-natural-de-laran-per-govern-del-conselh-generau-daran","status":"publish","type":"post","link":"https:\/\/unitatdaran.org\/ca\/noticies\/nota-de-prensa-dua-davant-la-proposta-de-crear-el-parc-natural-de-laran-per-govern-del-conselh-generau-daran\/","title":{"rendered":"Nota de prensa d&#8217;UA davant la proposta de crear el Parc Natural de l\u2019Aran per govern del Conselh Generau d\u2019Aran."},"content":{"rendered":"<p>Davant la proposta de crear el Parc Natural de l\u2019Aran per govern del<br \/>\n  Conselh Generau d\u2019Aran el Secretari General d\u2019 Unitat d\u2019Aran<br \/>\n  i diputat al Parlament de Catalunya Francesc Boya ha manifestat: <\/p>\n<ol>\n<li> Aran encara no t\u00e9 definit el seu planejament territorial. L\u2019aprovaci\u00f3<br \/>\n    d\u2019aquest parc es fa d\u2019una manera precipitada i sense debat amb<br \/>\n    els sectors econ\u00f2mics que poden resultar afectats per aquesta mesura.<\/li>\n<li> Abans d\u2019aprovar aquest projecte, Aran ha de con\u00e8ixer quines<br \/>\n    s\u00f3n les bases i el contingut del seu Pla d\u2019Ordenaci\u00f3 Territorial.<\/li>\n<li> Les propostes sobre la preservaci\u00f3 ambiental han de ser plantejades<br \/>\n    des del consens de les forces pol\u00edtiques araneses i del conjunt dels<br \/>\n    municipis. Aquesta condici\u00f3 no es dona en l\u2019actual proposta del<br \/>\n    Govern d\u2019Aran. <\/li>\n<li> La proposta de Parc Natural exclou les zones que actualment pateixen m\u00e9s<br \/>\n    pressi\u00f3 tur\u00edstica i degradaci\u00f3 ambiental. <\/li>\n<li> Les zones afectades, (el 70 % \u00e9s territori del Baix Aran) no tindran<br \/>\n    cap compensaci\u00f3 econ\u00f2mica, que ajudi a desenvolupar alternatives<br \/>\n    econ\u00f2miques en aquesta zona, per altra banda la menys desenvolupada<br \/>\n    de l\u2019Aran. <\/li>\n<\/ol>\n<p>\u00a0<br \/>\nBoya, ha presentat una proposta alternativa de Parc Cultural d\u2019Aran<br \/>\n    que defineix una concepci\u00f3 integral de desenvolupament dels actius<br \/>\n    tur\u00edstics del territori aran\u00e8s. Aquest Parc Cultural \u2013ha<br \/>\n    dit Boya\u2013 garanteix una \u201cmarca de qualitat\u201d per l\u2019Aran,<br \/>\n    sense hipotecar futurs desenvolupaments econ\u00f2mics. <br \/>\n    El diputat ha afegit que aquest debat hauria de posposar-se per despr\u00e9s<br \/>\n    de les eleccions per permetre que aquesta mat\u00e8ria fos objecte de debat<br \/>\n    i de proposta pol\u00edtica que els electors poguessin valorar i considerar<br \/>\n    a les urnes.<\/p>\n","protected":false},"excerpt":{"rendered":"<p>Davant la proposta de crear el Parc Natural de l\u2019Aran per govern del Conselh Generau d\u2019Aran el Secretari General d\u2019 Unitat d\u2019Aran i diputat al Parlament de Catalunya Francesc Boya ha manifestat: Aran encara no t\u00e9 definit el seu planejament territorial. L\u2019aprovaci\u00f3 d\u2019aquest parc es fa d\u2019una manera precipitada i sense debat amb els sectors [&hellip;]<\/p>\n","protected":false},"author":1,"featured_media":0,"comment_status":"open","ping_status":"open","sticky":false,"template":"","format":"standard","meta":{"_acf_changed":false,"_jetpack_memberships_contains_paid_content":false,"footnotes":""},"categories":[8],"tags":[],"class_list":["post-6152","post","type-post","status-publish","format-standard","hentry","category-noticies"],"acf":[],"yoast_head":"<!-- This site is optimized with the Yoast SEO plugin v27.5 - https:\/\/yoast.com\/product\/yoast-seo-wordpress\/ -->\n<title>Nota de prensa d&#039;UA davant la proposta de crear el Parc Natural de l\u2019Aran per govern del Conselh Generau d\u2019Aran. - Unitat d&#039;Aran<\/title>\n<meta name=\"robots\" content=\"index, follow, max-snippet:-1, max-image-preview:large, max-video-preview:-1\" \/>\n<link rel=\"canonical\" href=\"https:\/\/unitatdaran.org\/ca\/noticies\/nota-de-prensa-dua-davant-la-proposta-de-crear-el-parc-natural-de-laran-per-govern-del-conselh-generau-daran\/\" \/>\n<meta property=\"og:locale\" content=\"ca_ES\" \/>\n<meta property=\"og:type\" content=\"article\" \/>\n<meta property=\"og:title\" content=\"Nota de prensa d&#039;UA davant la proposta de crear el Parc Natural de l\u2019Aran per govern del Conselh Generau d\u2019Aran. - Unitat d&#039;Aran\" \/>\n<meta property=\"og:description\" content=\"Davant la proposta de crear el Parc Natural de l\u2019Aran per govern del Conselh Generau d\u2019Aran el Secretari General d\u2019 Unitat d\u2019Aran i diputat al Parlament de Catalunya Francesc Boya ha manifestat: Aran encara no t\u00e9 definit el seu planejament territorial. L\u2019aprovaci\u00f3 d\u2019aquest parc es fa d\u2019una manera precipitada i sense debat amb els sectors [&hellip;]\" \/>\n<meta property=\"og:url\" content=\"https:\/\/unitatdaran.org\/ca\/noticies\/nota-de-prensa-dua-davant-la-proposta-de-crear-el-parc-natural-de-laran-per-govern-del-conselh-generau-daran\/\" \/>\n<meta property=\"og:site_name\" content=\"Unitat d&#039;Aran\" \/>\n<meta property=\"article:publisher\" content=\"https:\/\/www.facebook.com\/UnitatAran\" \/>\n<meta property=\"article:published_time\" content=\"2002-12-14T00:00:00+00:00\" \/>\n<meta name=\"author\" content=\"Unitat d&#039;Aran\" \/>\n<meta name=\"twitter:card\" content=\"summary_large_image\" \/>\n<meta name=\"twitter:creator\" content=\"@unitatdaran\" \/>\n<meta name=\"twitter:site\" content=\"@unitatdaran\" \/>\n<meta name=\"twitter:label1\" content=\"Escrit per\" \/>\n\t<meta name=\"twitter:data1\" content=\"Unitat d&#039;Aran\" \/>\n\t<meta name=\"twitter:label2\" content=\"Temps estimat de lectura\" \/>\n\t<meta name=\"twitter:data2\" content=\"1 minut\" \/>\n<script type=\"application\/ld+json\" class=\"yoast-schema-graph\">{\"@context\":\"https:\\\/\\\/schema.org\",\"@graph\":[{\"@type\":\"Article\",\"@id\":\"https:\\\/\\\/unitatdaran.org\\\/ca\\\/noticies\\\/nota-de-prensa-dua-davant-la-proposta-de-crear-el-parc-natural-de-laran-per-govern-del-conselh-generau-daran\\\/#article\",\"isPartOf\":{\"@id\":\"https:\\\/\\\/unitatdaran.org\\\/ca\\\/noticies\\\/nota-de-prensa-dua-davant-la-proposta-de-crear-el-parc-natural-de-laran-per-govern-del-conselh-generau-daran\\\/\"},\"author\":{\"name\":\"Unitat d'Aran\",\"@id\":\"https:\\\/\\\/unitatdaran.org\\\/ca\\\/#\\\/schema\\\/person\\\/2870f7a03282b9bf0e435870415e61bb\"},\"headline\":\"Nota de prensa d&#8217;UA davant la proposta de crear el Parc Natural de l\u2019Aran per govern del Conselh Generau d\u2019Aran.\",\"datePublished\":\"2002-12-14T00:00:00+00:00\",\"mainEntityOfPage\":{\"@id\":\"https:\\\/\\\/unitatdaran.org\\\/ca\\\/noticies\\\/nota-de-prensa-dua-davant-la-proposta-de-crear-el-parc-natural-de-laran-per-govern-del-conselh-generau-daran\\\/\"},\"wordCount\":294,\"commentCount\":0,\"publisher\":{\"@id\":\"https:\\\/\\\/unitatdaran.org\\\/ca\\\/#organization\"},\"articleSection\":[\"Not\u00edcies\"],\"inLanguage\":\"ca\",\"potentialAction\":[{\"@type\":\"CommentAction\",\"name\":\"Comment\",\"target\":[\"https:\\\/\\\/unitatdaran.org\\\/ca\\\/noticies\\\/nota-de-prensa-dua-davant-la-proposta-de-crear-el-parc-natural-de-laran-per-govern-del-conselh-generau-daran\\\/#respond\"]}]},{\"@type\":\"WebPage\",\"@id\":\"https:\\\/\\\/unitatdaran.org\\\/ca\\\/noticies\\\/nota-de-prensa-dua-davant-la-proposta-de-crear-el-parc-natural-de-laran-per-govern-del-conselh-generau-daran\\\/\",\"url\":\"https:\\\/\\\/unitatdaran.org\\\/ca\\\/noticies\\\/nota-de-prensa-dua-davant-la-proposta-de-crear-el-parc-natural-de-laran-per-govern-del-conselh-generau-daran\\\/\",\"name\":\"Nota de prensa d'UA davant la proposta de crear el Parc Natural de l\u2019Aran per govern del Conselh Generau d\u2019Aran. - Unitat d'Aran\",\"isPartOf\":{\"@id\":\"https:\\\/\\\/unitatdaran.org\\\/ca\\\/#website\"},\"datePublished\":\"2002-12-14T00:00:00+00:00\",\"breadcrumb\":{\"@id\":\"https:\\\/\\\/unitatdaran.org\\\/ca\\\/noticies\\\/nota-de-prensa-dua-davant-la-proposta-de-crear-el-parc-natural-de-laran-per-govern-del-conselh-generau-daran\\\/#breadcrumb\"},\"inLanguage\":\"ca\",\"potentialAction\":[{\"@type\":\"ReadAction\",\"target\":[\"https:\\\/\\\/unitatdaran.org\\\/ca\\\/noticies\\\/nota-de-prensa-dua-davant-la-proposta-de-crear-el-parc-natural-de-laran-per-govern-del-conselh-generau-daran\\\/\"]}]},{\"@type\":\"BreadcrumbList\",\"@id\":\"https:\\\/\\\/unitatdaran.org\\\/ca\\\/noticies\\\/nota-de-prensa-dua-davant-la-proposta-de-crear-el-parc-natural-de-laran-per-govern-del-conselh-generau-daran\\\/#breadcrumb\",\"itemListElement\":[{\"@type\":\"ListItem\",\"position\":1,\"name\":\"Not\u00edcies\",\"item\":\"https:\\\/\\\/unitatdaran.org\\\/ca\\\/category\\\/noticies-ca\\\/\"},{\"@type\":\"ListItem\",\"position\":2,\"name\":\"Nota de prensa d&#8217;UA davant la proposta de crear el Parc Natural de l\u2019Aran per govern del Conselh Generau d\u2019Aran.\"}]},{\"@type\":\"WebSite\",\"@id\":\"https:\\\/\\\/unitatdaran.org\\\/ca\\\/#website\",\"url\":\"https:\\\/\\\/unitatdaran.org\\\/ca\\\/\",\"name\":\"Unitat d'Aran\",\"description\":\" El nostre projecte \u00e9s Aran. Aran ets tu\",\"publisher\":{\"@id\":\"https:\\\/\\\/unitatdaran.org\\\/ca\\\/#organization\"},\"potentialAction\":[{\"@type\":\"SearchAction\",\"target\":{\"@type\":\"EntryPoint\",\"urlTemplate\":\"https:\\\/\\\/unitatdaran.org\\\/ca\\\/?s={search_term_string}\"},\"query-input\":{\"@type\":\"PropertyValueSpecification\",\"valueRequired\":true,\"valueName\":\"search_term_string\"}}],\"inLanguage\":\"ca\"},{\"@type\":\"Organization\",\"@id\":\"https:\\\/\\\/unitatdaran.org\\\/ca\\\/#organization\",\"name\":\"Unitat d'Aran\",\"url\":\"https:\\\/\\\/unitatdaran.org\\\/ca\\\/\",\"logo\":{\"@type\":\"ImageObject\",\"inLanguage\":\"ca\",\"@id\":\"https:\\\/\\\/unitatdaran.org\\\/ca\\\/#\\\/schema\\\/logo\\\/image\\\/\",\"url\":\"https:\\\/\\\/i0.wp.com\\\/unitatdaran.org\\\/wp-content\\\/uploads\\\/2021\\\/11\\\/logo.png?fit=2000%2C539&ssl=1\",\"contentUrl\":\"https:\\\/\\\/i0.wp.com\\\/unitatdaran.org\\\/wp-content\\\/uploads\\\/2021\\\/11\\\/logo.png?fit=2000%2C539&ssl=1\",\"width\":2000,\"height\":539,\"caption\":\"Unitat d'Aran\"},\"image\":{\"@id\":\"https:\\\/\\\/unitatdaran.org\\\/ca\\\/#\\\/schema\\\/logo\\\/image\\\/\"},\"sameAs\":[\"https:\\\/\\\/www.facebook.com\\\/UnitatAran\",\"https:\\\/\\\/x.com\\\/unitatdaran\",\"https:\\\/\\\/instagram.com\\\/unitataran\"]},{\"@type\":\"Person\",\"@id\":\"https:\\\/\\\/unitatdaran.org\\\/ca\\\/#\\\/schema\\\/person\\\/2870f7a03282b9bf0e435870415e61bb\",\"name\":\"Unitat d'Aran\",\"image\":{\"@type\":\"ImageObject\",\"inLanguage\":\"ca\",\"@id\":\"https:\\\/\\\/secure.gravatar.com\\\/avatar\\\/bf8ef486d5842532d01c628a95d185dd5db38b0695bc63daa960f6506181b798?s=96&d=mm&r=g\",\"url\":\"https:\\\/\\\/secure.gravatar.com\\\/avatar\\\/bf8ef486d5842532d01c628a95d185dd5db38b0695bc63daa960f6506181b798?s=96&d=mm&r=g\",\"contentUrl\":\"https:\\\/\\\/secure.gravatar.com\\\/avatar\\\/bf8ef486d5842532d01c628a95d185dd5db38b0695bc63daa960f6506181b798?s=96&d=mm&r=g\",\"caption\":\"Unitat d'Aran\"},\"sameAs\":[\"https:\\\/\\\/new.unitatdaran.org\\\/\"],\"url\":\"https:\\\/\\\/unitatdaran.org\\\/ca\\\/author\\\/admin\\\/\"}]}<\/script>\n<!-- \/ Yoast SEO plugin. -->","yoast_head_json":{"title":"Nota de prensa d'UA davant la proposta de crear el Parc Natural de l\u2019Aran per govern del Conselh Generau d\u2019Aran. - Unitat d'Aran","robots":{"index":"index","follow":"follow","max-snippet":"max-snippet:-1","max-image-preview":"max-image-preview:large","max-video-preview":"max-video-preview:-1"},"canonical":"https:\/\/unitatdaran.org\/ca\/noticies\/nota-de-prensa-dua-davant-la-proposta-de-crear-el-parc-natural-de-laran-per-govern-del-conselh-generau-daran\/","og_locale":"ca_ES","og_type":"article","og_title":"Nota de prensa d'UA davant la proposta de crear el Parc Natural de l\u2019Aran per govern del Conselh Generau d\u2019Aran. - Unitat d'Aran","og_description":"Davant la proposta de crear el Parc Natural de l\u2019Aran per govern del Conselh Generau d\u2019Aran el Secretari General d\u2019 Unitat d\u2019Aran i diputat al Parlament de Catalunya Francesc Boya ha manifestat: Aran encara no t\u00e9 definit el seu planejament territorial. L\u2019aprovaci\u00f3 d\u2019aquest parc es fa d\u2019una manera precipitada i sense debat amb els sectors [&hellip;]","og_url":"https:\/\/unitatdaran.org\/ca\/noticies\/nota-de-prensa-dua-davant-la-proposta-de-crear-el-parc-natural-de-laran-per-govern-del-conselh-generau-daran\/","og_site_name":"Unitat d'Aran","article_publisher":"https:\/\/www.facebook.com\/UnitatAran","article_published_time":"2002-12-14T00:00:00+00:00","author":"Unitat d'Aran","twitter_card":"summary_large_image","twitter_creator":"@unitatdaran","twitter_site":"@unitatdaran","twitter_misc":{"Escrit per":"Unitat d'Aran","Temps estimat de lectura":"1 minut"},"schema":{"@context":"https:\/\/schema.org","@graph":[{"@type":"Article","@id":"https:\/\/unitatdaran.org\/ca\/noticies\/nota-de-prensa-dua-davant-la-proposta-de-crear-el-parc-natural-de-laran-per-govern-del-conselh-generau-daran\/#article","isPartOf":{"@id":"https:\/\/unitatdaran.org\/ca\/noticies\/nota-de-prensa-dua-davant-la-proposta-de-crear-el-parc-natural-de-laran-per-govern-del-conselh-generau-daran\/"},"author":{"name":"Unitat d'Aran","@id":"https:\/\/unitatdaran.org\/ca\/#\/schema\/person\/2870f7a03282b9bf0e435870415e61bb"},"headline":"Nota de prensa d&#8217;UA davant la proposta de crear el Parc Natural de l\u2019Aran per govern del Conselh Generau d\u2019Aran.","datePublished":"2002-12-14T00:00:00+00:00","mainEntityOfPage":{"@id":"https:\/\/unitatdaran.org\/ca\/noticies\/nota-de-prensa-dua-davant-la-proposta-de-crear-el-parc-natural-de-laran-per-govern-del-conselh-generau-daran\/"},"wordCount":294,"commentCount":0,"publisher":{"@id":"https:\/\/unitatdaran.org\/ca\/#organization"},"articleSection":["Not\u00edcies"],"inLanguage":"ca","potentialAction":[{"@type":"CommentAction","name":"Comment","target":["https:\/\/unitatdaran.org\/ca\/noticies\/nota-de-prensa-dua-davant-la-proposta-de-crear-el-parc-natural-de-laran-per-govern-del-conselh-generau-daran\/#respond"]}]},{"@type":"WebPage","@id":"https:\/\/unitatdaran.org\/ca\/noticies\/nota-de-prensa-dua-davant-la-proposta-de-crear-el-parc-natural-de-laran-per-govern-del-conselh-generau-daran\/","url":"https:\/\/unitatdaran.org\/ca\/noticies\/nota-de-prensa-dua-davant-la-proposta-de-crear-el-parc-natural-de-laran-per-govern-del-conselh-generau-daran\/","name":"Nota de prensa d'UA davant la proposta de crear el Parc Natural de l\u2019Aran per govern del Conselh Generau d\u2019Aran. - Unitat d'Aran","isPartOf":{"@id":"https:\/\/unitatdaran.org\/ca\/#website"},"datePublished":"2002-12-14T00:00:00+00:00","breadcrumb":{"@id":"https:\/\/unitatdaran.org\/ca\/noticies\/nota-de-prensa-dua-davant-la-proposta-de-crear-el-parc-natural-de-laran-per-govern-del-conselh-generau-daran\/#breadcrumb"},"inLanguage":"ca","potentialAction":[{"@type":"ReadAction","target":["https:\/\/unitatdaran.org\/ca\/noticies\/nota-de-prensa-dua-davant-la-proposta-de-crear-el-parc-natural-de-laran-per-govern-del-conselh-generau-daran\/"]}]},{"@type":"BreadcrumbList","@id":"https:\/\/unitatdaran.org\/ca\/noticies\/nota-de-prensa-dua-davant-la-proposta-de-crear-el-parc-natural-de-laran-per-govern-del-conselh-generau-daran\/#breadcrumb","itemListElement":[{"@type":"ListItem","position":1,"name":"Not\u00edcies","item":"https:\/\/unitatdaran.org\/ca\/category\/noticies-ca\/"},{"@type":"ListItem","position":2,"name":"Nota de prensa d&#8217;UA davant la proposta de crear el Parc Natural de l\u2019Aran per govern del Conselh Generau d\u2019Aran."}]},{"@type":"WebSite","@id":"https:\/\/unitatdaran.org\/ca\/#website","url":"https:\/\/unitatdaran.org\/ca\/","name":"Unitat d'Aran","description":" El nostre projecte \u00e9s Aran. Aran ets tu","publisher":{"@id":"https:\/\/unitatdaran.org\/ca\/#organization"},"potentialAction":[{"@type":"SearchAction","target":{"@type":"EntryPoint","urlTemplate":"https:\/\/unitatdaran.org\/ca\/?s={search_term_string}"},"query-input":{"@type":"PropertyValueSpecification","valueRequired":true,"valueName":"search_term_string"}}],"inLanguage":"ca"},{"@type":"Organization","@id":"https:\/\/unitatdaran.org\/ca\/#organization","name":"Unitat d'Aran","url":"https:\/\/unitatdaran.org\/ca\/","logo":{"@type":"ImageObject","inLanguage":"ca","@id":"https:\/\/unitatdaran.org\/ca\/#\/schema\/logo\/image\/","url":"https:\/\/i0.wp.com\/unitatdaran.org\/wp-content\/uploads\/2021\/11\/logo.png?fit=2000%2C539&ssl=1","contentUrl":"https:\/\/i0.wp.com\/unitatdaran.org\/wp-content\/uploads\/2021\/11\/logo.png?fit=2000%2C539&ssl=1","width":2000,"height":539,"caption":"Unitat d'Aran"},"image":{"@id":"https:\/\/unitatdaran.org\/ca\/#\/schema\/logo\/image\/"},"sameAs":["https:\/\/www.facebook.com\/UnitatAran","https:\/\/x.com\/unitatdaran","https:\/\/instagram.com\/unitataran"]},{"@type":"Person","@id":"https:\/\/unitatdaran.org\/ca\/#\/schema\/person\/2870f7a03282b9bf0e435870415e61bb","name":"Unitat d'Aran","image":{"@type":"ImageObject","inLanguage":"ca","@id":"https:\/\/secure.gravatar.com\/avatar\/bf8ef486d5842532d01c628a95d185dd5db38b0695bc63daa960f6506181b798?s=96&d=mm&r=g","url":"https:\/\/secure.gravatar.com\/avatar\/bf8ef486d5842532d01c628a95d185dd5db38b0695bc63daa960f6506181b798?s=96&d=mm&r=g","contentUrl":"https:\/\/secure.gravatar.com\/avatar\/bf8ef486d5842532d01c628a95d185dd5db38b0695bc63daa960f6506181b798?s=96&d=mm&r=g","caption":"Unitat d'Aran"},"sameAs":["https:\/\/new.unitatdaran.org\/"],"url":"https:\/\/unitatdaran.org\/ca\/author\/admin\/"}]}},"jetpack_featured_media_url":"","jetpack_sharing_enabled":true,"_links":{"self":[{"href":"https:\/\/unitatdaran.org\/ca\/wp-json\/wp\/v2\/posts\/6152","targetHints":{"allow":["GET"]}}],"collection":[{"href":"https:\/\/unitatdaran.org\/ca\/wp-json\/wp\/v2\/posts"}],"about":[{"href":"https:\/\/unitatdaran.org\/ca\/wp-json\/wp\/v2\/types\/post"}],"author":[{"embeddable":true,"href":"https:\/\/unitatdaran.org\/ca\/wp-json\/wp\/v2\/users\/1"}],"replies":[{"embeddable":true,"href":"https:\/\/unitatdaran.org\/ca\/wp-json\/wp\/v2\/comments?post=6152"}],"version-history":[{"count":0,"href":"https:\/\/unitatdaran.org\/ca\/wp-json\/wp\/v2\/posts\/6152\/revisions"}],"wp:attachment":[{"href":"https:\/\/unitatdaran.org\/ca\/wp-json\/wp\/v2\/media?parent=6152"}],"wp:term":[{"taxonomy":"category","embeddable":true,"href":"https:\/\/unitatdaran.org\/ca\/wp-json\/wp\/v2\/categories?post=6152"},{"taxonomy":"post_tag","embeddable":true,"href":"https:\/\/unitatdaran.org\/ca\/wp-json\/wp\/v2\/tags?post=6152"}],"curies":[{"name":"wp","href":"https:\/\/api.w.org\/{rel}","templated":true}]}}