{"id":13308,"date":"2025-11-20T15:39:12","date_gmt":"2025-11-20T13:39:12","guid":{"rendered":"https:\/\/unitatdaran.org\/convergencia-aranesa-censura-al-portavoz-de-ua-en-el-ayuntamiento-de-naut-aran-durante-el-pleno-del-ayuntamiento-de-naut-aran-celebrado-esta-manana-el-alcalde-de-este-municipio-ha-retirado-el-derecho\/"},"modified":"2025-11-20T20:02:38","modified_gmt":"2025-11-20T18:02:38","slug":"convergencia-aranesa-censura-al-portavoz-de-ua-en-el-ayuntamiento-de-naut-aran-durante-el-pleno-del-ayuntamiento-de-naut-aran-celebrado-esta-manana-el-alcalde-de-este-municipio-ha-retirado-el-derecho","status":"publish","type":"post","link":"https:\/\/unitatdaran.org\/ca\/noticies-ca\/convergencia-aranesa-censura-al-portavoz-de-ua-en-el-ayuntamiento-de-naut-aran-durante-el-pleno-del-ayuntamiento-de-naut-aran-celebrado-esta-manana-el-alcalde-de-este-municipio-ha-retirado-el-derecho\/","title":{"rendered":"Converg\u00e8ncia Aranesa censura el portaveu d\u2019UA a l\u2019Ajuntament de Naut Aran"},"content":{"rendered":"\n<p>Durant el ple de l\u2019Ajuntament de Naut Aran celebrat aquest mat\u00ed, l\u2019alcalde d\u2019aquest municipi ha vetat el dret a la paraula del portaveu d\u2019Unitat d\u2019Aran, Marc Tarrau, a qui no ha perm\u00e8s expressar la seva opini\u00f3 en la sessi\u00f3 plen\u00e0ria en qu\u00e8 es debatia el pressupost de la corporaci\u00f3 per al 2026.<\/p>\n\n<p>Unitat d\u2019Aran a Naut Aran ha expressat el seu rebuig a aquesta pr\u00e0ctica antidemocr\u00e0tica i impropia d\u2019un representant p\u00fablic.<\/p>\n\n<p>La negativa de l\u2019alcalde de Naut Aran a concedir la paraula al portaveu d\u2019UA s\u2019ha produ\u00eft en el moment en qu\u00e8 Tarrau reclamava que el pressupost del municipi havia d\u2019incorporar una partida destinada a accions en el marc de la promoci\u00f3 de la igualtat entre homes i dones, especialment tenint en compte que el govern municipal de Converg\u00e8ncia compta amb una regidoria espec\u00edfica d\u2019igualtat.<\/p>\n\n<p>En aquest sentit, UA s\u2019ha abstingut en la votaci\u00f3 del pressupost per al 2026 i ha tornat a demanar la dimissi\u00f3 de l\u2019alcalde de Naut Aran (Converg\u00e8ncia Aranesa) per la seva condemna per ab\u00fas sexual, feta p\u00fablica les darreres setmanes. Aix\u00ed mateix, Tarrau ha reclamat que el partit Converg\u00e8ncia Aranesa es pronunci\u00ef sobre aquesta q\u00fcesti\u00f3 perqu\u00e8, segons ha dit, <strong>\u201cnom\u00e9s hi ha un silenci c\u00f2mplice respecte a aquesta q\u00fcesti\u00f3\u201d<\/strong>. <\/p>\n\n<p class=\"has-text-align-right\"><em>Val d\u2019Aran, 20 de novembre de 202<\/em>5<\/p>\n","protected":false},"excerpt":{"rendered":"<p>Durant el ple de l\u2019Ajuntament de Naut Aran celebrat aquest mat\u00ed, l\u2019alcalde d\u2019aquest municipi ha vetat el dret a la paraula del portaveu d\u2019Unitat d\u2019Aran, Marc Tarrau, a qui no ha perm\u00e8s expressar la seva opini\u00f3 en la sessi\u00f3 plen\u00e0ria en qu\u00e8 es debatia el pressupost de la corporaci\u00f3 per al 2026. Unitat d\u2019Aran a [&hellip;]<\/p>\n","protected":false},"author":1,"featured_media":12877,"comment_status":"open","ping_status":"open","sticky":false,"template":"","format":"standard","meta":{"_acf_changed":false,"_jetpack_memberships_contains_paid_content":false,"footnotes":""},"categories":[84],"tags":[],"class_list":["post-13308","post","type-post","status-publish","format-standard","has-post-thumbnail","hentry","category-noticies-ca"],"acf":[],"yoast_head":"<!-- This site is optimized with the Yoast SEO plugin v27.5 - https:\/\/yoast.com\/product\/yoast-seo-wordpress\/ -->\n<title>Converg\u00e8ncia Aranesa censura el portaveu d\u2019UA a l\u2019Ajuntament de Naut Aran - Unitat d&#039;Aran<\/title>\n<meta name=\"robots\" content=\"index, follow, max-snippet:-1, max-image-preview:large, max-video-preview:-1\" \/>\n<link rel=\"canonical\" href=\"https:\/\/unitatdaran.org\/ca\/noticies-ca\/convergencia-aranesa-censura-al-portavoz-de-ua-en-el-ayuntamiento-de-naut-aran-durante-el-pleno-del-ayuntamiento-de-naut-aran-celebrado-esta-manana-el-alcalde-de-este-municipio-ha-retirado-el-derecho\/\" \/>\n<meta property=\"og:locale\" content=\"ca_ES\" \/>\n<meta property=\"og:type\" content=\"article\" \/>\n<meta property=\"og:title\" content=\"Converg\u00e8ncia Aranesa censura el portaveu d\u2019UA a l\u2019Ajuntament de Naut Aran - Unitat d&#039;Aran\" \/>\n<meta property=\"og:description\" content=\"Durant el ple de l\u2019Ajuntament de Naut Aran celebrat aquest mat\u00ed, l\u2019alcalde d\u2019aquest municipi ha vetat el dret a la paraula del portaveu d\u2019Unitat d\u2019Aran, Marc Tarrau, a qui no ha perm\u00e8s expressar la seva opini\u00f3 en la sessi\u00f3 plen\u00e0ria en qu\u00e8 es debatia el pressupost de la corporaci\u00f3 per al 2026. Unitat d\u2019Aran a [&hellip;]\" \/>\n<meta property=\"og:url\" content=\"https:\/\/unitatdaran.org\/ca\/noticies-ca\/convergencia-aranesa-censura-al-portavoz-de-ua-en-el-ayuntamiento-de-naut-aran-durante-el-pleno-del-ayuntamiento-de-naut-aran-celebrado-esta-manana-el-alcalde-de-este-municipio-ha-retirado-el-derecho\/\" \/>\n<meta property=\"og:site_name\" content=\"Unitat d&#039;Aran\" \/>\n<meta property=\"article:publisher\" content=\"https:\/\/www.facebook.com\/UnitatAran\" \/>\n<meta property=\"article:published_time\" content=\"2025-11-20T13:39:12+00:00\" \/>\n<meta property=\"article:modified_time\" content=\"2025-11-20T18:02:38+00:00\" \/>\n<meta property=\"og:image\" content=\"https:\/\/i0.wp.com\/unitatdaran.org\/wp-content\/uploads\/2024\/12\/1a78d6f4-0811-4737-9268-8a5bd488875e.jpg?fit=2048%2C1536&ssl=1\" \/>\n\t<meta property=\"og:image:width\" content=\"2048\" \/>\n\t<meta property=\"og:image:height\" content=\"1536\" \/>\n\t<meta property=\"og:image:type\" content=\"image\/jpeg\" \/>\n<meta name=\"author\" content=\"Unitat d&#039;Aran\" \/>\n<meta name=\"twitter:card\" content=\"summary_large_image\" \/>\n<meta name=\"twitter:creator\" content=\"@unitatdaran\" \/>\n<meta name=\"twitter:site\" content=\"@unitatdaran\" \/>\n<meta name=\"twitter:label1\" content=\"Escrit per\" \/>\n\t<meta name=\"twitter:data1\" content=\"Unitat d&#039;Aran\" \/>\n\t<meta name=\"twitter:label2\" content=\"Temps estimat de lectura\" \/>\n\t<meta name=\"twitter:data2\" content=\"1 minut\" \/>\n<script type=\"application\/ld+json\" class=\"yoast-schema-graph\">{\"@context\":\"https:\\\/\\\/schema.org\",\"@graph\":[{\"@type\":\"Article\",\"@id\":\"https:\\\/\\\/unitatdaran.org\\\/ca\\\/noticies-ca\\\/convergencia-aranesa-censura-al-portavoz-de-ua-en-el-ayuntamiento-de-naut-aran-durante-el-pleno-del-ayuntamiento-de-naut-aran-celebrado-esta-manana-el-alcalde-de-este-municipio-ha-retirado-el-derecho\\\/#article\",\"isPartOf\":{\"@id\":\"https:\\\/\\\/unitatdaran.org\\\/ca\\\/noticies-ca\\\/convergencia-aranesa-censura-al-portavoz-de-ua-en-el-ayuntamiento-de-naut-aran-durante-el-pleno-del-ayuntamiento-de-naut-aran-celebrado-esta-manana-el-alcalde-de-este-municipio-ha-retirado-el-derecho\\\/\"},\"author\":{\"name\":\"Unitat d'Aran\",\"@id\":\"https:\\\/\\\/unitatdaran.org\\\/ca\\\/#\\\/schema\\\/person\\\/2870f7a03282b9bf0e435870415e61bb\"},\"headline\":\"Converg\u00e8ncia Aranesa censura el portaveu d\u2019UA a l\u2019Ajuntament de Naut Aran\",\"datePublished\":\"2025-11-20T13:39:12+00:00\",\"dateModified\":\"2025-11-20T18:02:38+00:00\",\"mainEntityOfPage\":{\"@id\":\"https:\\\/\\\/unitatdaran.org\\\/ca\\\/noticies-ca\\\/convergencia-aranesa-censura-al-portavoz-de-ua-en-el-ayuntamiento-de-naut-aran-durante-el-pleno-del-ayuntamiento-de-naut-aran-celebrado-esta-manana-el-alcalde-de-este-municipio-ha-retirado-el-derecho\\\/\"},\"wordCount\":252,\"commentCount\":0,\"publisher\":{\"@id\":\"https:\\\/\\\/unitatdaran.org\\\/ca\\\/#organization\"},\"image\":{\"@id\":\"https:\\\/\\\/unitatdaran.org\\\/ca\\\/noticies-ca\\\/convergencia-aranesa-censura-al-portavoz-de-ua-en-el-ayuntamiento-de-naut-aran-durante-el-pleno-del-ayuntamiento-de-naut-aran-celebrado-esta-manana-el-alcalde-de-este-municipio-ha-retirado-el-derecho\\\/#primaryimage\"},\"thumbnailUrl\":\"https:\\\/\\\/i0.wp.com\\\/unitatdaran.org\\\/wp-content\\\/uploads\\\/2024\\\/12\\\/1a78d6f4-0811-4737-9268-8a5bd488875e.jpg?fit=2048%2C1536&ssl=1\",\"articleSection\":[\"Not\u00edcies\"],\"inLanguage\":\"ca\",\"potentialAction\":[{\"@type\":\"CommentAction\",\"name\":\"Comment\",\"target\":[\"https:\\\/\\\/unitatdaran.org\\\/ca\\\/noticies-ca\\\/convergencia-aranesa-censura-al-portavoz-de-ua-en-el-ayuntamiento-de-naut-aran-durante-el-pleno-del-ayuntamiento-de-naut-aran-celebrado-esta-manana-el-alcalde-de-este-municipio-ha-retirado-el-derecho\\\/#respond\"]}]},{\"@type\":\"WebPage\",\"@id\":\"https:\\\/\\\/unitatdaran.org\\\/ca\\\/noticies-ca\\\/convergencia-aranesa-censura-al-portavoz-de-ua-en-el-ayuntamiento-de-naut-aran-durante-el-pleno-del-ayuntamiento-de-naut-aran-celebrado-esta-manana-el-alcalde-de-este-municipio-ha-retirado-el-derecho\\\/\",\"url\":\"https:\\\/\\\/unitatdaran.org\\\/ca\\\/noticies-ca\\\/convergencia-aranesa-censura-al-portavoz-de-ua-en-el-ayuntamiento-de-naut-aran-durante-el-pleno-del-ayuntamiento-de-naut-aran-celebrado-esta-manana-el-alcalde-de-este-municipio-ha-retirado-el-derecho\\\/\",\"name\":\"Converg\u00e8ncia Aranesa censura el portaveu d\u2019UA a l\u2019Ajuntament de Naut Aran - Unitat d'Aran\",\"isPartOf\":{\"@id\":\"https:\\\/\\\/unitatdaran.org\\\/ca\\\/#website\"},\"primaryImageOfPage\":{\"@id\":\"https:\\\/\\\/unitatdaran.org\\\/ca\\\/noticies-ca\\\/convergencia-aranesa-censura-al-portavoz-de-ua-en-el-ayuntamiento-de-naut-aran-durante-el-pleno-del-ayuntamiento-de-naut-aran-celebrado-esta-manana-el-alcalde-de-este-municipio-ha-retirado-el-derecho\\\/#primaryimage\"},\"image\":{\"@id\":\"https:\\\/\\\/unitatdaran.org\\\/ca\\\/noticies-ca\\\/convergencia-aranesa-censura-al-portavoz-de-ua-en-el-ayuntamiento-de-naut-aran-durante-el-pleno-del-ayuntamiento-de-naut-aran-celebrado-esta-manana-el-alcalde-de-este-municipio-ha-retirado-el-derecho\\\/#primaryimage\"},\"thumbnailUrl\":\"https:\\\/\\\/i0.wp.com\\\/unitatdaran.org\\\/wp-content\\\/uploads\\\/2024\\\/12\\\/1a78d6f4-0811-4737-9268-8a5bd488875e.jpg?fit=2048%2C1536&ssl=1\",\"datePublished\":\"2025-11-20T13:39:12+00:00\",\"dateModified\":\"2025-11-20T18:02:38+00:00\",\"breadcrumb\":{\"@id\":\"https:\\\/\\\/unitatdaran.org\\\/ca\\\/noticies-ca\\\/convergencia-aranesa-censura-al-portavoz-de-ua-en-el-ayuntamiento-de-naut-aran-durante-el-pleno-del-ayuntamiento-de-naut-aran-celebrado-esta-manana-el-alcalde-de-este-municipio-ha-retirado-el-derecho\\\/#breadcrumb\"},\"inLanguage\":\"ca\",\"potentialAction\":[{\"@type\":\"ReadAction\",\"target\":[\"https:\\\/\\\/unitatdaran.org\\\/ca\\\/noticies-ca\\\/convergencia-aranesa-censura-al-portavoz-de-ua-en-el-ayuntamiento-de-naut-aran-durante-el-pleno-del-ayuntamiento-de-naut-aran-celebrado-esta-manana-el-alcalde-de-este-municipio-ha-retirado-el-derecho\\\/\"]}]},{\"@type\":\"ImageObject\",\"inLanguage\":\"ca\",\"@id\":\"https:\\\/\\\/unitatdaran.org\\\/ca\\\/noticies-ca\\\/convergencia-aranesa-censura-al-portavoz-de-ua-en-el-ayuntamiento-de-naut-aran-durante-el-pleno-del-ayuntamiento-de-naut-aran-celebrado-esta-manana-el-alcalde-de-este-municipio-ha-retirado-el-derecho\\\/#primaryimage\",\"url\":\"https:\\\/\\\/i0.wp.com\\\/unitatdaran.org\\\/wp-content\\\/uploads\\\/2024\\\/12\\\/1a78d6f4-0811-4737-9268-8a5bd488875e.jpg?fit=2048%2C1536&ssl=1\",\"contentUrl\":\"https:\\\/\\\/i0.wp.com\\\/unitatdaran.org\\\/wp-content\\\/uploads\\\/2024\\\/12\\\/1a78d6f4-0811-4737-9268-8a5bd488875e.jpg?fit=2048%2C1536&ssl=1\",\"width\":2048,\"height\":1536},{\"@type\":\"BreadcrumbList\",\"@id\":\"https:\\\/\\\/unitatdaran.org\\\/ca\\\/noticies-ca\\\/convergencia-aranesa-censura-al-portavoz-de-ua-en-el-ayuntamiento-de-naut-aran-durante-el-pleno-del-ayuntamiento-de-naut-aran-celebrado-esta-manana-el-alcalde-de-este-municipio-ha-retirado-el-derecho\\\/#breadcrumb\",\"itemListElement\":[{\"@type\":\"ListItem\",\"position\":1,\"name\":\"Not\u00edcies\",\"item\":\"https:\\\/\\\/unitatdaran.org\\\/ca\\\/category\\\/noticies-ca\\\/\"},{\"@type\":\"ListItem\",\"position\":2,\"name\":\"Converg\u00e8ncia Aranesa censura el portaveu d\u2019UA a l\u2019Ajuntament de Naut Aran\"}]},{\"@type\":\"WebSite\",\"@id\":\"https:\\\/\\\/unitatdaran.org\\\/ca\\\/#website\",\"url\":\"https:\\\/\\\/unitatdaran.org\\\/ca\\\/\",\"name\":\"Unitat d'Aran\",\"description\":\" El nostre projecte \u00e9s Aran. Aran ets tu\",\"publisher\":{\"@id\":\"https:\\\/\\\/unitatdaran.org\\\/ca\\\/#organization\"},\"potentialAction\":[{\"@type\":\"SearchAction\",\"target\":{\"@type\":\"EntryPoint\",\"urlTemplate\":\"https:\\\/\\\/unitatdaran.org\\\/ca\\\/?s={search_term_string}\"},\"query-input\":{\"@type\":\"PropertyValueSpecification\",\"valueRequired\":true,\"valueName\":\"search_term_string\"}}],\"inLanguage\":\"ca\"},{\"@type\":\"Organization\",\"@id\":\"https:\\\/\\\/unitatdaran.org\\\/ca\\\/#organization\",\"name\":\"Unitat d'Aran\",\"url\":\"https:\\\/\\\/unitatdaran.org\\\/ca\\\/\",\"logo\":{\"@type\":\"ImageObject\",\"inLanguage\":\"ca\",\"@id\":\"https:\\\/\\\/unitatdaran.org\\\/ca\\\/#\\\/schema\\\/logo\\\/image\\\/\",\"url\":\"https:\\\/\\\/i0.wp.com\\\/unitatdaran.org\\\/wp-content\\\/uploads\\\/2021\\\/11\\\/logo.png?fit=2000%2C539&ssl=1\",\"contentUrl\":\"https:\\\/\\\/i0.wp.com\\\/unitatdaran.org\\\/wp-content\\\/uploads\\\/2021\\\/11\\\/logo.png?fit=2000%2C539&ssl=1\",\"width\":2000,\"height\":539,\"caption\":\"Unitat d'Aran\"},\"image\":{\"@id\":\"https:\\\/\\\/unitatdaran.org\\\/ca\\\/#\\\/schema\\\/logo\\\/image\\\/\"},\"sameAs\":[\"https:\\\/\\\/www.facebook.com\\\/UnitatAran\",\"https:\\\/\\\/x.com\\\/unitatdaran\",\"https:\\\/\\\/instagram.com\\\/unitataran\"]},{\"@type\":\"Person\",\"@id\":\"https:\\\/\\\/unitatdaran.org\\\/ca\\\/#\\\/schema\\\/person\\\/2870f7a03282b9bf0e435870415e61bb\",\"name\":\"Unitat d'Aran\",\"image\":{\"@type\":\"ImageObject\",\"inLanguage\":\"ca\",\"@id\":\"https:\\\/\\\/secure.gravatar.com\\\/avatar\\\/bf8ef486d5842532d01c628a95d185dd5db38b0695bc63daa960f6506181b798?s=96&d=mm&r=g\",\"url\":\"https:\\\/\\\/secure.gravatar.com\\\/avatar\\\/bf8ef486d5842532d01c628a95d185dd5db38b0695bc63daa960f6506181b798?s=96&d=mm&r=g\",\"contentUrl\":\"https:\\\/\\\/secure.gravatar.com\\\/avatar\\\/bf8ef486d5842532d01c628a95d185dd5db38b0695bc63daa960f6506181b798?s=96&d=mm&r=g\",\"caption\":\"Unitat d'Aran\"},\"sameAs\":[\"https:\\\/\\\/new.unitatdaran.org\\\/\"],\"url\":\"https:\\\/\\\/unitatdaran.org\\\/ca\\\/author\\\/admin\\\/\"}]}<\/script>\n<!-- \/ Yoast SEO plugin. -->","yoast_head_json":{"title":"Converg\u00e8ncia Aranesa censura el portaveu d\u2019UA a l\u2019Ajuntament de Naut Aran - Unitat d'Aran","robots":{"index":"index","follow":"follow","max-snippet":"max-snippet:-1","max-image-preview":"max-image-preview:large","max-video-preview":"max-video-preview:-1"},"canonical":"https:\/\/unitatdaran.org\/ca\/noticies-ca\/convergencia-aranesa-censura-al-portavoz-de-ua-en-el-ayuntamiento-de-naut-aran-durante-el-pleno-del-ayuntamiento-de-naut-aran-celebrado-esta-manana-el-alcalde-de-este-municipio-ha-retirado-el-derecho\/","og_locale":"ca_ES","og_type":"article","og_title":"Converg\u00e8ncia Aranesa censura el portaveu d\u2019UA a l\u2019Ajuntament de Naut Aran - Unitat d'Aran","og_description":"Durant el ple de l\u2019Ajuntament de Naut Aran celebrat aquest mat\u00ed, l\u2019alcalde d\u2019aquest municipi ha vetat el dret a la paraula del portaveu d\u2019Unitat d\u2019Aran, Marc Tarrau, a qui no ha perm\u00e8s expressar la seva opini\u00f3 en la sessi\u00f3 plen\u00e0ria en qu\u00e8 es debatia el pressupost de la corporaci\u00f3 per al 2026. Unitat d\u2019Aran a [&hellip;]","og_url":"https:\/\/unitatdaran.org\/ca\/noticies-ca\/convergencia-aranesa-censura-al-portavoz-de-ua-en-el-ayuntamiento-de-naut-aran-durante-el-pleno-del-ayuntamiento-de-naut-aran-celebrado-esta-manana-el-alcalde-de-este-municipio-ha-retirado-el-derecho\/","og_site_name":"Unitat d'Aran","article_publisher":"https:\/\/www.facebook.com\/UnitatAran","article_published_time":"2025-11-20T13:39:12+00:00","article_modified_time":"2025-11-20T18:02:38+00:00","og_image":[{"width":2048,"height":1536,"url":"https:\/\/i0.wp.com\/unitatdaran.org\/wp-content\/uploads\/2024\/12\/1a78d6f4-0811-4737-9268-8a5bd488875e.jpg?fit=2048%2C1536&ssl=1","type":"image\/jpeg"}],"author":"Unitat d'Aran","twitter_card":"summary_large_image","twitter_creator":"@unitatdaran","twitter_site":"@unitatdaran","twitter_misc":{"Escrit per":"Unitat d'Aran","Temps estimat de lectura":"1 minut"},"schema":{"@context":"https:\/\/schema.org","@graph":[{"@type":"Article","@id":"https:\/\/unitatdaran.org\/ca\/noticies-ca\/convergencia-aranesa-censura-al-portavoz-de-ua-en-el-ayuntamiento-de-naut-aran-durante-el-pleno-del-ayuntamiento-de-naut-aran-celebrado-esta-manana-el-alcalde-de-este-municipio-ha-retirado-el-derecho\/#article","isPartOf":{"@id":"https:\/\/unitatdaran.org\/ca\/noticies-ca\/convergencia-aranesa-censura-al-portavoz-de-ua-en-el-ayuntamiento-de-naut-aran-durante-el-pleno-del-ayuntamiento-de-naut-aran-celebrado-esta-manana-el-alcalde-de-este-municipio-ha-retirado-el-derecho\/"},"author":{"name":"Unitat d'Aran","@id":"https:\/\/unitatdaran.org\/ca\/#\/schema\/person\/2870f7a03282b9bf0e435870415e61bb"},"headline":"Converg\u00e8ncia Aranesa censura el portaveu d\u2019UA a l\u2019Ajuntament de Naut Aran","datePublished":"2025-11-20T13:39:12+00:00","dateModified":"2025-11-20T18:02:38+00:00","mainEntityOfPage":{"@id":"https:\/\/unitatdaran.org\/ca\/noticies-ca\/convergencia-aranesa-censura-al-portavoz-de-ua-en-el-ayuntamiento-de-naut-aran-durante-el-pleno-del-ayuntamiento-de-naut-aran-celebrado-esta-manana-el-alcalde-de-este-municipio-ha-retirado-el-derecho\/"},"wordCount":252,"commentCount":0,"publisher":{"@id":"https:\/\/unitatdaran.org\/ca\/#organization"},"image":{"@id":"https:\/\/unitatdaran.org\/ca\/noticies-ca\/convergencia-aranesa-censura-al-portavoz-de-ua-en-el-ayuntamiento-de-naut-aran-durante-el-pleno-del-ayuntamiento-de-naut-aran-celebrado-esta-manana-el-alcalde-de-este-municipio-ha-retirado-el-derecho\/#primaryimage"},"thumbnailUrl":"https:\/\/i0.wp.com\/unitatdaran.org\/wp-content\/uploads\/2024\/12\/1a78d6f4-0811-4737-9268-8a5bd488875e.jpg?fit=2048%2C1536&ssl=1","articleSection":["Not\u00edcies"],"inLanguage":"ca","potentialAction":[{"@type":"CommentAction","name":"Comment","target":["https:\/\/unitatdaran.org\/ca\/noticies-ca\/convergencia-aranesa-censura-al-portavoz-de-ua-en-el-ayuntamiento-de-naut-aran-durante-el-pleno-del-ayuntamiento-de-naut-aran-celebrado-esta-manana-el-alcalde-de-este-municipio-ha-retirado-el-derecho\/#respond"]}]},{"@type":"WebPage","@id":"https:\/\/unitatdaran.org\/ca\/noticies-ca\/convergencia-aranesa-censura-al-portavoz-de-ua-en-el-ayuntamiento-de-naut-aran-durante-el-pleno-del-ayuntamiento-de-naut-aran-celebrado-esta-manana-el-alcalde-de-este-municipio-ha-retirado-el-derecho\/","url":"https:\/\/unitatdaran.org\/ca\/noticies-ca\/convergencia-aranesa-censura-al-portavoz-de-ua-en-el-ayuntamiento-de-naut-aran-durante-el-pleno-del-ayuntamiento-de-naut-aran-celebrado-esta-manana-el-alcalde-de-este-municipio-ha-retirado-el-derecho\/","name":"Converg\u00e8ncia Aranesa censura el portaveu d\u2019UA a l\u2019Ajuntament de Naut Aran - Unitat d'Aran","isPartOf":{"@id":"https:\/\/unitatdaran.org\/ca\/#website"},"primaryImageOfPage":{"@id":"https:\/\/unitatdaran.org\/ca\/noticies-ca\/convergencia-aranesa-censura-al-portavoz-de-ua-en-el-ayuntamiento-de-naut-aran-durante-el-pleno-del-ayuntamiento-de-naut-aran-celebrado-esta-manana-el-alcalde-de-este-municipio-ha-retirado-el-derecho\/#primaryimage"},"image":{"@id":"https:\/\/unitatdaran.org\/ca\/noticies-ca\/convergencia-aranesa-censura-al-portavoz-de-ua-en-el-ayuntamiento-de-naut-aran-durante-el-pleno-del-ayuntamiento-de-naut-aran-celebrado-esta-manana-el-alcalde-de-este-municipio-ha-retirado-el-derecho\/#primaryimage"},"thumbnailUrl":"https:\/\/i0.wp.com\/unitatdaran.org\/wp-content\/uploads\/2024\/12\/1a78d6f4-0811-4737-9268-8a5bd488875e.jpg?fit=2048%2C1536&ssl=1","datePublished":"2025-11-20T13:39:12+00:00","dateModified":"2025-11-20T18:02:38+00:00","breadcrumb":{"@id":"https:\/\/unitatdaran.org\/ca\/noticies-ca\/convergencia-aranesa-censura-al-portavoz-de-ua-en-el-ayuntamiento-de-naut-aran-durante-el-pleno-del-ayuntamiento-de-naut-aran-celebrado-esta-manana-el-alcalde-de-este-municipio-ha-retirado-el-derecho\/#breadcrumb"},"inLanguage":"ca","potentialAction":[{"@type":"ReadAction","target":["https:\/\/unitatdaran.org\/ca\/noticies-ca\/convergencia-aranesa-censura-al-portavoz-de-ua-en-el-ayuntamiento-de-naut-aran-durante-el-pleno-del-ayuntamiento-de-naut-aran-celebrado-esta-manana-el-alcalde-de-este-municipio-ha-retirado-el-derecho\/"]}]},{"@type":"ImageObject","inLanguage":"ca","@id":"https:\/\/unitatdaran.org\/ca\/noticies-ca\/convergencia-aranesa-censura-al-portavoz-de-ua-en-el-ayuntamiento-de-naut-aran-durante-el-pleno-del-ayuntamiento-de-naut-aran-celebrado-esta-manana-el-alcalde-de-este-municipio-ha-retirado-el-derecho\/#primaryimage","url":"https:\/\/i0.wp.com\/unitatdaran.org\/wp-content\/uploads\/2024\/12\/1a78d6f4-0811-4737-9268-8a5bd488875e.jpg?fit=2048%2C1536&ssl=1","contentUrl":"https:\/\/i0.wp.com\/unitatdaran.org\/wp-content\/uploads\/2024\/12\/1a78d6f4-0811-4737-9268-8a5bd488875e.jpg?fit=2048%2C1536&ssl=1","width":2048,"height":1536},{"@type":"BreadcrumbList","@id":"https:\/\/unitatdaran.org\/ca\/noticies-ca\/convergencia-aranesa-censura-al-portavoz-de-ua-en-el-ayuntamiento-de-naut-aran-durante-el-pleno-del-ayuntamiento-de-naut-aran-celebrado-esta-manana-el-alcalde-de-este-municipio-ha-retirado-el-derecho\/#breadcrumb","itemListElement":[{"@type":"ListItem","position":1,"name":"Not\u00edcies","item":"https:\/\/unitatdaran.org\/ca\/category\/noticies-ca\/"},{"@type":"ListItem","position":2,"name":"Converg\u00e8ncia Aranesa censura el portaveu d\u2019UA a l\u2019Ajuntament de Naut Aran"}]},{"@type":"WebSite","@id":"https:\/\/unitatdaran.org\/ca\/#website","url":"https:\/\/unitatdaran.org\/ca\/","name":"Unitat d'Aran","description":" El nostre projecte \u00e9s Aran. Aran ets tu","publisher":{"@id":"https:\/\/unitatdaran.org\/ca\/#organization"},"potentialAction":[{"@type":"SearchAction","target":{"@type":"EntryPoint","urlTemplate":"https:\/\/unitatdaran.org\/ca\/?s={search_term_string}"},"query-input":{"@type":"PropertyValueSpecification","valueRequired":true,"valueName":"search_term_string"}}],"inLanguage":"ca"},{"@type":"Organization","@id":"https:\/\/unitatdaran.org\/ca\/#organization","name":"Unitat d'Aran","url":"https:\/\/unitatdaran.org\/ca\/","logo":{"@type":"ImageObject","inLanguage":"ca","@id":"https:\/\/unitatdaran.org\/ca\/#\/schema\/logo\/image\/","url":"https:\/\/i0.wp.com\/unitatdaran.org\/wp-content\/uploads\/2021\/11\/logo.png?fit=2000%2C539&ssl=1","contentUrl":"https:\/\/i0.wp.com\/unitatdaran.org\/wp-content\/uploads\/2021\/11\/logo.png?fit=2000%2C539&ssl=1","width":2000,"height":539,"caption":"Unitat d'Aran"},"image":{"@id":"https:\/\/unitatdaran.org\/ca\/#\/schema\/logo\/image\/"},"sameAs":["https:\/\/www.facebook.com\/UnitatAran","https:\/\/x.com\/unitatdaran","https:\/\/instagram.com\/unitataran"]},{"@type":"Person","@id":"https:\/\/unitatdaran.org\/ca\/#\/schema\/person\/2870f7a03282b9bf0e435870415e61bb","name":"Unitat d'Aran","image":{"@type":"ImageObject","inLanguage":"ca","@id":"https:\/\/secure.gravatar.com\/avatar\/bf8ef486d5842532d01c628a95d185dd5db38b0695bc63daa960f6506181b798?s=96&d=mm&r=g","url":"https:\/\/secure.gravatar.com\/avatar\/bf8ef486d5842532d01c628a95d185dd5db38b0695bc63daa960f6506181b798?s=96&d=mm&r=g","contentUrl":"https:\/\/secure.gravatar.com\/avatar\/bf8ef486d5842532d01c628a95d185dd5db38b0695bc63daa960f6506181b798?s=96&d=mm&r=g","caption":"Unitat d'Aran"},"sameAs":["https:\/\/new.unitatdaran.org\/"],"url":"https:\/\/unitatdaran.org\/ca\/author\/admin\/"}]}},"jetpack_featured_media_url":"https:\/\/i0.wp.com\/unitatdaran.org\/wp-content\/uploads\/2024\/12\/1a78d6f4-0811-4737-9268-8a5bd488875e.jpg?fit=2048%2C1536&ssl=1","jetpack_sharing_enabled":true,"_links":{"self":[{"href":"https:\/\/unitatdaran.org\/ca\/wp-json\/wp\/v2\/posts\/13308","targetHints":{"allow":["GET"]}}],"collection":[{"href":"https:\/\/unitatdaran.org\/ca\/wp-json\/wp\/v2\/posts"}],"about":[{"href":"https:\/\/unitatdaran.org\/ca\/wp-json\/wp\/v2\/types\/post"}],"author":[{"embeddable":true,"href":"https:\/\/unitatdaran.org\/ca\/wp-json\/wp\/v2\/users\/1"}],"replies":[{"embeddable":true,"href":"https:\/\/unitatdaran.org\/ca\/wp-json\/wp\/v2\/comments?post=13308"}],"version-history":[{"count":3,"href":"https:\/\/unitatdaran.org\/ca\/wp-json\/wp\/v2\/posts\/13308\/revisions"}],"predecessor-version":[{"id":13311,"href":"https:\/\/unitatdaran.org\/ca\/wp-json\/wp\/v2\/posts\/13308\/revisions\/13311"}],"wp:featuredmedia":[{"embeddable":true,"href":"https:\/\/unitatdaran.org\/ca\/wp-json\/wp\/v2\/media\/12877"}],"wp:attachment":[{"href":"https:\/\/unitatdaran.org\/ca\/wp-json\/wp\/v2\/media?parent=13308"}],"wp:term":[{"taxonomy":"category","embeddable":true,"href":"https:\/\/unitatdaran.org\/ca\/wp-json\/wp\/v2\/categories?post=13308"},{"taxonomy":"post_tag","embeddable":true,"href":"https:\/\/unitatdaran.org\/ca\/wp-json\/wp\/v2\/tags?post=13308"}],"curies":[{"name":"wp","href":"https:\/\/api.w.org\/{rel}","templated":true}]}}