{"id":12610,"date":"2023-10-20T12:38:26","date_gmt":"2023-10-20T12:38:26","guid":{"rendered":"https:\/\/unitatdaran.org\/ua-inste-ar-ajuntament-de-bossost-a-cuedar-er-espaci-urban-e-es-installacions-deportives\/"},"modified":"2023-10-20T12:38:26","modified_gmt":"2023-10-20T12:38:26","slug":"ua-inste-ar-ajuntament-de-bossost-a-cuedar-er-espaci-urban-e-es-installacions-deportives","status":"publish","type":"post","link":"https:\/\/unitatdaran.org\/ca\/noticies-ca\/ua-inste-ar-ajuntament-de-bossost-a-cuedar-er-espaci-urban-e-es-installacions-deportives\/","title":{"rendered":"UA inste ar Ajuntament de Boss\u00f2st a cuedar er espaci urban e es installacions deportives"},"content":{"rendered":"\n<p>Eth grop d\u2019Unitat d\u2019Aran en Boss\u00f2st a instat au\u00e9 ara equipa de gov\u00e8rn a suenhar er espaci urban e es installacions deportives municipaus deuant der estat d&#8217;abandon e deishadesa detectat pendent es darr\u00e8ri mesi. Eth c\u00f2sso portavotz, Amador Marqu\u00e9s, s&#8217;a mostrat preocupat <strong>\u201cpera imatge d&#8217;abandon d&#8217;elements urbans coma es flors que dec\u00f2ren er espaci public deth municipi, damb un caract\u00e8r eminentaments toristic\u201d<\/strong>. Tanben s&#8217;a queishat deth <strong>\u201cdescontr\u00f2l\u201d<\/strong> que patissen es installacions dera Z\u00f2na Deportiva, coma s&#8217;a pogut comprovar pendent aguest ostieu.<\/p>\n\n\n\n<figure class=\"wp-block-gallery has-nested-images columns-default is-cropped wp-block-gallery-1 is-layout-flex wp-block-gallery-is-layout-flex\">\n<figure class=\"wp-block-image size-large\"><img data-recalc-dims=\"1\" fetchpriority=\"high\" decoding=\"async\" width=\"800\" height=\"600\" data-id=\"12085\" src=\"https:\/\/i0.wp.com\/unitatdaran.org\/wp-content\/uploads\/2023\/10\/img-7135-1.jpg?resize=800%2C600&#038;ssl=1\" alt=\"\" class=\"wp-image-12085\" srcset=\"https:\/\/i0.wp.com\/unitatdaran.org\/wp-content\/uploads\/2023\/10\/img-7135-1-scaled.jpg?resize=1024%2C768&amp;ssl=1 1024w, https:\/\/i0.wp.com\/unitatdaran.org\/wp-content\/uploads\/2023\/10\/img-7135-1-scaled.jpg?resize=300%2C225&amp;ssl=1 300w, https:\/\/i0.wp.com\/unitatdaran.org\/wp-content\/uploads\/2023\/10\/img-7135-1-scaled.jpg?resize=768%2C576&amp;ssl=1 768w, https:\/\/i0.wp.com\/unitatdaran.org\/wp-content\/uploads\/2023\/10\/img-7135-1-scaled.jpg?resize=1536%2C1152&amp;ssl=1 1536w, https:\/\/i0.wp.com\/unitatdaran.org\/wp-content\/uploads\/2023\/10\/img-7135-1-scaled.jpg?resize=2048%2C1536&amp;ssl=1 2048w, https:\/\/i0.wp.com\/unitatdaran.org\/wp-content\/uploads\/2023\/10\/img-7135-1-scaled.jpg?w=1600&amp;ssl=1 1600w, https:\/\/i0.wp.com\/unitatdaran.org\/wp-content\/uploads\/2023\/10\/img-7135-1-scaled.jpg?w=2400&amp;ssl=1 2400w\" sizes=\"(max-width: 800px) 100vw, 800px\" \/><\/figure>\n\n\n\n<figure class=\"wp-block-image size-large\"><img data-recalc-dims=\"1\" decoding=\"async\" width=\"800\" height=\"600\" data-id=\"12086\" src=\"https:\/\/i0.wp.com\/unitatdaran.org\/wp-content\/uploads\/2023\/10\/img-7137-1.jpg?resize=800%2C600&#038;ssl=1\" alt=\"\" class=\"wp-image-12086\" srcset=\"https:\/\/i0.wp.com\/unitatdaran.org\/wp-content\/uploads\/2023\/10\/img-7137-1-scaled.jpg?resize=1024%2C768&amp;ssl=1 1024w, https:\/\/i0.wp.com\/unitatdaran.org\/wp-content\/uploads\/2023\/10\/img-7137-1-scaled.jpg?resize=300%2C225&amp;ssl=1 300w, https:\/\/i0.wp.com\/unitatdaran.org\/wp-content\/uploads\/2023\/10\/img-7137-1-scaled.jpg?resize=768%2C576&amp;ssl=1 768w, https:\/\/i0.wp.com\/unitatdaran.org\/wp-content\/uploads\/2023\/10\/img-7137-1-scaled.jpg?resize=1536%2C1152&amp;ssl=1 1536w, https:\/\/i0.wp.com\/unitatdaran.org\/wp-content\/uploads\/2023\/10\/img-7137-1-scaled.jpg?resize=2048%2C1536&amp;ssl=1 2048w, https:\/\/i0.wp.com\/unitatdaran.org\/wp-content\/uploads\/2023\/10\/img-7137-1-scaled.jpg?w=1600&amp;ssl=1 1600w, https:\/\/i0.wp.com\/unitatdaran.org\/wp-content\/uploads\/2023\/10\/img-7137-1-scaled.jpg?w=2400&amp;ssl=1 2400w\" sizes=\"(max-width: 800px) 100vw, 800px\" \/><\/figure>\n<\/figure>\n\n\n\n<p>En aguest sens, eth grop municipau a mostrat un balan\u00e7&nbsp;<strong>\u201cnegatiu e decepcionant des prum\u00e8ri mesi der actuau gov\u00e8rn locau\u201d<\/strong>, pr\u2019amor que&nbsp;<strong>\u201cs&#8217;a preocupat m\u00e8s de cercar&nbsp;errors&nbsp;der anterior gov\u00e8rn, en tot h\u00e8r d&#8217;oposicion ara oposicion\u201d<\/strong>. Marqu\u00e9s a declarat que&nbsp;<strong>\u201caguesta actitud h\u00e8 a p\u00e8rder eth temps ar Ajuntament e ath municipi, qu&#8217;a de besonh un gov\u00e8rn damb volontat de somar e servir ath conjunt dera ciutadania\u201d<\/strong>.<\/p>\n\n\n\n<p>Totun, <strong>\u201c\u00e8m dispausadi a collaborar des d&#8217;ua actitud positiva e constructiva peth ben deth p\u00f2ble e era sua conviv\u00e9ncia, en tot fomentar era transpar\u00e9ncia e eth desvolopament de proj\u00e8ctes iniciadi ena anteriora legislatura\u201d<\/strong>, segontes eth c\u00f2sso.<\/p>\n\n\n\n<p class=\"has-text-align-right\"><em>Val d\u2019Aran, 20 d\u2019octubre de 2023<\/em><\/p>\n\n\n\n<h2 class=\"wp-block-heading\"><strong>UA insta al Ayuntamiento de Boss\u00f2st a cuidar el espacio urbano y las instalaciones deportivas <\/strong><\/h2>\n\n\n\n<p>El grupo de Unitat d\u2019Aran en Boss\u00f2st ha instado hoy al equipo de gobierno a cuidar el espacio urbano y las instalaciones deportivas municipales ante el estado de abandono y dejadez detectado durante los \u00faltimos meses. El concejal portavoz, Amador Marqu\u00e9s, se ha mostrado preocupado&nbsp;<strong>\u201cpor la imagen de abandono de elementos urbanos como las flores que decoran el espacio p\u00fablico del municipio, con un car\u00e1cter eminentemente tur\u00edstico\u201d<\/strong>. Tambi\u00e9n se ha quejado del&nbsp;<strong>\u201cdescontrol\u201d<\/strong>&nbsp;que sufren las instalaciones de la Zona Deportiva, como se ha podido comprobar durante este verano.&nbsp;<\/p>\n\n\n\n<p>En este sentido, el grupo municipal ha mostrado un balance&nbsp;<strong>\u201cnegativo y decepcionante de los primeros meses del actual gobierno local\u201d<\/strong>, ya que&nbsp;<strong>\u201cse ha preocupado m\u00e1s de buscar fallos del anterior gobierno, haciendo de oposici\u00f3n a la oposici\u00f3n\u201d<\/strong>. Marqu\u00e9s ha declarado que&nbsp;<strong>\u201cesta actitud hace perder el tiempo al Ayuntamiento y al municipio, que necesita un gobierno con voluntad de sumar y servir al conjunto de la ciudadan\u00eda\u201d<\/strong>.&nbsp;<\/p>\n\n\n\n<p>Aun as\u00ed, <strong>\u201cestamos dipuestos a colaborar desde una actitud positiva y constructiva por el bien del pueblo y su convivencia, fomentando la transparencia y el desarrollo de proyectos iniciados en la anterior legislatura\u201d<\/strong>, seg\u00fan el concejal.<\/p>\n\n\n\n<p class=\"has-text-align-right\"><em>Val d\u2019Aran, 20 de octubre de 2023<\/em><\/p>\n\n\n\n<h2 class=\"wp-block-heading\"><strong>UA insta l&#8217;Ajuntament de Boss\u00f2st a tenir cura de l&#8217;espai urb\u00e0 i les instal\u00b7lacions esportives  <\/strong><\/h2>\n\n\n\n<p>El grup d&#8217;Unitat d\u2019Aran a Boss\u00f2st ha instat avui l&#8217;equip de govern a cuidar l&#8217;espai urb\u00e0 i les instal\u00b7lacions esportives municipals davant l&#8217;estat d&#8217;aband\u00f3 i deixadesa detectat durant els darrers mesos. El regidor portaveu Amador Marqu\u00e9s s&#8217;ha mostrat preocupat&nbsp;<strong>&#8220;per la imatge d&#8217;abandonament d&#8217;elements urbans com les flors que decoren l&#8217;espai p\u00fablic del municipi, amb un car\u00e0cter eminentment tur\u00edstic&#8221;<\/strong>. Tamb\u00e9 s&#8217;ha queixat del&nbsp;<strong>\u201cdescontrol\u201d<\/strong>&nbsp;que pateixen les instal\u00b7lacions de la Zona Esportiva, com s&#8217;ha pogut comprovar durant aquest estiu.<\/p>\n\n\n\n<p>En aquest sentit, el grup municipal ha mostrat un balan\u00e7&nbsp;<strong>&#8220;negatiu i decebedor dels primers mesos de l\u02bbactual govern local&#8221;<\/strong>, ja que&nbsp;<strong>&#8220;s&#8217;ha preocupat m\u00e9s de buscar errades de l&#8217;anterior govern, fent d&#8217;oposici\u00f3 a l&#8217;oposici\u00f3&#8221;<\/strong>. Marqu\u00e9s ha declarat que&nbsp;<strong>\u201caquesta actitud fa perdre el temps a l&#8217;Ajuntament i al municipi, que necessita un govern amb voluntat de sumar i servir el conjunt de la ciutadania\u201d<\/strong>.<\/p>\n\n\n\n<p>Tot i aix\u00ed,&nbsp;<strong>\u201cestem diposats a col\u00b7laborar des d&#8217;una actitud positiva i constructiva pel b\u00e9 del poble i la seva conviv\u00e8ncia, fomentant la transpar\u00e8ncia i el desenvolupament de projectes iniciats a l&#8217;anterior legislatura\u201d<\/strong>, segons el regidor.<\/p>\n\n\n\n<p class=\"has-text-align-right\"><em>Val d\u2019Aran, 20 d\u2019octubre de 2023<\/em><\/p>\n","protected":false},"excerpt":{"rendered":"<p>Eth grop d\u2019Unitat d\u2019Aran en Boss\u00f2st a instat au\u00e9 ara equipa de gov\u00e8rn a suenhar er espaci urban e es installacions deportives municipaus deuant der estat d&#8217;abandon e deishadesa detectat pendent es darr\u00e8ri mesi. Eth c\u00f2sso portavotz, Amador Marqu\u00e9s, s&#8217;a mostrat preocupat \u201cpera imatge d&#8217;abandon d&#8217;elements urbans coma es flors que dec\u00f2ren er espaci public [&hellip;]<\/p>\n","protected":false},"author":1,"featured_media":12611,"comment_status":"open","ping_status":"open","sticky":false,"template":"","format":"standard","meta":{"_acf_changed":false,"_jetpack_memberships_contains_paid_content":false,"footnotes":""},"categories":[84],"tags":[],"class_list":["post-12610","post","type-post","status-publish","format-standard","has-post-thumbnail","hentry","category-noticies-ca"],"acf":[],"yoast_head":"<!-- This site is optimized with the Yoast SEO plugin v27.5 - https:\/\/yoast.com\/product\/yoast-seo-wordpress\/ -->\n<title>UA inste ar Ajuntament de Boss\u00f2st a cuedar er espaci urban e es installacions deportives - Unitat d&#039;Aran<\/title>\n<meta name=\"robots\" content=\"index, follow, max-snippet:-1, max-image-preview:large, max-video-preview:-1\" \/>\n<link rel=\"canonical\" href=\"https:\/\/unitatdaran.org\/ca\/noticies-ca\/ua-inste-ar-ajuntament-de-bossost-a-cuedar-er-espaci-urban-e-es-installacions-deportives\/\" \/>\n<meta property=\"og:locale\" content=\"ca_ES\" \/>\n<meta property=\"og:type\" content=\"article\" \/>\n<meta property=\"og:title\" content=\"UA inste ar Ajuntament de Boss\u00f2st a cuedar er espaci urban e es installacions deportives - Unitat d&#039;Aran\" \/>\n<meta property=\"og:description\" content=\"Eth grop d\u2019Unitat d\u2019Aran en Boss\u00f2st a instat au\u00e9 ara equipa de gov\u00e8rn a suenhar er espaci urban e es installacions deportives municipaus deuant der estat d&#8217;abandon e deishadesa detectat pendent es darr\u00e8ri mesi. Eth c\u00f2sso portavotz, Amador Marqu\u00e9s, s&#8217;a mostrat preocupat \u201cpera imatge d&#8217;abandon d&#8217;elements urbans coma es flors que dec\u00f2ren er espaci public [&hellip;]\" \/>\n<meta property=\"og:url\" content=\"https:\/\/unitatdaran.org\/ca\/noticies-ca\/ua-inste-ar-ajuntament-de-bossost-a-cuedar-er-espaci-urban-e-es-installacions-deportives\/\" \/>\n<meta property=\"og:site_name\" content=\"Unitat d&#039;Aran\" \/>\n<meta property=\"article:publisher\" content=\"https:\/\/www.facebook.com\/UnitatAran\" \/>\n<meta property=\"article:published_time\" content=\"2023-10-20T12:38:26+00:00\" \/>\n<meta property=\"og:image\" content=\"https:\/\/unitatdaran.org\/wp-content\/uploads\/2023\/10\/img-7135-1-1024x768.jpg\" \/>\n<meta name=\"author\" content=\"Unitat d&#039;Aran\" \/>\n<meta name=\"twitter:card\" content=\"summary_large_image\" \/>\n<meta name=\"twitter:creator\" content=\"@unitatdaran\" \/>\n<meta name=\"twitter:site\" content=\"@unitatdaran\" \/>\n<meta name=\"twitter:label1\" content=\"Escrit per\" \/>\n\t<meta name=\"twitter:data1\" content=\"Unitat d&#039;Aran\" \/>\n\t<meta name=\"twitter:label2\" content=\"Temps estimat de lectura\" \/>\n\t<meta name=\"twitter:data2\" content=\"3 minuts\" \/>\n<script type=\"application\/ld+json\" class=\"yoast-schema-graph\">{\"@context\":\"https:\\\/\\\/schema.org\",\"@graph\":[{\"@type\":\"Article\",\"@id\":\"https:\\\/\\\/unitatdaran.org\\\/ca\\\/noticies-ca\\\/ua-inste-ar-ajuntament-de-bossost-a-cuedar-er-espaci-urban-e-es-installacions-deportives\\\/#article\",\"isPartOf\":{\"@id\":\"https:\\\/\\\/unitatdaran.org\\\/ca\\\/noticies-ca\\\/ua-inste-ar-ajuntament-de-bossost-a-cuedar-er-espaci-urban-e-es-installacions-deportives\\\/\"},\"author\":{\"name\":\"Unitat d'Aran\",\"@id\":\"https:\\\/\\\/unitatdaran.org\\\/ca\\\/#\\\/schema\\\/person\\\/2870f7a03282b9bf0e435870415e61bb\"},\"headline\":\"UA inste ar Ajuntament de Boss\u00f2st a cuedar er espaci urban e es installacions deportives\",\"datePublished\":\"2023-10-20T12:38:26+00:00\",\"mainEntityOfPage\":{\"@id\":\"https:\\\/\\\/unitatdaran.org\\\/ca\\\/noticies-ca\\\/ua-inste-ar-ajuntament-de-bossost-a-cuedar-er-espaci-urban-e-es-installacions-deportives\\\/\"},\"wordCount\":729,\"commentCount\":0,\"publisher\":{\"@id\":\"https:\\\/\\\/unitatdaran.org\\\/ca\\\/#organization\"},\"image\":{\"@id\":\"https:\\\/\\\/unitatdaran.org\\\/ca\\\/noticies-ca\\\/ua-inste-ar-ajuntament-de-bossost-a-cuedar-er-espaci-urban-e-es-installacions-deportives\\\/#primaryimage\"},\"thumbnailUrl\":\"https:\\\/\\\/i0.wp.com\\\/unitatdaran.org\\\/wp-content\\\/uploads\\\/2023\\\/10\\\/img-7135-1-scaled.jpg?fit=2560%2C1920&ssl=1\",\"articleSection\":[\"Not\u00edcies\"],\"inLanguage\":\"ca\",\"potentialAction\":[{\"@type\":\"CommentAction\",\"name\":\"Comment\",\"target\":[\"https:\\\/\\\/unitatdaran.org\\\/ca\\\/noticies-ca\\\/ua-inste-ar-ajuntament-de-bossost-a-cuedar-er-espaci-urban-e-es-installacions-deportives\\\/#respond\"]}]},{\"@type\":\"WebPage\",\"@id\":\"https:\\\/\\\/unitatdaran.org\\\/ca\\\/noticies-ca\\\/ua-inste-ar-ajuntament-de-bossost-a-cuedar-er-espaci-urban-e-es-installacions-deportives\\\/\",\"url\":\"https:\\\/\\\/unitatdaran.org\\\/ca\\\/noticies-ca\\\/ua-inste-ar-ajuntament-de-bossost-a-cuedar-er-espaci-urban-e-es-installacions-deportives\\\/\",\"name\":\"UA inste ar Ajuntament de Boss\u00f2st a cuedar er espaci urban e es installacions deportives - Unitat d'Aran\",\"isPartOf\":{\"@id\":\"https:\\\/\\\/unitatdaran.org\\\/ca\\\/#website\"},\"primaryImageOfPage\":{\"@id\":\"https:\\\/\\\/unitatdaran.org\\\/ca\\\/noticies-ca\\\/ua-inste-ar-ajuntament-de-bossost-a-cuedar-er-espaci-urban-e-es-installacions-deportives\\\/#primaryimage\"},\"image\":{\"@id\":\"https:\\\/\\\/unitatdaran.org\\\/ca\\\/noticies-ca\\\/ua-inste-ar-ajuntament-de-bossost-a-cuedar-er-espaci-urban-e-es-installacions-deportives\\\/#primaryimage\"},\"thumbnailUrl\":\"https:\\\/\\\/i0.wp.com\\\/unitatdaran.org\\\/wp-content\\\/uploads\\\/2023\\\/10\\\/img-7135-1-scaled.jpg?fit=2560%2C1920&ssl=1\",\"datePublished\":\"2023-10-20T12:38:26+00:00\",\"inLanguage\":\"ca\",\"potentialAction\":[{\"@type\":\"ReadAction\",\"target\":[\"https:\\\/\\\/unitatdaran.org\\\/ca\\\/noticies-ca\\\/ua-inste-ar-ajuntament-de-bossost-a-cuedar-er-espaci-urban-e-es-installacions-deportives\\\/\"]}]},{\"@type\":\"ImageObject\",\"inLanguage\":\"ca\",\"@id\":\"https:\\\/\\\/unitatdaran.org\\\/ca\\\/noticies-ca\\\/ua-inste-ar-ajuntament-de-bossost-a-cuedar-er-espaci-urban-e-es-installacions-deportives\\\/#primaryimage\",\"url\":\"https:\\\/\\\/i0.wp.com\\\/unitatdaran.org\\\/wp-content\\\/uploads\\\/2023\\\/10\\\/img-7135-1-scaled.jpg?fit=2560%2C1920&ssl=1\",\"contentUrl\":\"https:\\\/\\\/i0.wp.com\\\/unitatdaran.org\\\/wp-content\\\/uploads\\\/2023\\\/10\\\/img-7135-1-scaled.jpg?fit=2560%2C1920&ssl=1\",\"width\":2560,\"height\":1920},{\"@type\":\"WebSite\",\"@id\":\"https:\\\/\\\/unitatdaran.org\\\/ca\\\/#website\",\"url\":\"https:\\\/\\\/unitatdaran.org\\\/ca\\\/\",\"name\":\"Unitat d'Aran\",\"description\":\" El nostre projecte \u00e9s Aran. Aran ets tu\",\"publisher\":{\"@id\":\"https:\\\/\\\/unitatdaran.org\\\/ca\\\/#organization\"},\"potentialAction\":[{\"@type\":\"SearchAction\",\"target\":{\"@type\":\"EntryPoint\",\"urlTemplate\":\"https:\\\/\\\/unitatdaran.org\\\/ca\\\/?s={search_term_string}\"},\"query-input\":{\"@type\":\"PropertyValueSpecification\",\"valueRequired\":true,\"valueName\":\"search_term_string\"}}],\"inLanguage\":\"ca\"},{\"@type\":\"Organization\",\"@id\":\"https:\\\/\\\/unitatdaran.org\\\/ca\\\/#organization\",\"name\":\"Unitat d'Aran\",\"url\":\"https:\\\/\\\/unitatdaran.org\\\/ca\\\/\",\"logo\":{\"@type\":\"ImageObject\",\"inLanguage\":\"ca\",\"@id\":\"https:\\\/\\\/unitatdaran.org\\\/ca\\\/#\\\/schema\\\/logo\\\/image\\\/\",\"url\":\"https:\\\/\\\/i0.wp.com\\\/unitatdaran.org\\\/wp-content\\\/uploads\\\/2021\\\/11\\\/logo.png?fit=2000%2C539&ssl=1\",\"contentUrl\":\"https:\\\/\\\/i0.wp.com\\\/unitatdaran.org\\\/wp-content\\\/uploads\\\/2021\\\/11\\\/logo.png?fit=2000%2C539&ssl=1\",\"width\":2000,\"height\":539,\"caption\":\"Unitat d'Aran\"},\"image\":{\"@id\":\"https:\\\/\\\/unitatdaran.org\\\/ca\\\/#\\\/schema\\\/logo\\\/image\\\/\"},\"sameAs\":[\"https:\\\/\\\/www.facebook.com\\\/UnitatAran\",\"https:\\\/\\\/x.com\\\/unitatdaran\",\"https:\\\/\\\/instagram.com\\\/unitataran\"]},{\"@type\":\"Person\",\"@id\":\"https:\\\/\\\/unitatdaran.org\\\/ca\\\/#\\\/schema\\\/person\\\/2870f7a03282b9bf0e435870415e61bb\",\"name\":\"Unitat d'Aran\",\"image\":{\"@type\":\"ImageObject\",\"inLanguage\":\"ca\",\"@id\":\"https:\\\/\\\/secure.gravatar.com\\\/avatar\\\/bf8ef486d5842532d01c628a95d185dd5db38b0695bc63daa960f6506181b798?s=96&d=mm&r=g\",\"url\":\"https:\\\/\\\/secure.gravatar.com\\\/avatar\\\/bf8ef486d5842532d01c628a95d185dd5db38b0695bc63daa960f6506181b798?s=96&d=mm&r=g\",\"contentUrl\":\"https:\\\/\\\/secure.gravatar.com\\\/avatar\\\/bf8ef486d5842532d01c628a95d185dd5db38b0695bc63daa960f6506181b798?s=96&d=mm&r=g\",\"caption\":\"Unitat d'Aran\"},\"sameAs\":[\"https:\\\/\\\/new.unitatdaran.org\\\/\"],\"url\":\"https:\\\/\\\/unitatdaran.org\\\/ca\\\/author\\\/admin\\\/\"}]}<\/script>\n<!-- \/ Yoast SEO plugin. -->","yoast_head_json":{"title":"UA inste ar Ajuntament de Boss\u00f2st a cuedar er espaci urban e es installacions deportives - Unitat d'Aran","robots":{"index":"index","follow":"follow","max-snippet":"max-snippet:-1","max-image-preview":"max-image-preview:large","max-video-preview":"max-video-preview:-1"},"canonical":"https:\/\/unitatdaran.org\/ca\/noticies-ca\/ua-inste-ar-ajuntament-de-bossost-a-cuedar-er-espaci-urban-e-es-installacions-deportives\/","og_locale":"ca_ES","og_type":"article","og_title":"UA inste ar Ajuntament de Boss\u00f2st a cuedar er espaci urban e es installacions deportives - Unitat d'Aran","og_description":"Eth grop d\u2019Unitat d\u2019Aran en Boss\u00f2st a instat au\u00e9 ara equipa de gov\u00e8rn a suenhar er espaci urban e es installacions deportives municipaus deuant der estat d&#8217;abandon e deishadesa detectat pendent es darr\u00e8ri mesi. Eth c\u00f2sso portavotz, Amador Marqu\u00e9s, s&#8217;a mostrat preocupat \u201cpera imatge d&#8217;abandon d&#8217;elements urbans coma es flors que dec\u00f2ren er espaci public [&hellip;]","og_url":"https:\/\/unitatdaran.org\/ca\/noticies-ca\/ua-inste-ar-ajuntament-de-bossost-a-cuedar-er-espaci-urban-e-es-installacions-deportives\/","og_site_name":"Unitat d'Aran","article_publisher":"https:\/\/www.facebook.com\/UnitatAran","article_published_time":"2023-10-20T12:38:26+00:00","og_image":[{"url":"https:\/\/unitatdaran.org\/wp-content\/uploads\/2023\/10\/img-7135-1-1024x768.jpg","type":"","width":"","height":""}],"author":"Unitat d'Aran","twitter_card":"summary_large_image","twitter_creator":"@unitatdaran","twitter_site":"@unitatdaran","twitter_misc":{"Escrit per":"Unitat d'Aran","Temps estimat de lectura":"3 minuts"},"schema":{"@context":"https:\/\/schema.org","@graph":[{"@type":"Article","@id":"https:\/\/unitatdaran.org\/ca\/noticies-ca\/ua-inste-ar-ajuntament-de-bossost-a-cuedar-er-espaci-urban-e-es-installacions-deportives\/#article","isPartOf":{"@id":"https:\/\/unitatdaran.org\/ca\/noticies-ca\/ua-inste-ar-ajuntament-de-bossost-a-cuedar-er-espaci-urban-e-es-installacions-deportives\/"},"author":{"name":"Unitat d'Aran","@id":"https:\/\/unitatdaran.org\/ca\/#\/schema\/person\/2870f7a03282b9bf0e435870415e61bb"},"headline":"UA inste ar Ajuntament de Boss\u00f2st a cuedar er espaci urban e es installacions deportives","datePublished":"2023-10-20T12:38:26+00:00","mainEntityOfPage":{"@id":"https:\/\/unitatdaran.org\/ca\/noticies-ca\/ua-inste-ar-ajuntament-de-bossost-a-cuedar-er-espaci-urban-e-es-installacions-deportives\/"},"wordCount":729,"commentCount":0,"publisher":{"@id":"https:\/\/unitatdaran.org\/ca\/#organization"},"image":{"@id":"https:\/\/unitatdaran.org\/ca\/noticies-ca\/ua-inste-ar-ajuntament-de-bossost-a-cuedar-er-espaci-urban-e-es-installacions-deportives\/#primaryimage"},"thumbnailUrl":"https:\/\/i0.wp.com\/unitatdaran.org\/wp-content\/uploads\/2023\/10\/img-7135-1-scaled.jpg?fit=2560%2C1920&ssl=1","articleSection":["Not\u00edcies"],"inLanguage":"ca","potentialAction":[{"@type":"CommentAction","name":"Comment","target":["https:\/\/unitatdaran.org\/ca\/noticies-ca\/ua-inste-ar-ajuntament-de-bossost-a-cuedar-er-espaci-urban-e-es-installacions-deportives\/#respond"]}]},{"@type":"WebPage","@id":"https:\/\/unitatdaran.org\/ca\/noticies-ca\/ua-inste-ar-ajuntament-de-bossost-a-cuedar-er-espaci-urban-e-es-installacions-deportives\/","url":"https:\/\/unitatdaran.org\/ca\/noticies-ca\/ua-inste-ar-ajuntament-de-bossost-a-cuedar-er-espaci-urban-e-es-installacions-deportives\/","name":"UA inste ar Ajuntament de Boss\u00f2st a cuedar er espaci urban e es installacions deportives - Unitat d'Aran","isPartOf":{"@id":"https:\/\/unitatdaran.org\/ca\/#website"},"primaryImageOfPage":{"@id":"https:\/\/unitatdaran.org\/ca\/noticies-ca\/ua-inste-ar-ajuntament-de-bossost-a-cuedar-er-espaci-urban-e-es-installacions-deportives\/#primaryimage"},"image":{"@id":"https:\/\/unitatdaran.org\/ca\/noticies-ca\/ua-inste-ar-ajuntament-de-bossost-a-cuedar-er-espaci-urban-e-es-installacions-deportives\/#primaryimage"},"thumbnailUrl":"https:\/\/i0.wp.com\/unitatdaran.org\/wp-content\/uploads\/2023\/10\/img-7135-1-scaled.jpg?fit=2560%2C1920&ssl=1","datePublished":"2023-10-20T12:38:26+00:00","inLanguage":"ca","potentialAction":[{"@type":"ReadAction","target":["https:\/\/unitatdaran.org\/ca\/noticies-ca\/ua-inste-ar-ajuntament-de-bossost-a-cuedar-er-espaci-urban-e-es-installacions-deportives\/"]}]},{"@type":"ImageObject","inLanguage":"ca","@id":"https:\/\/unitatdaran.org\/ca\/noticies-ca\/ua-inste-ar-ajuntament-de-bossost-a-cuedar-er-espaci-urban-e-es-installacions-deportives\/#primaryimage","url":"https:\/\/i0.wp.com\/unitatdaran.org\/wp-content\/uploads\/2023\/10\/img-7135-1-scaled.jpg?fit=2560%2C1920&ssl=1","contentUrl":"https:\/\/i0.wp.com\/unitatdaran.org\/wp-content\/uploads\/2023\/10\/img-7135-1-scaled.jpg?fit=2560%2C1920&ssl=1","width":2560,"height":1920},{"@type":"WebSite","@id":"https:\/\/unitatdaran.org\/ca\/#website","url":"https:\/\/unitatdaran.org\/ca\/","name":"Unitat d'Aran","description":" El nostre projecte \u00e9s Aran. Aran ets tu","publisher":{"@id":"https:\/\/unitatdaran.org\/ca\/#organization"},"potentialAction":[{"@type":"SearchAction","target":{"@type":"EntryPoint","urlTemplate":"https:\/\/unitatdaran.org\/ca\/?s={search_term_string}"},"query-input":{"@type":"PropertyValueSpecification","valueRequired":true,"valueName":"search_term_string"}}],"inLanguage":"ca"},{"@type":"Organization","@id":"https:\/\/unitatdaran.org\/ca\/#organization","name":"Unitat d'Aran","url":"https:\/\/unitatdaran.org\/ca\/","logo":{"@type":"ImageObject","inLanguage":"ca","@id":"https:\/\/unitatdaran.org\/ca\/#\/schema\/logo\/image\/","url":"https:\/\/i0.wp.com\/unitatdaran.org\/wp-content\/uploads\/2021\/11\/logo.png?fit=2000%2C539&ssl=1","contentUrl":"https:\/\/i0.wp.com\/unitatdaran.org\/wp-content\/uploads\/2021\/11\/logo.png?fit=2000%2C539&ssl=1","width":2000,"height":539,"caption":"Unitat d'Aran"},"image":{"@id":"https:\/\/unitatdaran.org\/ca\/#\/schema\/logo\/image\/"},"sameAs":["https:\/\/www.facebook.com\/UnitatAran","https:\/\/x.com\/unitatdaran","https:\/\/instagram.com\/unitataran"]},{"@type":"Person","@id":"https:\/\/unitatdaran.org\/ca\/#\/schema\/person\/2870f7a03282b9bf0e435870415e61bb","name":"Unitat d'Aran","image":{"@type":"ImageObject","inLanguage":"ca","@id":"https:\/\/secure.gravatar.com\/avatar\/bf8ef486d5842532d01c628a95d185dd5db38b0695bc63daa960f6506181b798?s=96&d=mm&r=g","url":"https:\/\/secure.gravatar.com\/avatar\/bf8ef486d5842532d01c628a95d185dd5db38b0695bc63daa960f6506181b798?s=96&d=mm&r=g","contentUrl":"https:\/\/secure.gravatar.com\/avatar\/bf8ef486d5842532d01c628a95d185dd5db38b0695bc63daa960f6506181b798?s=96&d=mm&r=g","caption":"Unitat d'Aran"},"sameAs":["https:\/\/new.unitatdaran.org\/"],"url":"https:\/\/unitatdaran.org\/ca\/author\/admin\/"}]}},"jetpack_featured_media_url":"https:\/\/i0.wp.com\/unitatdaran.org\/wp-content\/uploads\/2023\/10\/img-7135-1-scaled.jpg?fit=2560%2C1920&ssl=1","jetpack_sharing_enabled":true,"_links":{"self":[{"href":"https:\/\/unitatdaran.org\/ca\/wp-json\/wp\/v2\/posts\/12610","targetHints":{"allow":["GET"]}}],"collection":[{"href":"https:\/\/unitatdaran.org\/ca\/wp-json\/wp\/v2\/posts"}],"about":[{"href":"https:\/\/unitatdaran.org\/ca\/wp-json\/wp\/v2\/types\/post"}],"author":[{"embeddable":true,"href":"https:\/\/unitatdaran.org\/ca\/wp-json\/wp\/v2\/users\/1"}],"replies":[{"embeddable":true,"href":"https:\/\/unitatdaran.org\/ca\/wp-json\/wp\/v2\/comments?post=12610"}],"version-history":[{"count":0,"href":"https:\/\/unitatdaran.org\/ca\/wp-json\/wp\/v2\/posts\/12610\/revisions"}],"wp:featuredmedia":[{"embeddable":true,"href":"https:\/\/unitatdaran.org\/ca\/wp-json\/wp\/v2\/media\/12611"}],"wp:attachment":[{"href":"https:\/\/unitatdaran.org\/ca\/wp-json\/wp\/v2\/media?parent=12610"}],"wp:term":[{"taxonomy":"category","embeddable":true,"href":"https:\/\/unitatdaran.org\/ca\/wp-json\/wp\/v2\/categories?post=12610"},{"taxonomy":"post_tag","embeddable":true,"href":"https:\/\/unitatdaran.org\/ca\/wp-json\/wp\/v2\/tags?post=12610"}],"curies":[{"name":"wp","href":"https:\/\/api.w.org\/{rel}","templated":true}]}}