{"id":11627,"date":"2023-04-11T13:51:33","date_gmt":"2023-04-11T13:51:33","guid":{"rendered":"https:\/\/unitatdaran.org\/?p=11627"},"modified":"2023-04-12T11:06:43","modified_gmt":"2023-04-12T11:06:43","slug":"entrevista-a-amador-marques-es","status":"publish","type":"post","link":"https:\/\/unitatdaran.org\/ca\/eleccions-2019\/entrevista-a-amador-marques-es\/","title":{"rendered":"Entrevista a Amador Marqu\u00e9s"},"content":{"rendered":"\n<h2 class=\"wp-block-heading\">\u00bfQu\u00e9 te impulsa a volver a presentarte como candidato a la alcald\u00eda de Boss\u00f2st?<\/h2>\n\n\n\n<p>Me impulsa la ilusi\u00f3n de ver mejorar un pueblo a trav\u00e9s de nuevos proyectos ya comprometidos. En estos momentos, estoy m\u00e1s ilusionados que nunca porque me quiero a Boss\u00f2st y a su gente, cuento con el mejor equipo y la propuesta m\u00e1s ambiciosa para la prosperidad del municipio.<\/p>\n\n\n\n<h2 class=\"wp-block-heading\">\u00bfCu\u00e1l es la situaci\u00f3n actual del Ayuntamiento respecto a c\u00f3mo se encontraba e 2019?<\/h2>\n\n\n\n<p>El Ayuntamiento de Boss\u00f2st cuenta con buenos trabajadores y trabajadoras que desarrollan un gran servicio p\u00fablico en un entorno cada vez m\u00e1s complejo para la administraci\u00f3n peque\u00f1a y local, pero pienso que este es un Ayuntamiento solvente, aunque no sea rico, trabaja cada pr\u00e1cticamente en todos los aspectos que afectan a la vida de las personas, a veces sin tener ni financiaci\u00f3n ni competencias, pero con la mejora de las capacidades y ganas de resolver los problemas y aprovechar las oportunidades del entorno.<\/p>\n\n\n\n<h2 class=\"wp-block-heading\">\u00bfCuando llegaste en 2019 en la alcald\u00eda, te esperabas que la legislatura ser\u00eda as\u00ed?&nbsp;<\/h2>\n\n\n\n<p>Creo que nadie se pod\u00eda esperar que, solo en cuatro a\u00f1os, sufri\u00e9ramos una pandemia mundial, una nueva crisis econ\u00f3mica, una guerra en Europa, la inflaci\u00f3n y, en nuestro caso, el cerramiento de la frontera del Portilhon, que nos ha hecho mucho da\u00f1o. Por eso, tenemos que implicarnos con todas nuestras fuerzas para a ver de Boss\u00f2st un municipio m\u00e1s vivo y con futuro.<\/p>\n\n\n\n<h2 class=\"wp-block-heading\">\u00bfCu\u00e1les piensas que ha sido el peor y el mejor momento de la legislatura?<\/h2>\n\n\n\n<p>Los peores han sido la perdida de vecinos por la enfermedad del COVID-19 y el cierre del Portilhon, s\u00edmbolo tambi\u00e9n de todos los males de esta legislatura. Los mejores son la relaci\u00f3n diaria con los vecinos y, sin duda, llegar al acuerdo para adquirir el antiguo cine, que puede ser un equipamiento de primer orden para Boss\u00f2st y para el Valle de Aran.<\/p>\n\n\n\n<h2 class=\"wp-block-heading\">\u00bfCu\u00e1les consideras que son los principales retos que tendr\u00e1 que encarar Boss\u00f2st en los pr\u00f3ximos a\u00f1os?<\/h2>\n\n\n\n<p>Los retos de Boss\u00f2st est\u00e1n ligados con el cambio de paradigma comercial, donde, Boss\u00f2st puede destacar por su producto singular, y un modelo de turismo sostenible y cultural, que pone en valor nuestro patrimonio art\u00edstico, hist\u00f3rico y natural. Pero tambi\u00e9n hay que pensar en ofrecer vivienda digna y apostar por nuevos proyectos de desarrollo, innovadores y diferenciadores, que pronto daremos a conocer.<\/p>\n\n\n\n<h2 class=\"wp-block-heading\">\u00bfQu\u00e9 l\u00edneas estrat\u00e9gicas plantea Unitat d\u2019Aran en Boss\u00f2st para afrontar estos retos de futuro?<\/h2>\n\n\n\n<p>Una l\u00ednea que es la de terminar la reforma integral de la trama urbana para mejorar la el d\u00eda a d\u00eda de los vecinos, en lo respecta a los servicios urbanos b\u00e1sicos. Pero tambi\u00e9n tenemos que abrir una l\u00ednea de renovaci\u00f3n de equipamientos p\u00fablicos, empezando por la rehabilitaci\u00f3n del antiguo cine como centro cultural, social y econ\u00f3mico. Y una tercera l\u00ednea que es la de cohesionar m\u00e1s al municipio, haci\u00e9ndolo m\u00e1s inclusivo e implicar a la gente en los asuntos comunes para los nuevos retos de futuro.<\/p>\n\n\n\n<h2 class=\"wp-block-heading\">\u00bfQu\u00e9 puede aportar la candidatura de Unitat d\u2019Aran al municipio respecto a otros grupos pol\u00edticos?<\/h2>\n\n\n\n<p>La candidatura de Unitat d\u2019Aran se caracteriza, en primer lugar, por si implicaci\u00f3n e ilusi\u00f3n por sacar a delante el municipio, con la gente que conocer de primera mano la realidad local. Tambi\u00e9n nos define la solvencia, la experiencia y la capacidad de gesti\u00f3n y de establecer complicidades, con los vecinos y con otras administraciones y agentes econ\u00f3micos. Y en \u00faltimo lugar, creo que tenemos la idea m\u00e1s clara de lo que tiene que ser Boss\u00f2st de ahora en adelante.<\/p>\n\n\n\n<h2 class=\"wp-block-heading\">\u00bfRespecto a tu equipo, habr\u00e1 cambios o contar\u00e1s con las mismas personas?<\/h2>\n\n\n\n<p>Este es un equipo consolidado y renovado, con personas que muestran cada d\u00eda su servicio y su estima por Boss\u00f2st y nuevas personas comprometidas que nos dan una nueva mirada y las ganas necesarias de trabajar para el municipio.<\/p>\n\n\n\n<h2 class=\"wp-block-heading\">Un deseo<\/h2>\n\n\n\n<p>Hacer de Boss\u00f2st un municipio de referencia en cohesi\u00f3n y prosperidad.<\/p>\n","protected":false},"excerpt":{"rendered":"<p>\u00bfQu\u00e9 te impulsa a volver a presentarte como candidato a la alcald\u00eda de Boss\u00f2st? Me impulsa la ilusi\u00f3n de ver mejorar un pueblo a trav\u00e9s de nuevos proyectos ya comprometidos. En estos momentos, estoy m\u00e1s ilusionados que nunca porque me quiero a Boss\u00f2st y a su gente, cuento con el mejor equipo y la propuesta [&hellip;]<\/p>\n","protected":false},"author":1,"featured_media":0,"comment_status":"open","ping_status":"open","sticky":false,"template":"","format":"standard","meta":{"_acf_changed":false,"_jetpack_memberships_contains_paid_content":false,"footnotes":""},"categories":[4],"tags":[],"class_list":["post-11627","post","type-post","status-publish","format-standard","hentry","category-eleccions-2019"],"acf":[],"yoast_head":"<!-- This site is optimized with the Yoast SEO plugin v27.5 - https:\/\/yoast.com\/product\/yoast-seo-wordpress\/ -->\n<title>Entrevista a Amador Marqu\u00e9s - Unitat d&#039;Aran<\/title>\n<meta name=\"robots\" content=\"index, follow, max-snippet:-1, max-image-preview:large, max-video-preview:-1\" \/>\n<link rel=\"canonical\" href=\"https:\/\/unitatdaran.org\/ca\/eleccions-2019\/entrevista-a-amador-marques-es\/\" \/>\n<meta property=\"og:locale\" content=\"ca_ES\" \/>\n<meta property=\"og:type\" content=\"article\" \/>\n<meta property=\"og:title\" content=\"Entrevista a Amador Marqu\u00e9s - Unitat d&#039;Aran\" \/>\n<meta property=\"og:description\" content=\"\u00bfQu\u00e9 te impulsa a volver a presentarte como candidato a la alcald\u00eda de Boss\u00f2st? Me impulsa la ilusi\u00f3n de ver mejorar un pueblo a trav\u00e9s de nuevos proyectos ya comprometidos. En estos momentos, estoy m\u00e1s ilusionados que nunca porque me quiero a Boss\u00f2st y a su gente, cuento con el mejor equipo y la propuesta [&hellip;]\" \/>\n<meta property=\"og:url\" content=\"https:\/\/unitatdaran.org\/ca\/eleccions-2019\/entrevista-a-amador-marques-es\/\" \/>\n<meta property=\"og:site_name\" content=\"Unitat d&#039;Aran\" \/>\n<meta property=\"article:publisher\" content=\"https:\/\/www.facebook.com\/UnitatAran\" \/>\n<meta property=\"article:published_time\" content=\"2023-04-11T13:51:33+00:00\" \/>\n<meta property=\"article:modified_time\" content=\"2023-04-12T11:06:43+00:00\" \/>\n<meta name=\"author\" content=\"Unitat d&#039;Aran\" \/>\n<meta name=\"twitter:card\" content=\"summary_large_image\" \/>\n<meta name=\"twitter:creator\" content=\"@unitatdaran\" \/>\n<meta name=\"twitter:site\" content=\"@unitatdaran\" \/>\n<meta name=\"twitter:label1\" content=\"Escrit per\" \/>\n\t<meta name=\"twitter:data1\" content=\"Unitat d&#039;Aran\" \/>\n\t<meta name=\"twitter:label2\" content=\"Temps estimat de lectura\" \/>\n\t<meta name=\"twitter:data2\" content=\"4 minuts\" \/>\n<script type=\"application\/ld+json\" class=\"yoast-schema-graph\">{\"@context\":\"https:\\\/\\\/schema.org\",\"@graph\":[{\"@type\":\"Article\",\"@id\":\"https:\\\/\\\/unitatdaran.org\\\/ca\\\/eleccions-2019\\\/entrevista-a-amador-marques-es\\\/#article\",\"isPartOf\":{\"@id\":\"https:\\\/\\\/unitatdaran.org\\\/ca\\\/eleccions-2019\\\/entrevista-a-amador-marques-es\\\/\"},\"author\":{\"name\":\"Unitat d'Aran\",\"@id\":\"https:\\\/\\\/unitatdaran.org\\\/ca\\\/#\\\/schema\\\/person\\\/2870f7a03282b9bf0e435870415e61bb\"},\"headline\":\"Entrevista a Amador Marqu\u00e9s\",\"datePublished\":\"2023-04-11T13:51:33+00:00\",\"dateModified\":\"2023-04-12T11:06:43+00:00\",\"mainEntityOfPage\":{\"@id\":\"https:\\\/\\\/unitatdaran.org\\\/ca\\\/eleccions-2019\\\/entrevista-a-amador-marques-es\\\/\"},\"wordCount\":730,\"commentCount\":0,\"publisher\":{\"@id\":\"https:\\\/\\\/unitatdaran.org\\\/ca\\\/#organization\"},\"articleSection\":[\"Eleccions Municipaus e Conselh Generau 2019\"],\"inLanguage\":\"ca\",\"potentialAction\":[{\"@type\":\"CommentAction\",\"name\":\"Comment\",\"target\":[\"https:\\\/\\\/unitatdaran.org\\\/ca\\\/eleccions-2019\\\/entrevista-a-amador-marques-es\\\/#respond\"]}]},{\"@type\":\"WebPage\",\"@id\":\"https:\\\/\\\/unitatdaran.org\\\/ca\\\/eleccions-2019\\\/entrevista-a-amador-marques-es\\\/\",\"url\":\"https:\\\/\\\/unitatdaran.org\\\/ca\\\/eleccions-2019\\\/entrevista-a-amador-marques-es\\\/\",\"name\":\"Entrevista a Amador Marqu\u00e9s - Unitat d'Aran\",\"isPartOf\":{\"@id\":\"https:\\\/\\\/unitatdaran.org\\\/ca\\\/#website\"},\"datePublished\":\"2023-04-11T13:51:33+00:00\",\"dateModified\":\"2023-04-12T11:06:43+00:00\",\"breadcrumb\":{\"@id\":\"https:\\\/\\\/unitatdaran.org\\\/ca\\\/eleccions-2019\\\/entrevista-a-amador-marques-es\\\/#breadcrumb\"},\"inLanguage\":\"ca\",\"potentialAction\":[{\"@type\":\"ReadAction\",\"target\":[\"https:\\\/\\\/unitatdaran.org\\\/ca\\\/eleccions-2019\\\/entrevista-a-amador-marques-es\\\/\"]}]},{\"@type\":\"BreadcrumbList\",\"@id\":\"https:\\\/\\\/unitatdaran.org\\\/ca\\\/eleccions-2019\\\/entrevista-a-amador-marques-es\\\/#breadcrumb\",\"itemListElement\":[{\"@type\":\"ListItem\",\"position\":1,\"name\":\"Eleccions Municipals i Conselh Generau 2019\",\"item\":\"https:\\\/\\\/unitatdaran.org\\\/ca\\\/category\\\/eleccions-2019-ca\\\/\"},{\"@type\":\"ListItem\",\"position\":2,\"name\":\"Entrevista a Amador Marqu\u00e9s\"}]},{\"@type\":\"WebSite\",\"@id\":\"https:\\\/\\\/unitatdaran.org\\\/ca\\\/#website\",\"url\":\"https:\\\/\\\/unitatdaran.org\\\/ca\\\/\",\"name\":\"Unitat d'Aran\",\"description\":\" El nostre projecte \u00e9s Aran. Aran ets tu\",\"publisher\":{\"@id\":\"https:\\\/\\\/unitatdaran.org\\\/ca\\\/#organization\"},\"potentialAction\":[{\"@type\":\"SearchAction\",\"target\":{\"@type\":\"EntryPoint\",\"urlTemplate\":\"https:\\\/\\\/unitatdaran.org\\\/ca\\\/?s={search_term_string}\"},\"query-input\":{\"@type\":\"PropertyValueSpecification\",\"valueRequired\":true,\"valueName\":\"search_term_string\"}}],\"inLanguage\":\"ca\"},{\"@type\":\"Organization\",\"@id\":\"https:\\\/\\\/unitatdaran.org\\\/ca\\\/#organization\",\"name\":\"Unitat d'Aran\",\"url\":\"https:\\\/\\\/unitatdaran.org\\\/ca\\\/\",\"logo\":{\"@type\":\"ImageObject\",\"inLanguage\":\"ca\",\"@id\":\"https:\\\/\\\/unitatdaran.org\\\/ca\\\/#\\\/schema\\\/logo\\\/image\\\/\",\"url\":\"https:\\\/\\\/i0.wp.com\\\/unitatdaran.org\\\/wp-content\\\/uploads\\\/2021\\\/11\\\/logo.png?fit=2000%2C539&ssl=1\",\"contentUrl\":\"https:\\\/\\\/i0.wp.com\\\/unitatdaran.org\\\/wp-content\\\/uploads\\\/2021\\\/11\\\/logo.png?fit=2000%2C539&ssl=1\",\"width\":2000,\"height\":539,\"caption\":\"Unitat d'Aran\"},\"image\":{\"@id\":\"https:\\\/\\\/unitatdaran.org\\\/ca\\\/#\\\/schema\\\/logo\\\/image\\\/\"},\"sameAs\":[\"https:\\\/\\\/www.facebook.com\\\/UnitatAran\",\"https:\\\/\\\/x.com\\\/unitatdaran\",\"https:\\\/\\\/instagram.com\\\/unitataran\"]},{\"@type\":\"Person\",\"@id\":\"https:\\\/\\\/unitatdaran.org\\\/ca\\\/#\\\/schema\\\/person\\\/2870f7a03282b9bf0e435870415e61bb\",\"name\":\"Unitat d'Aran\",\"image\":{\"@type\":\"ImageObject\",\"inLanguage\":\"ca\",\"@id\":\"https:\\\/\\\/secure.gravatar.com\\\/avatar\\\/bf8ef486d5842532d01c628a95d185dd5db38b0695bc63daa960f6506181b798?s=96&d=mm&r=g\",\"url\":\"https:\\\/\\\/secure.gravatar.com\\\/avatar\\\/bf8ef486d5842532d01c628a95d185dd5db38b0695bc63daa960f6506181b798?s=96&d=mm&r=g\",\"contentUrl\":\"https:\\\/\\\/secure.gravatar.com\\\/avatar\\\/bf8ef486d5842532d01c628a95d185dd5db38b0695bc63daa960f6506181b798?s=96&d=mm&r=g\",\"caption\":\"Unitat d'Aran\"},\"sameAs\":[\"https:\\\/\\\/new.unitatdaran.org\\\/\"],\"url\":\"https:\\\/\\\/unitatdaran.org\\\/ca\\\/author\\\/admin\\\/\"}]}<\/script>\n<!-- \/ Yoast SEO plugin. -->","yoast_head_json":{"title":"Entrevista a Amador Marqu\u00e9s - Unitat d'Aran","robots":{"index":"index","follow":"follow","max-snippet":"max-snippet:-1","max-image-preview":"max-image-preview:large","max-video-preview":"max-video-preview:-1"},"canonical":"https:\/\/unitatdaran.org\/ca\/eleccions-2019\/entrevista-a-amador-marques-es\/","og_locale":"ca_ES","og_type":"article","og_title":"Entrevista a Amador Marqu\u00e9s - Unitat d'Aran","og_description":"\u00bfQu\u00e9 te impulsa a volver a presentarte como candidato a la alcald\u00eda de Boss\u00f2st? Me impulsa la ilusi\u00f3n de ver mejorar un pueblo a trav\u00e9s de nuevos proyectos ya comprometidos. En estos momentos, estoy m\u00e1s ilusionados que nunca porque me quiero a Boss\u00f2st y a su gente, cuento con el mejor equipo y la propuesta [&hellip;]","og_url":"https:\/\/unitatdaran.org\/ca\/eleccions-2019\/entrevista-a-amador-marques-es\/","og_site_name":"Unitat d'Aran","article_publisher":"https:\/\/www.facebook.com\/UnitatAran","article_published_time":"2023-04-11T13:51:33+00:00","article_modified_time":"2023-04-12T11:06:43+00:00","author":"Unitat d'Aran","twitter_card":"summary_large_image","twitter_creator":"@unitatdaran","twitter_site":"@unitatdaran","twitter_misc":{"Escrit per":"Unitat d'Aran","Temps estimat de lectura":"4 minuts"},"schema":{"@context":"https:\/\/schema.org","@graph":[{"@type":"Article","@id":"https:\/\/unitatdaran.org\/ca\/eleccions-2019\/entrevista-a-amador-marques-es\/#article","isPartOf":{"@id":"https:\/\/unitatdaran.org\/ca\/eleccions-2019\/entrevista-a-amador-marques-es\/"},"author":{"name":"Unitat d'Aran","@id":"https:\/\/unitatdaran.org\/ca\/#\/schema\/person\/2870f7a03282b9bf0e435870415e61bb"},"headline":"Entrevista a Amador Marqu\u00e9s","datePublished":"2023-04-11T13:51:33+00:00","dateModified":"2023-04-12T11:06:43+00:00","mainEntityOfPage":{"@id":"https:\/\/unitatdaran.org\/ca\/eleccions-2019\/entrevista-a-amador-marques-es\/"},"wordCount":730,"commentCount":0,"publisher":{"@id":"https:\/\/unitatdaran.org\/ca\/#organization"},"articleSection":["Eleccions Municipaus e Conselh Generau 2019"],"inLanguage":"ca","potentialAction":[{"@type":"CommentAction","name":"Comment","target":["https:\/\/unitatdaran.org\/ca\/eleccions-2019\/entrevista-a-amador-marques-es\/#respond"]}]},{"@type":"WebPage","@id":"https:\/\/unitatdaran.org\/ca\/eleccions-2019\/entrevista-a-amador-marques-es\/","url":"https:\/\/unitatdaran.org\/ca\/eleccions-2019\/entrevista-a-amador-marques-es\/","name":"Entrevista a Amador Marqu\u00e9s - Unitat d'Aran","isPartOf":{"@id":"https:\/\/unitatdaran.org\/ca\/#website"},"datePublished":"2023-04-11T13:51:33+00:00","dateModified":"2023-04-12T11:06:43+00:00","breadcrumb":{"@id":"https:\/\/unitatdaran.org\/ca\/eleccions-2019\/entrevista-a-amador-marques-es\/#breadcrumb"},"inLanguage":"ca","potentialAction":[{"@type":"ReadAction","target":["https:\/\/unitatdaran.org\/ca\/eleccions-2019\/entrevista-a-amador-marques-es\/"]}]},{"@type":"BreadcrumbList","@id":"https:\/\/unitatdaran.org\/ca\/eleccions-2019\/entrevista-a-amador-marques-es\/#breadcrumb","itemListElement":[{"@type":"ListItem","position":1,"name":"Eleccions Municipals i Conselh Generau 2019","item":"https:\/\/unitatdaran.org\/ca\/category\/eleccions-2019-ca\/"},{"@type":"ListItem","position":2,"name":"Entrevista a Amador Marqu\u00e9s"}]},{"@type":"WebSite","@id":"https:\/\/unitatdaran.org\/ca\/#website","url":"https:\/\/unitatdaran.org\/ca\/","name":"Unitat d'Aran","description":" El nostre projecte \u00e9s Aran. Aran ets tu","publisher":{"@id":"https:\/\/unitatdaran.org\/ca\/#organization"},"potentialAction":[{"@type":"SearchAction","target":{"@type":"EntryPoint","urlTemplate":"https:\/\/unitatdaran.org\/ca\/?s={search_term_string}"},"query-input":{"@type":"PropertyValueSpecification","valueRequired":true,"valueName":"search_term_string"}}],"inLanguage":"ca"},{"@type":"Organization","@id":"https:\/\/unitatdaran.org\/ca\/#organization","name":"Unitat d'Aran","url":"https:\/\/unitatdaran.org\/ca\/","logo":{"@type":"ImageObject","inLanguage":"ca","@id":"https:\/\/unitatdaran.org\/ca\/#\/schema\/logo\/image\/","url":"https:\/\/i0.wp.com\/unitatdaran.org\/wp-content\/uploads\/2021\/11\/logo.png?fit=2000%2C539&ssl=1","contentUrl":"https:\/\/i0.wp.com\/unitatdaran.org\/wp-content\/uploads\/2021\/11\/logo.png?fit=2000%2C539&ssl=1","width":2000,"height":539,"caption":"Unitat d'Aran"},"image":{"@id":"https:\/\/unitatdaran.org\/ca\/#\/schema\/logo\/image\/"},"sameAs":["https:\/\/www.facebook.com\/UnitatAran","https:\/\/x.com\/unitatdaran","https:\/\/instagram.com\/unitataran"]},{"@type":"Person","@id":"https:\/\/unitatdaran.org\/ca\/#\/schema\/person\/2870f7a03282b9bf0e435870415e61bb","name":"Unitat d'Aran","image":{"@type":"ImageObject","inLanguage":"ca","@id":"https:\/\/secure.gravatar.com\/avatar\/bf8ef486d5842532d01c628a95d185dd5db38b0695bc63daa960f6506181b798?s=96&d=mm&r=g","url":"https:\/\/secure.gravatar.com\/avatar\/bf8ef486d5842532d01c628a95d185dd5db38b0695bc63daa960f6506181b798?s=96&d=mm&r=g","contentUrl":"https:\/\/secure.gravatar.com\/avatar\/bf8ef486d5842532d01c628a95d185dd5db38b0695bc63daa960f6506181b798?s=96&d=mm&r=g","caption":"Unitat d'Aran"},"sameAs":["https:\/\/new.unitatdaran.org\/"],"url":"https:\/\/unitatdaran.org\/ca\/author\/admin\/"}]}},"jetpack_featured_media_url":"","jetpack_sharing_enabled":true,"_links":{"self":[{"href":"https:\/\/unitatdaran.org\/ca\/wp-json\/wp\/v2\/posts\/11627","targetHints":{"allow":["GET"]}}],"collection":[{"href":"https:\/\/unitatdaran.org\/ca\/wp-json\/wp\/v2\/posts"}],"about":[{"href":"https:\/\/unitatdaran.org\/ca\/wp-json\/wp\/v2\/types\/post"}],"author":[{"embeddable":true,"href":"https:\/\/unitatdaran.org\/ca\/wp-json\/wp\/v2\/users\/1"}],"replies":[{"embeddable":true,"href":"https:\/\/unitatdaran.org\/ca\/wp-json\/wp\/v2\/comments?post=11627"}],"version-history":[{"count":4,"href":"https:\/\/unitatdaran.org\/ca\/wp-json\/wp\/v2\/posts\/11627\/revisions"}],"predecessor-version":[{"id":11698,"href":"https:\/\/unitatdaran.org\/ca\/wp-json\/wp\/v2\/posts\/11627\/revisions\/11698"}],"wp:attachment":[{"href":"https:\/\/unitatdaran.org\/ca\/wp-json\/wp\/v2\/media?parent=11627"}],"wp:term":[{"taxonomy":"category","embeddable":true,"href":"https:\/\/unitatdaran.org\/ca\/wp-json\/wp\/v2\/categories?post=11627"},{"taxonomy":"post_tag","embeddable":true,"href":"https:\/\/unitatdaran.org\/ca\/wp-json\/wp\/v2\/tags?post=11627"}],"curies":[{"name":"wp","href":"https:\/\/api.w.org\/{rel}","templated":true}]}}