{"id":11626,"date":"2023-04-11T13:51:12","date_gmt":"2023-04-11T13:51:12","guid":{"rendered":"https:\/\/unitatdaran.org\/?p=11626"},"modified":"2023-04-12T11:07:06","modified_gmt":"2023-04-12T11:07:06","slug":"entrevista-a-amador-marques-cat","status":"publish","type":"post","link":"https:\/\/unitatdaran.org\/ca\/eleccions-2019\/entrevista-a-amador-marques-cat\/","title":{"rendered":"Entrevista a Amador Marqu\u00e9s"},"content":{"rendered":"\n<h2 class=\"wp-block-heading\">Qu\u00e8 t&#8217;impulsa a tornar a presentar-te com a candidat a l&#8217;alcaldia de Boss\u00f2st?<\/h2>\n\n\n\n<p>M&#8217;impulsa la il\u00b7lusi\u00f3 de veure millorar un poble a trav\u00e9s de nous projectes ja compromesos. En aquests moments, estic m\u00e9s il\u00b7lusionats que mai perqu\u00e8 em vull a Boss\u00f2st i a la seva gent, compto amb el millor equip i la proposta m\u00e9s ambiciosa per a la prosperitat del municipi.<\/p>\n\n\n\n<h2 class=\"wp-block-heading\">Quina \u00e9s la situaci\u00f3 actual de l&#8217;Ajuntament respecte a com es trobava el 2019?<\/h2>\n\n\n\n<p>L&#8217;Ajuntament de Boss\u00f2st compta amb bons treballadors i treballadores que desenvolupen un gran servei p\u00fablic en un entorn cada vegada m\u00e9s complex per a l&#8217;administraci\u00f3 petita i local, per\u00f2 penso que aquest \u00e9s un Ajuntament solvent, encara que no sigui ric, treballa cada pr\u00e0cticament en tots els aspectes que afecten la vida de les persones, a vegades sense tenir ni finan\u00e7ament ni compet\u00e8ncies, per\u00f2 amb la millora de les capacitats i ganes de resoldre els problemes i aprofitar les oportunitats de l&#8217;entorn.<\/p>\n\n\n\n<h2 class=\"wp-block-heading\">Quan vas arribar en 2019 en l&#8217;alcaldia, t&#8217;esperaves que la legislatura seria aix\u00ed?&nbsp;<\/h2>\n\n\n\n<p>Crec que ning\u00fa es podia esperar que, nom\u00e9s en quatre anys, sofr\u00edssim una pand\u00e8mia mundial, una nova crisi econ\u00f2mica, una guerra a Europa, la inflaci\u00f3 i, en el nostre cas, el tancament de la frontera del Portilhon, que ens ha fet molt de mal. Per aix\u00f2, hem d&#8217;implicar-nos amb totes les nostres forces per a a veure de Boss\u00f2st un municipi m\u00e9s viu i amb futur.<\/p>\n\n\n\n<h2 class=\"wp-block-heading\">Quins penses que ha estat el pitjor i el millor moment de la legislatura?<\/h2>\n\n\n\n<p>Els pitjors han estat la perduda de ve\u00efns per la malaltia del COVID-19 i el tancament del Portilhon, s\u00edmbol tamb\u00e9 de tots els mals d&#8217;aquesta legislatura. Els millors s\u00f3n la relaci\u00f3 di\u00e0ria amb els ve\u00efns i, sens dubte, arribar a l&#8217;acord per a adquirir l&#8217;antic cinema, que pot ser un equipament de primer ordre per a Boss\u00f2st i per a la Vall d&#8217;Aran.<\/p>\n\n\n\n<h2 class=\"wp-block-heading\">Quins consideres que s\u00f3n els principals reptes que haur\u00e0 d&#8217;encarar Boss\u00f2st en els pr\u00f2xims anys?<\/h2>\n\n\n\n<p>Els reptes de Boss\u00f2st estan lligats amb el canvi de paradigma comercial, on, Boss\u00f2st pot destacar pel seu producte singular, i un model de turisme sostenible i cultural, que posa en valor el nostre patrimoni art\u00edstic, hist\u00f2ric i natural. Per\u00f2 tamb\u00e9 cal pensar a oferir habitatge digne i apostar per nous projectes de desenvolupament, innovadors i diferenciadors, que aviat donarem a con\u00e8ixer.<\/p>\n\n\n\n<h2 class=\"wp-block-heading\">Quines l\u00ednies estrat\u00e8giques planteja Unitat d\u2019Aran a Boss\u00f2st per a afrontar aquests reptes de futur?<\/h2>\n\n\n\n<p>Una l\u00ednia que \u00e9s la d&#8217;acabar la reforma integral de la trama urbana per a millorar l&#8217;el dia a dia dels ve\u00efns, en respecte als serveis urbans b\u00e0sics. Per\u00f2 tamb\u00e9 hem d&#8217;obrir una l\u00ednia de renovaci\u00f3 d&#8217;equipaments p\u00fablics, comen\u00e7ant per la rehabilitaci\u00f3 de l&#8217;antic cinema com a centre cultural, social i econ\u00f2mic. I una tercera l\u00ednia que \u00e9s la de cohesionar m\u00e9s al municipi, fent-lo m\u00e9s inclusiu i implicar la gent en els assumptes comuns per als nous reptes de futur.<\/p>\n\n\n\n<h2 class=\"wp-block-heading\">Qu\u00e8 pot aportar la candidatura d&#8217;Unitat d\u2019Aran al municipi respecte a altres grups pol\u00edtics?<\/h2>\n\n\n\n<p>La candidatura de Unitat d\u2019Aran es caracteritza, en primer lloc, per si implicaci\u00f3 i il\u00b7lusi\u00f3 per treure a davant el municipi, amb la gent que con\u00e8ixer de primera m\u00e0 la realitat local. Tamb\u00e9 ens defineix la solv\u00e8ncia, l&#8217;experi\u00e8ncia i la capacitat de gesti\u00f3 i d&#8217;establir complicitats, amb els ve\u00efns i amb altres administracions i agents econ\u00f2mics. I en \u00faltim lloc, crec que tenim la idea m\u00e9s clara del que ha de ser Boss\u00f2st d&#8217;ara endavant.<\/p>\n\n\n\n<h2 class=\"wp-block-heading\">\u00bfRespecte al teu equip, hi haur\u00e0 canvis o comptar\u00e0s amb les mateixes persones?<\/h2>\n\n\n\n<p>Aquest \u00e9s un equip consolidat i renovat, amb persones que mostren cada dia el seu servei i la seva estima per Boss\u00f2st i noves persones compromeses que ens donen una nova mirada i les ganes necess\u00e0ries de treballar per al municipi.<\/p>\n\n\n\n<h2 class=\"wp-block-heading\">Un desig<\/h2>\n\n\n\n<p>Fer de Boss\u00f2st un municipi de refer\u00e8ncia en cohesi\u00f3 i prosperitat.<\/p>\n","protected":false},"excerpt":{"rendered":"<p>Qu\u00e8 t&#8217;impulsa a tornar a presentar-te com a candidat a l&#8217;alcaldia de Boss\u00f2st? M&#8217;impulsa la il\u00b7lusi\u00f3 de veure millorar un poble a trav\u00e9s de nous projectes ja compromesos. En aquests moments, estic m\u00e9s il\u00b7lusionats que mai perqu\u00e8 em vull a Boss\u00f2st i a la seva gent, compto amb el millor equip i la proposta m\u00e9s [&hellip;]<\/p>\n","protected":false},"author":1,"featured_media":0,"comment_status":"open","ping_status":"open","sticky":false,"template":"","format":"standard","meta":{"_acf_changed":false,"_jetpack_memberships_contains_paid_content":false,"footnotes":""},"categories":[4],"tags":[],"class_list":["post-11626","post","type-post","status-publish","format-standard","hentry","category-eleccions-2019"],"acf":[],"yoast_head":"<!-- This site is optimized with the Yoast SEO plugin v27.5 - https:\/\/yoast.com\/product\/yoast-seo-wordpress\/ -->\n<title>Entrevista a Amador Marqu\u00e9s - Unitat d&#039;Aran<\/title>\n<meta name=\"robots\" content=\"index, follow, max-snippet:-1, max-image-preview:large, max-video-preview:-1\" \/>\n<link rel=\"canonical\" href=\"https:\/\/unitatdaran.org\/ca\/eleccions-2019\/entrevista-a-amador-marques-cat\/\" \/>\n<meta property=\"og:locale\" content=\"ca_ES\" \/>\n<meta property=\"og:type\" content=\"article\" \/>\n<meta property=\"og:title\" content=\"Entrevista a Amador Marqu\u00e9s - Unitat d&#039;Aran\" \/>\n<meta property=\"og:description\" content=\"Qu\u00e8 t&#8217;impulsa a tornar a presentar-te com a candidat a l&#8217;alcaldia de Boss\u00f2st? M&#8217;impulsa la il\u00b7lusi\u00f3 de veure millorar un poble a trav\u00e9s de nous projectes ja compromesos. En aquests moments, estic m\u00e9s il\u00b7lusionats que mai perqu\u00e8 em vull a Boss\u00f2st i a la seva gent, compto amb el millor equip i la proposta m\u00e9s [&hellip;]\" \/>\n<meta property=\"og:url\" content=\"https:\/\/unitatdaran.org\/ca\/eleccions-2019\/entrevista-a-amador-marques-cat\/\" \/>\n<meta property=\"og:site_name\" content=\"Unitat d&#039;Aran\" \/>\n<meta property=\"article:publisher\" content=\"https:\/\/www.facebook.com\/UnitatAran\" \/>\n<meta property=\"article:published_time\" content=\"2023-04-11T13:51:12+00:00\" \/>\n<meta property=\"article:modified_time\" content=\"2023-04-12T11:07:06+00:00\" \/>\n<meta name=\"author\" content=\"Unitat d&#039;Aran\" \/>\n<meta name=\"twitter:card\" content=\"summary_large_image\" \/>\n<meta name=\"twitter:creator\" content=\"@unitatdaran\" \/>\n<meta name=\"twitter:site\" content=\"@unitatdaran\" \/>\n<meta name=\"twitter:label1\" content=\"Escrit per\" \/>\n\t<meta name=\"twitter:data1\" content=\"Unitat d&#039;Aran\" \/>\n\t<meta name=\"twitter:label2\" content=\"Temps estimat de lectura\" \/>\n\t<meta name=\"twitter:data2\" content=\"4 minuts\" \/>\n<script type=\"application\/ld+json\" class=\"yoast-schema-graph\">{\"@context\":\"https:\\\/\\\/schema.org\",\"@graph\":[{\"@type\":\"Article\",\"@id\":\"https:\\\/\\\/unitatdaran.org\\\/ca\\\/eleccions-2019\\\/entrevista-a-amador-marques-cat\\\/#article\",\"isPartOf\":{\"@id\":\"https:\\\/\\\/unitatdaran.org\\\/ca\\\/eleccions-2019\\\/entrevista-a-amador-marques-cat\\\/\"},\"author\":{\"name\":\"Unitat d'Aran\",\"@id\":\"https:\\\/\\\/unitatdaran.org\\\/ca\\\/#\\\/schema\\\/person\\\/2870f7a03282b9bf0e435870415e61bb\"},\"headline\":\"Entrevista a Amador Marqu\u00e9s\",\"datePublished\":\"2023-04-11T13:51:12+00:00\",\"dateModified\":\"2023-04-12T11:07:06+00:00\",\"mainEntityOfPage\":{\"@id\":\"https:\\\/\\\/unitatdaran.org\\\/ca\\\/eleccions-2019\\\/entrevista-a-amador-marques-cat\\\/\"},\"wordCount\":734,\"commentCount\":0,\"publisher\":{\"@id\":\"https:\\\/\\\/unitatdaran.org\\\/ca\\\/#organization\"},\"articleSection\":[\"Eleccions Municipaus e Conselh Generau 2019\"],\"inLanguage\":\"ca\",\"potentialAction\":[{\"@type\":\"CommentAction\",\"name\":\"Comment\",\"target\":[\"https:\\\/\\\/unitatdaran.org\\\/ca\\\/eleccions-2019\\\/entrevista-a-amador-marques-cat\\\/#respond\"]}]},{\"@type\":\"WebPage\",\"@id\":\"https:\\\/\\\/unitatdaran.org\\\/ca\\\/eleccions-2019\\\/entrevista-a-amador-marques-cat\\\/\",\"url\":\"https:\\\/\\\/unitatdaran.org\\\/ca\\\/eleccions-2019\\\/entrevista-a-amador-marques-cat\\\/\",\"name\":\"Entrevista a Amador Marqu\u00e9s - Unitat d'Aran\",\"isPartOf\":{\"@id\":\"https:\\\/\\\/unitatdaran.org\\\/ca\\\/#website\"},\"datePublished\":\"2023-04-11T13:51:12+00:00\",\"dateModified\":\"2023-04-12T11:07:06+00:00\",\"breadcrumb\":{\"@id\":\"https:\\\/\\\/unitatdaran.org\\\/ca\\\/eleccions-2019\\\/entrevista-a-amador-marques-cat\\\/#breadcrumb\"},\"inLanguage\":\"ca\",\"potentialAction\":[{\"@type\":\"ReadAction\",\"target\":[\"https:\\\/\\\/unitatdaran.org\\\/ca\\\/eleccions-2019\\\/entrevista-a-amador-marques-cat\\\/\"]}]},{\"@type\":\"BreadcrumbList\",\"@id\":\"https:\\\/\\\/unitatdaran.org\\\/ca\\\/eleccions-2019\\\/entrevista-a-amador-marques-cat\\\/#breadcrumb\",\"itemListElement\":[{\"@type\":\"ListItem\",\"position\":1,\"name\":\"Eleccions Municipals i Conselh Generau 2019\",\"item\":\"https:\\\/\\\/unitatdaran.org\\\/ca\\\/category\\\/eleccions-2019-ca\\\/\"},{\"@type\":\"ListItem\",\"position\":2,\"name\":\"Entrevista a Amador Marqu\u00e9s\"}]},{\"@type\":\"WebSite\",\"@id\":\"https:\\\/\\\/unitatdaran.org\\\/ca\\\/#website\",\"url\":\"https:\\\/\\\/unitatdaran.org\\\/ca\\\/\",\"name\":\"Unitat d'Aran\",\"description\":\" El nostre projecte \u00e9s Aran. Aran ets tu\",\"publisher\":{\"@id\":\"https:\\\/\\\/unitatdaran.org\\\/ca\\\/#organization\"},\"potentialAction\":[{\"@type\":\"SearchAction\",\"target\":{\"@type\":\"EntryPoint\",\"urlTemplate\":\"https:\\\/\\\/unitatdaran.org\\\/ca\\\/?s={search_term_string}\"},\"query-input\":{\"@type\":\"PropertyValueSpecification\",\"valueRequired\":true,\"valueName\":\"search_term_string\"}}],\"inLanguage\":\"ca\"},{\"@type\":\"Organization\",\"@id\":\"https:\\\/\\\/unitatdaran.org\\\/ca\\\/#organization\",\"name\":\"Unitat d'Aran\",\"url\":\"https:\\\/\\\/unitatdaran.org\\\/ca\\\/\",\"logo\":{\"@type\":\"ImageObject\",\"inLanguage\":\"ca\",\"@id\":\"https:\\\/\\\/unitatdaran.org\\\/ca\\\/#\\\/schema\\\/logo\\\/image\\\/\",\"url\":\"https:\\\/\\\/i0.wp.com\\\/unitatdaran.org\\\/wp-content\\\/uploads\\\/2021\\\/11\\\/logo.png?fit=2000%2C539&ssl=1\",\"contentUrl\":\"https:\\\/\\\/i0.wp.com\\\/unitatdaran.org\\\/wp-content\\\/uploads\\\/2021\\\/11\\\/logo.png?fit=2000%2C539&ssl=1\",\"width\":2000,\"height\":539,\"caption\":\"Unitat d'Aran\"},\"image\":{\"@id\":\"https:\\\/\\\/unitatdaran.org\\\/ca\\\/#\\\/schema\\\/logo\\\/image\\\/\"},\"sameAs\":[\"https:\\\/\\\/www.facebook.com\\\/UnitatAran\",\"https:\\\/\\\/x.com\\\/unitatdaran\",\"https:\\\/\\\/instagram.com\\\/unitataran\"]},{\"@type\":\"Person\",\"@id\":\"https:\\\/\\\/unitatdaran.org\\\/ca\\\/#\\\/schema\\\/person\\\/2870f7a03282b9bf0e435870415e61bb\",\"name\":\"Unitat d'Aran\",\"image\":{\"@type\":\"ImageObject\",\"inLanguage\":\"ca\",\"@id\":\"https:\\\/\\\/secure.gravatar.com\\\/avatar\\\/bf8ef486d5842532d01c628a95d185dd5db38b0695bc63daa960f6506181b798?s=96&d=mm&r=g\",\"url\":\"https:\\\/\\\/secure.gravatar.com\\\/avatar\\\/bf8ef486d5842532d01c628a95d185dd5db38b0695bc63daa960f6506181b798?s=96&d=mm&r=g\",\"contentUrl\":\"https:\\\/\\\/secure.gravatar.com\\\/avatar\\\/bf8ef486d5842532d01c628a95d185dd5db38b0695bc63daa960f6506181b798?s=96&d=mm&r=g\",\"caption\":\"Unitat d'Aran\"},\"sameAs\":[\"https:\\\/\\\/new.unitatdaran.org\\\/\"],\"url\":\"https:\\\/\\\/unitatdaran.org\\\/ca\\\/author\\\/admin\\\/\"}]}<\/script>\n<!-- \/ Yoast SEO plugin. -->","yoast_head_json":{"title":"Entrevista a Amador Marqu\u00e9s - Unitat d'Aran","robots":{"index":"index","follow":"follow","max-snippet":"max-snippet:-1","max-image-preview":"max-image-preview:large","max-video-preview":"max-video-preview:-1"},"canonical":"https:\/\/unitatdaran.org\/ca\/eleccions-2019\/entrevista-a-amador-marques-cat\/","og_locale":"ca_ES","og_type":"article","og_title":"Entrevista a Amador Marqu\u00e9s - Unitat d'Aran","og_description":"Qu\u00e8 t&#8217;impulsa a tornar a presentar-te com a candidat a l&#8217;alcaldia de Boss\u00f2st? M&#8217;impulsa la il\u00b7lusi\u00f3 de veure millorar un poble a trav\u00e9s de nous projectes ja compromesos. En aquests moments, estic m\u00e9s il\u00b7lusionats que mai perqu\u00e8 em vull a Boss\u00f2st i a la seva gent, compto amb el millor equip i la proposta m\u00e9s [&hellip;]","og_url":"https:\/\/unitatdaran.org\/ca\/eleccions-2019\/entrevista-a-amador-marques-cat\/","og_site_name":"Unitat d'Aran","article_publisher":"https:\/\/www.facebook.com\/UnitatAran","article_published_time":"2023-04-11T13:51:12+00:00","article_modified_time":"2023-04-12T11:07:06+00:00","author":"Unitat d'Aran","twitter_card":"summary_large_image","twitter_creator":"@unitatdaran","twitter_site":"@unitatdaran","twitter_misc":{"Escrit per":"Unitat d'Aran","Temps estimat de lectura":"4 minuts"},"schema":{"@context":"https:\/\/schema.org","@graph":[{"@type":"Article","@id":"https:\/\/unitatdaran.org\/ca\/eleccions-2019\/entrevista-a-amador-marques-cat\/#article","isPartOf":{"@id":"https:\/\/unitatdaran.org\/ca\/eleccions-2019\/entrevista-a-amador-marques-cat\/"},"author":{"name":"Unitat d'Aran","@id":"https:\/\/unitatdaran.org\/ca\/#\/schema\/person\/2870f7a03282b9bf0e435870415e61bb"},"headline":"Entrevista a Amador Marqu\u00e9s","datePublished":"2023-04-11T13:51:12+00:00","dateModified":"2023-04-12T11:07:06+00:00","mainEntityOfPage":{"@id":"https:\/\/unitatdaran.org\/ca\/eleccions-2019\/entrevista-a-amador-marques-cat\/"},"wordCount":734,"commentCount":0,"publisher":{"@id":"https:\/\/unitatdaran.org\/ca\/#organization"},"articleSection":["Eleccions Municipaus e Conselh Generau 2019"],"inLanguage":"ca","potentialAction":[{"@type":"CommentAction","name":"Comment","target":["https:\/\/unitatdaran.org\/ca\/eleccions-2019\/entrevista-a-amador-marques-cat\/#respond"]}]},{"@type":"WebPage","@id":"https:\/\/unitatdaran.org\/ca\/eleccions-2019\/entrevista-a-amador-marques-cat\/","url":"https:\/\/unitatdaran.org\/ca\/eleccions-2019\/entrevista-a-amador-marques-cat\/","name":"Entrevista a Amador Marqu\u00e9s - Unitat d'Aran","isPartOf":{"@id":"https:\/\/unitatdaran.org\/ca\/#website"},"datePublished":"2023-04-11T13:51:12+00:00","dateModified":"2023-04-12T11:07:06+00:00","breadcrumb":{"@id":"https:\/\/unitatdaran.org\/ca\/eleccions-2019\/entrevista-a-amador-marques-cat\/#breadcrumb"},"inLanguage":"ca","potentialAction":[{"@type":"ReadAction","target":["https:\/\/unitatdaran.org\/ca\/eleccions-2019\/entrevista-a-amador-marques-cat\/"]}]},{"@type":"BreadcrumbList","@id":"https:\/\/unitatdaran.org\/ca\/eleccions-2019\/entrevista-a-amador-marques-cat\/#breadcrumb","itemListElement":[{"@type":"ListItem","position":1,"name":"Eleccions Municipals i Conselh Generau 2019","item":"https:\/\/unitatdaran.org\/ca\/category\/eleccions-2019-ca\/"},{"@type":"ListItem","position":2,"name":"Entrevista a Amador Marqu\u00e9s"}]},{"@type":"WebSite","@id":"https:\/\/unitatdaran.org\/ca\/#website","url":"https:\/\/unitatdaran.org\/ca\/","name":"Unitat d'Aran","description":" El nostre projecte \u00e9s Aran. Aran ets tu","publisher":{"@id":"https:\/\/unitatdaran.org\/ca\/#organization"},"potentialAction":[{"@type":"SearchAction","target":{"@type":"EntryPoint","urlTemplate":"https:\/\/unitatdaran.org\/ca\/?s={search_term_string}"},"query-input":{"@type":"PropertyValueSpecification","valueRequired":true,"valueName":"search_term_string"}}],"inLanguage":"ca"},{"@type":"Organization","@id":"https:\/\/unitatdaran.org\/ca\/#organization","name":"Unitat d'Aran","url":"https:\/\/unitatdaran.org\/ca\/","logo":{"@type":"ImageObject","inLanguage":"ca","@id":"https:\/\/unitatdaran.org\/ca\/#\/schema\/logo\/image\/","url":"https:\/\/i0.wp.com\/unitatdaran.org\/wp-content\/uploads\/2021\/11\/logo.png?fit=2000%2C539&ssl=1","contentUrl":"https:\/\/i0.wp.com\/unitatdaran.org\/wp-content\/uploads\/2021\/11\/logo.png?fit=2000%2C539&ssl=1","width":2000,"height":539,"caption":"Unitat d'Aran"},"image":{"@id":"https:\/\/unitatdaran.org\/ca\/#\/schema\/logo\/image\/"},"sameAs":["https:\/\/www.facebook.com\/UnitatAran","https:\/\/x.com\/unitatdaran","https:\/\/instagram.com\/unitataran"]},{"@type":"Person","@id":"https:\/\/unitatdaran.org\/ca\/#\/schema\/person\/2870f7a03282b9bf0e435870415e61bb","name":"Unitat d'Aran","image":{"@type":"ImageObject","inLanguage":"ca","@id":"https:\/\/secure.gravatar.com\/avatar\/bf8ef486d5842532d01c628a95d185dd5db38b0695bc63daa960f6506181b798?s=96&d=mm&r=g","url":"https:\/\/secure.gravatar.com\/avatar\/bf8ef486d5842532d01c628a95d185dd5db38b0695bc63daa960f6506181b798?s=96&d=mm&r=g","contentUrl":"https:\/\/secure.gravatar.com\/avatar\/bf8ef486d5842532d01c628a95d185dd5db38b0695bc63daa960f6506181b798?s=96&d=mm&r=g","caption":"Unitat d'Aran"},"sameAs":["https:\/\/new.unitatdaran.org\/"],"url":"https:\/\/unitatdaran.org\/ca\/author\/admin\/"}]}},"jetpack_featured_media_url":"","jetpack_sharing_enabled":true,"_links":{"self":[{"href":"https:\/\/unitatdaran.org\/ca\/wp-json\/wp\/v2\/posts\/11626","targetHints":{"allow":["GET"]}}],"collection":[{"href":"https:\/\/unitatdaran.org\/ca\/wp-json\/wp\/v2\/posts"}],"about":[{"href":"https:\/\/unitatdaran.org\/ca\/wp-json\/wp\/v2\/types\/post"}],"author":[{"embeddable":true,"href":"https:\/\/unitatdaran.org\/ca\/wp-json\/wp\/v2\/users\/1"}],"replies":[{"embeddable":true,"href":"https:\/\/unitatdaran.org\/ca\/wp-json\/wp\/v2\/comments?post=11626"}],"version-history":[{"count":5,"href":"https:\/\/unitatdaran.org\/ca\/wp-json\/wp\/v2\/posts\/11626\/revisions"}],"predecessor-version":[{"id":11699,"href":"https:\/\/unitatdaran.org\/ca\/wp-json\/wp\/v2\/posts\/11626\/revisions\/11699"}],"wp:attachment":[{"href":"https:\/\/unitatdaran.org\/ca\/wp-json\/wp\/v2\/media?parent=11626"}],"wp:term":[{"taxonomy":"category","embeddable":true,"href":"https:\/\/unitatdaran.org\/ca\/wp-json\/wp\/v2\/categories?post=11626"},{"taxonomy":"post_tag","embeddable":true,"href":"https:\/\/unitatdaran.org\/ca\/wp-json\/wp\/v2\/tags?post=11626"}],"curies":[{"name":"wp","href":"https:\/\/api.w.org\/{rel}","templated":true}]}}