{"id":11625,"date":"2023-04-11T13:50:46","date_gmt":"2023-04-11T13:50:46","guid":{"rendered":"https:\/\/unitatdaran.org\/?p=11625"},"modified":"2023-04-12T11:02:57","modified_gmt":"2023-04-12T11:02:57","slug":"entrevista-a-rosa-mirat-es","status":"publish","type":"post","link":"https:\/\/unitatdaran.org\/ca\/eleccions-2019\/entrevista-a-rosa-mirat-es\/","title":{"rendered":"Entrevista a Rosa Mirat"},"content":{"rendered":"\n<h2 class=\"wp-block-heading\">\u00bfQu\u00e9 te impulsa a presentarte como candidata a la alcald\u00eda de Es Bordes?<\/h2>\n\n\n\n<p>Me impulsan las ganas de continuar gestionando mi municipio. Es gratificante poder gestionar y planificar como querr\u00edamos tener nuestros pueblos, aunque, a veces, te encuentras con obst\u00e1culos que te imposibilitan llevar a cabo tus objetivos, bien sean por la falta de recursos humanos o econ\u00f3micos.<\/p>\n\n\n\n<h2 class=\"wp-block-heading\">\u00bfCu\u00e1l es la situaci\u00f3n actual de Ayuntamiento respecto a c\u00f3mo se encontraba en 2019?&nbsp;<\/h2>\n\n\n\n<p>Puedo decir que ahora contamos con un Ayuntamiento m\u00e1s moderno, mas accesible, mas abierto y m\u00e1s participativo, gracias a las nuevas tecnolog\u00edas implementadas como pueden ser las redes sociales, la aplicaci\u00f3n m\u00f3vil eAgora y, especialmente, gracias a contar con una sede electr\u00f3nica que facilita la gestiones del d\u00eda a d\u00eda de los nuestros vecinos.<\/p>\n\n\n\n<h2 class=\"wp-block-heading\">\u00bfCuando llegaste en 2019 a la alcald\u00eda, te esperabas que la legislatura ser\u00eda as\u00ed?&nbsp;<\/h2>\n\n\n\n<p>Nunca lo hubiera imaginado. Ten\u00eda claro que de un paso adelante en la pol\u00edtica ser\u00eda dif\u00edcil por motivos de conciliaci\u00f3n, pero no me pod\u00eda imaginar que tendr\u00eda que gestionar todo un municipio sin contar con la experiencia previa con una pandemia de estas dimensiones. Fue dif\u00edcil, especialmente durante los primeros meses, con desconocimiento y el incierto que ten\u00edamos sobre el virus, hemos tenido que andar solos, sin medios o con medios que en ese momento podemos conseguir. Aun as\u00ed, remarcando la parte positiva, puedo decir que tampoco hubi\u00e9ramos imaginado nunca la gran solidaridad de nuestros vecinos y vecinas, y de la ciudadan\u00eda aranesa en general. Tambi\u00e9n nos ha llevado a preguntarnos que municipio y que Val d\u2019Aran queremos y, desde el Ayuntamiento y el Conselh Generau d\u2019Aran, se han propuesto iniciativas relacionadas con la innovaci\u00f3n. Atravesar esta crisis sanitaria y sociales nos ha ayudado a abrir los ojos y ver cu\u00e1l es la nueva realidad y cuales tienen que ser nuestros objetivos.<\/p>\n\n\n\n<h2 class=\"wp-block-heading\">\u00bfCu\u00e1les consideras que son los principales retos que tendr\u00e1 que encarar Es B\u00f2rdes en los pr\u00f3ximos a\u00f1os?<\/h2>\n\n\n\n<p>Para nuestro municipio es un reto importante es la falta de recursos, que marca mucho nuestras l\u00edneas de trabajo. Desde al Ayuntamiento de Es B\u00f2rdes querr\u00edamos apostar por fuentes de energ\u00eda menos contaminantes, activar nuestra econom\u00eda ya que no podemos contar con muchos negocios y, sobre todo, intentar que nuestros pueblos sigan unos pueblos vivos, con interacci\u00f3n social, y donde poder desarrollar un proyecto de vida.&nbsp;<\/p>\n\n\n\n<h2 class=\"wp-block-heading\">\u00bfQu\u00e9 l\u00edneas estrat\u00e9gicas plantea Unitat d\u2019Aran e Es B\u00f2rdes para afrontar estos retos de futuro?<\/h2>\n\n\n\n<p>Desde Unitat d\u2019Aran planteamos unas l\u00edneas estrat\u00e9gicas especialmente centradas en las personas, queremos ponerlas en el centro de las acciones pol\u00edticas que desarrollamos, As\u00ed mismo, tambi\u00e9n es primordial poder poner en valor nuestra identidad propia, a trav\u00e9s de la historia, cultura y lengua aranesa. En este sentido, junto con el gobierno del Conselh Generau d\u2019Aran desarrollamos un proyecto virtual para nuestro municipio para dignificar las ruinas del Cast\u00e8th Leon y divulgar su importancia para el conjunto de la Val d\u2019Aran<\/p>\n\n\n\n<h2 class=\"wp-block-heading\">\u00bfQu\u00e9 puede aportar la candidatura de Unitat d\u2019Aran al municipio respecto a los otros grupos pol\u00edticos?<\/h2>\n\n\n\n<p>La candidatura de Unitat d\u2019Aran para Es B\u00f2rdes puede aportar planificaci\u00f3n y estrategia delante del incierto que depara el futuro en aspectos b\u00e1sicos del d\u00eda a d\u00eda como pueden ser el cambio clim\u00e1tico, el cuidado de nuestros bosques, o la atenci\u00f3n a las personas. Somos un equipo con unos objetivos claros, con ganas y solvencia para gestionar los retos del futuro.<\/p>\n\n\n\n<h2 class=\"wp-block-heading\">\u00bfRespecto a tu equipo, habr\u00e1 cambios o cuentas con las mismas personas?<\/h2>\n\n\n\n<p>Habr\u00e1 cambios en nuestro equipo. Llevamos trabajando juntos desde 2007 y ahora tenemos que llevar a cabo algunos cambios, por motivos laborales y personales, pero tambi\u00e9n para tener continuidad en un futuro. En todo caso, contamos con un equipo de personas comprometidas con Es B\u00f2rdes, sus pueblos y su ciudadan\u00eda, y daremos lo mejor de nosotros para estar a la altura del municipio.&nbsp;<\/p>\n\n\n\n<h2 class=\"wp-block-heading\">Un deseo<\/h2>\n\n\n\n<p>Poder continuar como hasta ahora, trabajando para cuidar a la Val d\u2019Aran y a las personas que viven en ella.&nbsp;<\/p>\n","protected":false},"excerpt":{"rendered":"<p>\u00bfQu\u00e9 te impulsa a presentarte como candidata a la alcald\u00eda de Es Bordes? Me impulsan las ganas de continuar gestionando mi municipio. Es gratificante poder gestionar y planificar como querr\u00edamos tener nuestros pueblos, aunque, a veces, te encuentras con obst\u00e1culos que te imposibilitan llevar a cabo tus objetivos, bien sean por la falta de recursos [&hellip;]<\/p>\n","protected":false},"author":1,"featured_media":0,"comment_status":"open","ping_status":"open","sticky":false,"template":"","format":"standard","meta":{"_acf_changed":false,"_jetpack_memberships_contains_paid_content":false,"footnotes":""},"categories":[4],"tags":[],"class_list":["post-11625","post","type-post","status-publish","format-standard","hentry","category-eleccions-2019"],"acf":[],"yoast_head":"<!-- This site is optimized with the Yoast SEO plugin v27.5 - https:\/\/yoast.com\/product\/yoast-seo-wordpress\/ -->\n<title>Entrevista a Rosa Mirat - Unitat d&#039;Aran<\/title>\n<meta name=\"robots\" content=\"index, follow, max-snippet:-1, max-image-preview:large, max-video-preview:-1\" \/>\n<link rel=\"canonical\" href=\"https:\/\/unitatdaran.org\/ca\/eleccions-2019\/entrevista-a-rosa-mirat-es\/\" \/>\n<meta property=\"og:locale\" content=\"ca_ES\" \/>\n<meta property=\"og:type\" content=\"article\" \/>\n<meta property=\"og:title\" content=\"Entrevista a Rosa Mirat - Unitat d&#039;Aran\" \/>\n<meta property=\"og:description\" content=\"\u00bfQu\u00e9 te impulsa a presentarte como candidata a la alcald\u00eda de Es Bordes? Me impulsan las ganas de continuar gestionando mi municipio. Es gratificante poder gestionar y planificar como querr\u00edamos tener nuestros pueblos, aunque, a veces, te encuentras con obst\u00e1culos que te imposibilitan llevar a cabo tus objetivos, bien sean por la falta de recursos [&hellip;]\" \/>\n<meta property=\"og:url\" content=\"https:\/\/unitatdaran.org\/ca\/eleccions-2019\/entrevista-a-rosa-mirat-es\/\" \/>\n<meta property=\"og:site_name\" content=\"Unitat d&#039;Aran\" \/>\n<meta property=\"article:publisher\" content=\"https:\/\/www.facebook.com\/UnitatAran\" \/>\n<meta property=\"article:published_time\" content=\"2023-04-11T13:50:46+00:00\" \/>\n<meta property=\"article:modified_time\" content=\"2023-04-12T11:02:57+00:00\" \/>\n<meta name=\"author\" content=\"Unitat d&#039;Aran\" \/>\n<meta name=\"twitter:card\" content=\"summary_large_image\" \/>\n<meta name=\"twitter:creator\" content=\"@unitatdaran\" \/>\n<meta name=\"twitter:site\" content=\"@unitatdaran\" \/>\n<meta name=\"twitter:label1\" content=\"Escrit per\" \/>\n\t<meta name=\"twitter:data1\" content=\"Unitat d&#039;Aran\" \/>\n\t<meta name=\"twitter:label2\" content=\"Temps estimat de lectura\" \/>\n\t<meta name=\"twitter:data2\" content=\"4 minuts\" \/>\n<script type=\"application\/ld+json\" class=\"yoast-schema-graph\">{\"@context\":\"https:\\\/\\\/schema.org\",\"@graph\":[{\"@type\":\"Article\",\"@id\":\"https:\\\/\\\/unitatdaran.org\\\/ca\\\/eleccions-2019\\\/entrevista-a-rosa-mirat-es\\\/#article\",\"isPartOf\":{\"@id\":\"https:\\\/\\\/unitatdaran.org\\\/ca\\\/eleccions-2019\\\/entrevista-a-rosa-mirat-es\\\/\"},\"author\":{\"name\":\"Unitat d'Aran\",\"@id\":\"https:\\\/\\\/unitatdaran.org\\\/ca\\\/#\\\/schema\\\/person\\\/2870f7a03282b9bf0e435870415e61bb\"},\"headline\":\"Entrevista a Rosa Mirat\",\"datePublished\":\"2023-04-11T13:50:46+00:00\",\"dateModified\":\"2023-04-12T11:02:57+00:00\",\"mainEntityOfPage\":{\"@id\":\"https:\\\/\\\/unitatdaran.org\\\/ca\\\/eleccions-2019\\\/entrevista-a-rosa-mirat-es\\\/\"},\"wordCount\":730,\"commentCount\":0,\"publisher\":{\"@id\":\"https:\\\/\\\/unitatdaran.org\\\/ca\\\/#organization\"},\"articleSection\":[\"Eleccions Municipaus e Conselh Generau 2019\"],\"inLanguage\":\"ca\",\"potentialAction\":[{\"@type\":\"CommentAction\",\"name\":\"Comment\",\"target\":[\"https:\\\/\\\/unitatdaran.org\\\/ca\\\/eleccions-2019\\\/entrevista-a-rosa-mirat-es\\\/#respond\"]}]},{\"@type\":\"WebPage\",\"@id\":\"https:\\\/\\\/unitatdaran.org\\\/ca\\\/eleccions-2019\\\/entrevista-a-rosa-mirat-es\\\/\",\"url\":\"https:\\\/\\\/unitatdaran.org\\\/ca\\\/eleccions-2019\\\/entrevista-a-rosa-mirat-es\\\/\",\"name\":\"Entrevista a Rosa Mirat - Unitat d'Aran\",\"isPartOf\":{\"@id\":\"https:\\\/\\\/unitatdaran.org\\\/ca\\\/#website\"},\"datePublished\":\"2023-04-11T13:50:46+00:00\",\"dateModified\":\"2023-04-12T11:02:57+00:00\",\"breadcrumb\":{\"@id\":\"https:\\\/\\\/unitatdaran.org\\\/ca\\\/eleccions-2019\\\/entrevista-a-rosa-mirat-es\\\/#breadcrumb\"},\"inLanguage\":\"ca\",\"potentialAction\":[{\"@type\":\"ReadAction\",\"target\":[\"https:\\\/\\\/unitatdaran.org\\\/ca\\\/eleccions-2019\\\/entrevista-a-rosa-mirat-es\\\/\"]}]},{\"@type\":\"BreadcrumbList\",\"@id\":\"https:\\\/\\\/unitatdaran.org\\\/ca\\\/eleccions-2019\\\/entrevista-a-rosa-mirat-es\\\/#breadcrumb\",\"itemListElement\":[{\"@type\":\"ListItem\",\"position\":1,\"name\":\"Eleccions Municipals i Conselh Generau 2019\",\"item\":\"https:\\\/\\\/unitatdaran.org\\\/ca\\\/category\\\/eleccions-2019-ca\\\/\"},{\"@type\":\"ListItem\",\"position\":2,\"name\":\"Entrevista a Rosa Mirat\"}]},{\"@type\":\"WebSite\",\"@id\":\"https:\\\/\\\/unitatdaran.org\\\/ca\\\/#website\",\"url\":\"https:\\\/\\\/unitatdaran.org\\\/ca\\\/\",\"name\":\"Unitat d'Aran\",\"description\":\" El nostre projecte \u00e9s Aran. Aran ets tu\",\"publisher\":{\"@id\":\"https:\\\/\\\/unitatdaran.org\\\/ca\\\/#organization\"},\"potentialAction\":[{\"@type\":\"SearchAction\",\"target\":{\"@type\":\"EntryPoint\",\"urlTemplate\":\"https:\\\/\\\/unitatdaran.org\\\/ca\\\/?s={search_term_string}\"},\"query-input\":{\"@type\":\"PropertyValueSpecification\",\"valueRequired\":true,\"valueName\":\"search_term_string\"}}],\"inLanguage\":\"ca\"},{\"@type\":\"Organization\",\"@id\":\"https:\\\/\\\/unitatdaran.org\\\/ca\\\/#organization\",\"name\":\"Unitat d'Aran\",\"url\":\"https:\\\/\\\/unitatdaran.org\\\/ca\\\/\",\"logo\":{\"@type\":\"ImageObject\",\"inLanguage\":\"ca\",\"@id\":\"https:\\\/\\\/unitatdaran.org\\\/ca\\\/#\\\/schema\\\/logo\\\/image\\\/\",\"url\":\"https:\\\/\\\/i0.wp.com\\\/unitatdaran.org\\\/wp-content\\\/uploads\\\/2021\\\/11\\\/logo.png?fit=2000%2C539&ssl=1\",\"contentUrl\":\"https:\\\/\\\/i0.wp.com\\\/unitatdaran.org\\\/wp-content\\\/uploads\\\/2021\\\/11\\\/logo.png?fit=2000%2C539&ssl=1\",\"width\":2000,\"height\":539,\"caption\":\"Unitat d'Aran\"},\"image\":{\"@id\":\"https:\\\/\\\/unitatdaran.org\\\/ca\\\/#\\\/schema\\\/logo\\\/image\\\/\"},\"sameAs\":[\"https:\\\/\\\/www.facebook.com\\\/UnitatAran\",\"https:\\\/\\\/x.com\\\/unitatdaran\",\"https:\\\/\\\/instagram.com\\\/unitataran\"]},{\"@type\":\"Person\",\"@id\":\"https:\\\/\\\/unitatdaran.org\\\/ca\\\/#\\\/schema\\\/person\\\/2870f7a03282b9bf0e435870415e61bb\",\"name\":\"Unitat d'Aran\",\"image\":{\"@type\":\"ImageObject\",\"inLanguage\":\"ca\",\"@id\":\"https:\\\/\\\/secure.gravatar.com\\\/avatar\\\/bf8ef486d5842532d01c628a95d185dd5db38b0695bc63daa960f6506181b798?s=96&d=mm&r=g\",\"url\":\"https:\\\/\\\/secure.gravatar.com\\\/avatar\\\/bf8ef486d5842532d01c628a95d185dd5db38b0695bc63daa960f6506181b798?s=96&d=mm&r=g\",\"contentUrl\":\"https:\\\/\\\/secure.gravatar.com\\\/avatar\\\/bf8ef486d5842532d01c628a95d185dd5db38b0695bc63daa960f6506181b798?s=96&d=mm&r=g\",\"caption\":\"Unitat d'Aran\"},\"sameAs\":[\"https:\\\/\\\/new.unitatdaran.org\\\/\"],\"url\":\"https:\\\/\\\/unitatdaran.org\\\/ca\\\/author\\\/admin\\\/\"}]}<\/script>\n<!-- \/ Yoast SEO plugin. -->","yoast_head_json":{"title":"Entrevista a Rosa Mirat - Unitat d'Aran","robots":{"index":"index","follow":"follow","max-snippet":"max-snippet:-1","max-image-preview":"max-image-preview:large","max-video-preview":"max-video-preview:-1"},"canonical":"https:\/\/unitatdaran.org\/ca\/eleccions-2019\/entrevista-a-rosa-mirat-es\/","og_locale":"ca_ES","og_type":"article","og_title":"Entrevista a Rosa Mirat - Unitat d'Aran","og_description":"\u00bfQu\u00e9 te impulsa a presentarte como candidata a la alcald\u00eda de Es Bordes? Me impulsan las ganas de continuar gestionando mi municipio. Es gratificante poder gestionar y planificar como querr\u00edamos tener nuestros pueblos, aunque, a veces, te encuentras con obst\u00e1culos que te imposibilitan llevar a cabo tus objetivos, bien sean por la falta de recursos [&hellip;]","og_url":"https:\/\/unitatdaran.org\/ca\/eleccions-2019\/entrevista-a-rosa-mirat-es\/","og_site_name":"Unitat d'Aran","article_publisher":"https:\/\/www.facebook.com\/UnitatAran","article_published_time":"2023-04-11T13:50:46+00:00","article_modified_time":"2023-04-12T11:02:57+00:00","author":"Unitat d'Aran","twitter_card":"summary_large_image","twitter_creator":"@unitatdaran","twitter_site":"@unitatdaran","twitter_misc":{"Escrit per":"Unitat d'Aran","Temps estimat de lectura":"4 minuts"},"schema":{"@context":"https:\/\/schema.org","@graph":[{"@type":"Article","@id":"https:\/\/unitatdaran.org\/ca\/eleccions-2019\/entrevista-a-rosa-mirat-es\/#article","isPartOf":{"@id":"https:\/\/unitatdaran.org\/ca\/eleccions-2019\/entrevista-a-rosa-mirat-es\/"},"author":{"name":"Unitat d'Aran","@id":"https:\/\/unitatdaran.org\/ca\/#\/schema\/person\/2870f7a03282b9bf0e435870415e61bb"},"headline":"Entrevista a Rosa Mirat","datePublished":"2023-04-11T13:50:46+00:00","dateModified":"2023-04-12T11:02:57+00:00","mainEntityOfPage":{"@id":"https:\/\/unitatdaran.org\/ca\/eleccions-2019\/entrevista-a-rosa-mirat-es\/"},"wordCount":730,"commentCount":0,"publisher":{"@id":"https:\/\/unitatdaran.org\/ca\/#organization"},"articleSection":["Eleccions Municipaus e Conselh Generau 2019"],"inLanguage":"ca","potentialAction":[{"@type":"CommentAction","name":"Comment","target":["https:\/\/unitatdaran.org\/ca\/eleccions-2019\/entrevista-a-rosa-mirat-es\/#respond"]}]},{"@type":"WebPage","@id":"https:\/\/unitatdaran.org\/ca\/eleccions-2019\/entrevista-a-rosa-mirat-es\/","url":"https:\/\/unitatdaran.org\/ca\/eleccions-2019\/entrevista-a-rosa-mirat-es\/","name":"Entrevista a Rosa Mirat - Unitat d'Aran","isPartOf":{"@id":"https:\/\/unitatdaran.org\/ca\/#website"},"datePublished":"2023-04-11T13:50:46+00:00","dateModified":"2023-04-12T11:02:57+00:00","breadcrumb":{"@id":"https:\/\/unitatdaran.org\/ca\/eleccions-2019\/entrevista-a-rosa-mirat-es\/#breadcrumb"},"inLanguage":"ca","potentialAction":[{"@type":"ReadAction","target":["https:\/\/unitatdaran.org\/ca\/eleccions-2019\/entrevista-a-rosa-mirat-es\/"]}]},{"@type":"BreadcrumbList","@id":"https:\/\/unitatdaran.org\/ca\/eleccions-2019\/entrevista-a-rosa-mirat-es\/#breadcrumb","itemListElement":[{"@type":"ListItem","position":1,"name":"Eleccions Municipals i Conselh Generau 2019","item":"https:\/\/unitatdaran.org\/ca\/category\/eleccions-2019-ca\/"},{"@type":"ListItem","position":2,"name":"Entrevista a Rosa Mirat"}]},{"@type":"WebSite","@id":"https:\/\/unitatdaran.org\/ca\/#website","url":"https:\/\/unitatdaran.org\/ca\/","name":"Unitat d'Aran","description":" El nostre projecte \u00e9s Aran. Aran ets tu","publisher":{"@id":"https:\/\/unitatdaran.org\/ca\/#organization"},"potentialAction":[{"@type":"SearchAction","target":{"@type":"EntryPoint","urlTemplate":"https:\/\/unitatdaran.org\/ca\/?s={search_term_string}"},"query-input":{"@type":"PropertyValueSpecification","valueRequired":true,"valueName":"search_term_string"}}],"inLanguage":"ca"},{"@type":"Organization","@id":"https:\/\/unitatdaran.org\/ca\/#organization","name":"Unitat d'Aran","url":"https:\/\/unitatdaran.org\/ca\/","logo":{"@type":"ImageObject","inLanguage":"ca","@id":"https:\/\/unitatdaran.org\/ca\/#\/schema\/logo\/image\/","url":"https:\/\/i0.wp.com\/unitatdaran.org\/wp-content\/uploads\/2021\/11\/logo.png?fit=2000%2C539&ssl=1","contentUrl":"https:\/\/i0.wp.com\/unitatdaran.org\/wp-content\/uploads\/2021\/11\/logo.png?fit=2000%2C539&ssl=1","width":2000,"height":539,"caption":"Unitat d'Aran"},"image":{"@id":"https:\/\/unitatdaran.org\/ca\/#\/schema\/logo\/image\/"},"sameAs":["https:\/\/www.facebook.com\/UnitatAran","https:\/\/x.com\/unitatdaran","https:\/\/instagram.com\/unitataran"]},{"@type":"Person","@id":"https:\/\/unitatdaran.org\/ca\/#\/schema\/person\/2870f7a03282b9bf0e435870415e61bb","name":"Unitat d'Aran","image":{"@type":"ImageObject","inLanguage":"ca","@id":"https:\/\/secure.gravatar.com\/avatar\/bf8ef486d5842532d01c628a95d185dd5db38b0695bc63daa960f6506181b798?s=96&d=mm&r=g","url":"https:\/\/secure.gravatar.com\/avatar\/bf8ef486d5842532d01c628a95d185dd5db38b0695bc63daa960f6506181b798?s=96&d=mm&r=g","contentUrl":"https:\/\/secure.gravatar.com\/avatar\/bf8ef486d5842532d01c628a95d185dd5db38b0695bc63daa960f6506181b798?s=96&d=mm&r=g","caption":"Unitat d'Aran"},"sameAs":["https:\/\/new.unitatdaran.org\/"],"url":"https:\/\/unitatdaran.org\/ca\/author\/admin\/"}]}},"jetpack_featured_media_url":"","jetpack_sharing_enabled":true,"_links":{"self":[{"href":"https:\/\/unitatdaran.org\/ca\/wp-json\/wp\/v2\/posts\/11625","targetHints":{"allow":["GET"]}}],"collection":[{"href":"https:\/\/unitatdaran.org\/ca\/wp-json\/wp\/v2\/posts"}],"about":[{"href":"https:\/\/unitatdaran.org\/ca\/wp-json\/wp\/v2\/types\/post"}],"author":[{"embeddable":true,"href":"https:\/\/unitatdaran.org\/ca\/wp-json\/wp\/v2\/users\/1"}],"replies":[{"embeddable":true,"href":"https:\/\/unitatdaran.org\/ca\/wp-json\/wp\/v2\/comments?post=11625"}],"version-history":[{"count":3,"href":"https:\/\/unitatdaran.org\/ca\/wp-json\/wp\/v2\/posts\/11625\/revisions"}],"predecessor-version":[{"id":11691,"href":"https:\/\/unitatdaran.org\/ca\/wp-json\/wp\/v2\/posts\/11625\/revisions\/11691"}],"wp:attachment":[{"href":"https:\/\/unitatdaran.org\/ca\/wp-json\/wp\/v2\/media?parent=11625"}],"wp:term":[{"taxonomy":"category","embeddable":true,"href":"https:\/\/unitatdaran.org\/ca\/wp-json\/wp\/v2\/categories?post=11625"},{"taxonomy":"post_tag","embeddable":true,"href":"https:\/\/unitatdaran.org\/ca\/wp-json\/wp\/v2\/tags?post=11625"}],"curies":[{"name":"wp","href":"https:\/\/api.w.org\/{rel}","templated":true}]}}