{"id":11623,"date":"2023-04-11T13:47:38","date_gmt":"2023-04-11T13:47:38","guid":{"rendered":"https:\/\/unitatdaran.org\/?p=11623"},"modified":"2023-04-11T18:22:08","modified_gmt":"2023-04-11T18:22:08","slug":"entrevista-a-oriol-sala-es","status":"publish","type":"post","link":"https:\/\/unitatdaran.org\/ca\/eleccions-2019\/entrevista-a-oriol-sala-es\/","title":{"rendered":"Entrevista a Oriol Sala"},"content":{"rendered":"\n<h2 class=\"wp-block-heading\"><strong>\u00bfQu\u00e9 te impulsa a volver a presentarte como candidato para la alcald\u00eda de Vilam\u00f2s y Era Bordeta?<\/strong><\/h2>\n\n\n\n<p>Volver a presentarme para la alcald\u00eda de mi municipio ha sido una decisi\u00f3n muy meditada y madurada, pienso que el municipio ha entrado en una buena din\u00e1mica, muy positiva para su ciudadan\u00eda y ahora es necesario dar continuidad. Durante estos cuatro a\u00f1os de legislatura he adquirido un conocimiento, experiencia y bagaje importante. Un factor muy importante para m\u00ed han sido las ganas y la ilusi\u00f3n de poder hacer cosas por el pueblo que me vio nacer y donde crec\u00ed, y ver c\u00f3mo evolucionamos, que mejoramos nuestra vida y llevamos a cabo pol\u00edticas del siglo XXI, adaptadas a las necesidades de todas las personas que vivimos en Vilam\u00f2s y Era Bordeta.<\/p>\n\n\n\n<h2 class=\"wp-block-heading\"><strong>Cuando llegaste en 2019 a la alcald\u00eda, \u00bfte quedaste pensando si la legislatura ser\u00eda as\u00ed?<\/strong><\/h2>\n\n\n\n<p>Para m\u00ed todo era nuevo, no ten\u00eda experiencia en la gesti\u00f3n de un municipio y en el mundo de la administraci\u00f3n p\u00fablica en general, todo era dif\u00edcil, pero ten\u00eda ganas de trabajar por Vilam\u00f2s y Era Bordeta y estos cuatro a\u00f1os, y mi inter\u00e9s personal por hacer el bien a las causas, me han ayudado a aprender muchas cosas. Sin embargo, la pandemia provocada por la COVID-19 fue algo impactante y que nunca podr\u00eda haber imaginado. Tuvimos que actuar con rapidez, cerrando todas las instalaciones p\u00fablicas, tomando medidas de seguridad, desinfectando calles. Todo esto sumado a la p\u00e9rdida de personas queridas, la preocupaci\u00f3n por hacer todo lo posible para proteger a nuestros vecinos y vecinas.<\/p>\n\n\n\n<p>Fueron momentos de mucha incertidumbre, pero siempre con la base de dar la ayuda necesaria para que la ciudadan\u00eda no sufra demasiado las consecuencias de esta crisis sanitaria, social y econ\u00f3mica, y siempre tratando de informarles de todos nuestros movimientos, manteniendo la transparencia y la comunicaci\u00f3n bidireccional con ellos y ellas. Pienso que he tenido que gestionar cuatro a\u00f1os muy complicados, porque m\u00e1s all\u00e1 de la pandemia, hemos tenido que vivir tambi\u00e9n las consecuencias de una guerra en Europa que ha provocado un encarecimiento generalizado que ha afectado tambi\u00e9n a los procesos administrativos del Ayuntamiento, pero pienso que nos adaptaremos y tomaremos las mejores decisiones para mejorar la vida de las personas en el municipio.<\/p>\n\n\n\n<h2 class=\"wp-block-heading\"><strong>\u00bfC\u00f3mo ha sido la relaci\u00f3n con la oposici\u00f3n?<\/strong><\/h2>\n\n\n\n<p>No ha sido lo que yo esperaba. No ha sido f\u00e1cil para m\u00ed que no se diferencien las decisiones tomadas en el Ayuntamiento con mi vida personal, con una cr\u00edtica constante hacia nuestra gesti\u00f3n y sin ofrecer ninguna propuesta en estos cuatro a\u00f1os.<\/p>\n\n\n\n<h2 class=\"wp-block-heading\"><strong>\u00bfCu\u00e1les consideras que son los principales retos que tendr\u00e1 que enfrentar Vilam\u00f2s y Era Bordeta en los pr\u00f3ximos a\u00f1os?<\/strong><\/h2>\n\n\n\n<p>Creo que es dif\u00edcil de prever, porque como hemos visto durante esta \u00faltima legislatura, nuestra realidad puede cambiar de un momento a otro. Sin embargo, creo que es b\u00e1sico que este Ayuntamiento se ponga por completo a disposici\u00f3n de la ciudadan\u00eda, garantizando los servicios b\u00e1sicos, siendo din\u00e1micos, adapt\u00e1ndonos a la vida moderna y gestionando las necesidades del presente con una mirada hacia el futuro.<\/p>\n\n\n\n<h2 class=\"wp-block-heading\"><strong>\u00bfQu\u00e9 l\u00edneas estrat\u00e9gicas plantea Unitat d&#8217;Aran en Vilam\u00f2s y Era Bordeta para afrontar estos retos de futuro?<\/strong><\/h2>\n\n\n\n<p>El eje principal de nuestras pol\u00edticas es centrar las acciones y pol\u00edticas que llevamos a cabo en poner en el centro a nuestra ciudadan\u00eda y sus necesidades. Hay que estar en el d\u00eda a d\u00eda, trabajar por el bienestar de todos, potenciar la renovaci\u00f3n de las calles y mejorar la accesibilidad y movilidad, asegurar una sostenibilidad energ\u00e9tica, hacer participes a nuestros vecinos y vecinas de las diferentes actividades. En resumen, avanzar hacia un futuro mejor para todos.<\/p>\n\n\n\n<h2 class=\"wp-block-heading\"><strong>\u00bfQu\u00e9 puede aportar la candidatura de Unitat d&#8217;Aran al municipio respecto a otros grupos pol\u00edticos?<\/strong><\/h2>\n\n\n\n<p>Creo que somos la \u00fanica opci\u00f3n capaz de afrontar todos los retos que Vilam\u00f2s y Era Bordeta tienen por delante de cara al futuro, porque el cambio que hemos logrado en estos cuatro a\u00f1os se ha notado y lo hemos demostrado. Contamos con un equipo comprometido, con ganas, ilusi\u00f3n y energ\u00eda para trabajar en inter\u00e9s de toda nuestra ciudadan\u00eda, sin anteponer intereses personales, centr\u00e1ndonos en desarrollar pol\u00edticas de proximidad. Mari, Carles, Gloria y yo mismo tenemos muchas ganas de seguir mejorando nuestro municipio. Somos la opci\u00f3n m\u00e1s preparada y contamos con un futuro infinito para nuestros pueblos.<\/p>\n\n\n\n<h2 class=\"wp-block-heading\"><strong>Un deseo<\/strong><\/h2>\n\n\n\n<p>Que vengan unos a\u00f1os m\u00e1s f\u00e1ciles, poder tener a nuestros pueblos unidos, que no haya ning\u00fan mal ambiente y avanzar todos juntos con un proyecto claro y sin dejar a nadie atr\u00e1s. Deseamos poder ganar estas elecciones, con la finalidad de poder continuar en la misma l\u00ednea iniciada en estos cuatro a\u00f1os.<\/p>\n","protected":false},"excerpt":{"rendered":"<p>\u00bfQu\u00e9 te impulsa a volver a presentarte como candidato para la alcald\u00eda de Vilam\u00f2s y Era Bordeta? Volver a presentarme para la alcald\u00eda de mi municipio ha sido una decisi\u00f3n muy meditada y madurada, pienso que el municipio ha entrado en una buena din\u00e1mica, muy positiva para su ciudadan\u00eda y ahora es necesario dar continuidad. [&hellip;]<\/p>\n","protected":false},"author":1,"featured_media":0,"comment_status":"open","ping_status":"open","sticky":false,"template":"","format":"standard","meta":{"_acf_changed":false,"_jetpack_memberships_contains_paid_content":false,"footnotes":""},"categories":[4],"tags":[],"class_list":["post-11623","post","type-post","status-publish","format-standard","hentry","category-eleccions-2019"],"acf":[],"yoast_head":"<!-- This site is optimized with the Yoast SEO plugin v27.5 - https:\/\/yoast.com\/product\/yoast-seo-wordpress\/ -->\n<title>Entrevista a Oriol Sala - Unitat d&#039;Aran<\/title>\n<meta name=\"robots\" content=\"index, follow, max-snippet:-1, max-image-preview:large, max-video-preview:-1\" \/>\n<link rel=\"canonical\" href=\"https:\/\/unitatdaran.org\/ca\/eleccions-2019\/entrevista-a-oriol-sala-es\/\" \/>\n<meta property=\"og:locale\" content=\"ca_ES\" \/>\n<meta property=\"og:type\" content=\"article\" \/>\n<meta property=\"og:title\" content=\"Entrevista a Oriol Sala - Unitat d&#039;Aran\" \/>\n<meta property=\"og:description\" content=\"\u00bfQu\u00e9 te impulsa a volver a presentarte como candidato para la alcald\u00eda de Vilam\u00f2s y Era Bordeta? Volver a presentarme para la alcald\u00eda de mi municipio ha sido una decisi\u00f3n muy meditada y madurada, pienso que el municipio ha entrado en una buena din\u00e1mica, muy positiva para su ciudadan\u00eda y ahora es necesario dar continuidad. [&hellip;]\" \/>\n<meta property=\"og:url\" content=\"https:\/\/unitatdaran.org\/ca\/eleccions-2019\/entrevista-a-oriol-sala-es\/\" \/>\n<meta property=\"og:site_name\" content=\"Unitat d&#039;Aran\" \/>\n<meta property=\"article:publisher\" content=\"https:\/\/www.facebook.com\/UnitatAran\" \/>\n<meta property=\"article:published_time\" content=\"2023-04-11T13:47:38+00:00\" \/>\n<meta property=\"article:modified_time\" content=\"2023-04-11T18:22:08+00:00\" \/>\n<meta name=\"author\" content=\"Unitat d&#039;Aran\" \/>\n<meta name=\"twitter:card\" content=\"summary_large_image\" \/>\n<meta name=\"twitter:creator\" content=\"@unitatdaran\" \/>\n<meta name=\"twitter:site\" content=\"@unitatdaran\" \/>\n<meta name=\"twitter:label1\" content=\"Escrit per\" \/>\n\t<meta name=\"twitter:data1\" content=\"Unitat d&#039;Aran\" \/>\n\t<meta name=\"twitter:label2\" content=\"Temps estimat de lectura\" \/>\n\t<meta name=\"twitter:data2\" content=\"5 minuts\" \/>\n<script type=\"application\/ld+json\" class=\"yoast-schema-graph\">{\"@context\":\"https:\\\/\\\/schema.org\",\"@graph\":[{\"@type\":\"Article\",\"@id\":\"https:\\\/\\\/unitatdaran.org\\\/ca\\\/eleccions-2019\\\/entrevista-a-oriol-sala-es\\\/#article\",\"isPartOf\":{\"@id\":\"https:\\\/\\\/unitatdaran.org\\\/ca\\\/eleccions-2019\\\/entrevista-a-oriol-sala-es\\\/\"},\"author\":{\"name\":\"Unitat d'Aran\",\"@id\":\"https:\\\/\\\/unitatdaran.org\\\/ca\\\/#\\\/schema\\\/person\\\/2870f7a03282b9bf0e435870415e61bb\"},\"headline\":\"Entrevista a Oriol Sala\",\"datePublished\":\"2023-04-11T13:47:38+00:00\",\"dateModified\":\"2023-04-11T18:22:08+00:00\",\"mainEntityOfPage\":{\"@id\":\"https:\\\/\\\/unitatdaran.org\\\/ca\\\/eleccions-2019\\\/entrevista-a-oriol-sala-es\\\/\"},\"wordCount\":851,\"commentCount\":0,\"publisher\":{\"@id\":\"https:\\\/\\\/unitatdaran.org\\\/ca\\\/#organization\"},\"articleSection\":[\"Eleccions Municipaus e Conselh Generau 2019\"],\"inLanguage\":\"ca\",\"potentialAction\":[{\"@type\":\"CommentAction\",\"name\":\"Comment\",\"target\":[\"https:\\\/\\\/unitatdaran.org\\\/ca\\\/eleccions-2019\\\/entrevista-a-oriol-sala-es\\\/#respond\"]}]},{\"@type\":\"WebPage\",\"@id\":\"https:\\\/\\\/unitatdaran.org\\\/ca\\\/eleccions-2019\\\/entrevista-a-oriol-sala-es\\\/\",\"url\":\"https:\\\/\\\/unitatdaran.org\\\/ca\\\/eleccions-2019\\\/entrevista-a-oriol-sala-es\\\/\",\"name\":\"Entrevista a Oriol Sala - Unitat d'Aran\",\"isPartOf\":{\"@id\":\"https:\\\/\\\/unitatdaran.org\\\/ca\\\/#website\"},\"datePublished\":\"2023-04-11T13:47:38+00:00\",\"dateModified\":\"2023-04-11T18:22:08+00:00\",\"breadcrumb\":{\"@id\":\"https:\\\/\\\/unitatdaran.org\\\/ca\\\/eleccions-2019\\\/entrevista-a-oriol-sala-es\\\/#breadcrumb\"},\"inLanguage\":\"ca\",\"potentialAction\":[{\"@type\":\"ReadAction\",\"target\":[\"https:\\\/\\\/unitatdaran.org\\\/ca\\\/eleccions-2019\\\/entrevista-a-oriol-sala-es\\\/\"]}]},{\"@type\":\"BreadcrumbList\",\"@id\":\"https:\\\/\\\/unitatdaran.org\\\/ca\\\/eleccions-2019\\\/entrevista-a-oriol-sala-es\\\/#breadcrumb\",\"itemListElement\":[{\"@type\":\"ListItem\",\"position\":1,\"name\":\"Eleccions Municipals i Conselh Generau 2019\",\"item\":\"https:\\\/\\\/unitatdaran.org\\\/ca\\\/category\\\/eleccions-2019-ca\\\/\"},{\"@type\":\"ListItem\",\"position\":2,\"name\":\"Entrevista a Oriol Sala\"}]},{\"@type\":\"WebSite\",\"@id\":\"https:\\\/\\\/unitatdaran.org\\\/ca\\\/#website\",\"url\":\"https:\\\/\\\/unitatdaran.org\\\/ca\\\/\",\"name\":\"Unitat d'Aran\",\"description\":\" El nostre projecte \u00e9s Aran. Aran ets tu\",\"publisher\":{\"@id\":\"https:\\\/\\\/unitatdaran.org\\\/ca\\\/#organization\"},\"potentialAction\":[{\"@type\":\"SearchAction\",\"target\":{\"@type\":\"EntryPoint\",\"urlTemplate\":\"https:\\\/\\\/unitatdaran.org\\\/ca\\\/?s={search_term_string}\"},\"query-input\":{\"@type\":\"PropertyValueSpecification\",\"valueRequired\":true,\"valueName\":\"search_term_string\"}}],\"inLanguage\":\"ca\"},{\"@type\":\"Organization\",\"@id\":\"https:\\\/\\\/unitatdaran.org\\\/ca\\\/#organization\",\"name\":\"Unitat d'Aran\",\"url\":\"https:\\\/\\\/unitatdaran.org\\\/ca\\\/\",\"logo\":{\"@type\":\"ImageObject\",\"inLanguage\":\"ca\",\"@id\":\"https:\\\/\\\/unitatdaran.org\\\/ca\\\/#\\\/schema\\\/logo\\\/image\\\/\",\"url\":\"https:\\\/\\\/i0.wp.com\\\/unitatdaran.org\\\/wp-content\\\/uploads\\\/2021\\\/11\\\/logo.png?fit=2000%2C539&ssl=1\",\"contentUrl\":\"https:\\\/\\\/i0.wp.com\\\/unitatdaran.org\\\/wp-content\\\/uploads\\\/2021\\\/11\\\/logo.png?fit=2000%2C539&ssl=1\",\"width\":2000,\"height\":539,\"caption\":\"Unitat d'Aran\"},\"image\":{\"@id\":\"https:\\\/\\\/unitatdaran.org\\\/ca\\\/#\\\/schema\\\/logo\\\/image\\\/\"},\"sameAs\":[\"https:\\\/\\\/www.facebook.com\\\/UnitatAran\",\"https:\\\/\\\/x.com\\\/unitatdaran\",\"https:\\\/\\\/instagram.com\\\/unitataran\"]},{\"@type\":\"Person\",\"@id\":\"https:\\\/\\\/unitatdaran.org\\\/ca\\\/#\\\/schema\\\/person\\\/2870f7a03282b9bf0e435870415e61bb\",\"name\":\"Unitat d'Aran\",\"image\":{\"@type\":\"ImageObject\",\"inLanguage\":\"ca\",\"@id\":\"https:\\\/\\\/secure.gravatar.com\\\/avatar\\\/bf8ef486d5842532d01c628a95d185dd5db38b0695bc63daa960f6506181b798?s=96&d=mm&r=g\",\"url\":\"https:\\\/\\\/secure.gravatar.com\\\/avatar\\\/bf8ef486d5842532d01c628a95d185dd5db38b0695bc63daa960f6506181b798?s=96&d=mm&r=g\",\"contentUrl\":\"https:\\\/\\\/secure.gravatar.com\\\/avatar\\\/bf8ef486d5842532d01c628a95d185dd5db38b0695bc63daa960f6506181b798?s=96&d=mm&r=g\",\"caption\":\"Unitat d'Aran\"},\"sameAs\":[\"https:\\\/\\\/new.unitatdaran.org\\\/\"],\"url\":\"https:\\\/\\\/unitatdaran.org\\\/ca\\\/author\\\/admin\\\/\"}]}<\/script>\n<!-- \/ Yoast SEO plugin. -->","yoast_head_json":{"title":"Entrevista a Oriol Sala - Unitat d'Aran","robots":{"index":"index","follow":"follow","max-snippet":"max-snippet:-1","max-image-preview":"max-image-preview:large","max-video-preview":"max-video-preview:-1"},"canonical":"https:\/\/unitatdaran.org\/ca\/eleccions-2019\/entrevista-a-oriol-sala-es\/","og_locale":"ca_ES","og_type":"article","og_title":"Entrevista a Oriol Sala - Unitat d'Aran","og_description":"\u00bfQu\u00e9 te impulsa a volver a presentarte como candidato para la alcald\u00eda de Vilam\u00f2s y Era Bordeta? Volver a presentarme para la alcald\u00eda de mi municipio ha sido una decisi\u00f3n muy meditada y madurada, pienso que el municipio ha entrado en una buena din\u00e1mica, muy positiva para su ciudadan\u00eda y ahora es necesario dar continuidad. [&hellip;]","og_url":"https:\/\/unitatdaran.org\/ca\/eleccions-2019\/entrevista-a-oriol-sala-es\/","og_site_name":"Unitat d'Aran","article_publisher":"https:\/\/www.facebook.com\/UnitatAran","article_published_time":"2023-04-11T13:47:38+00:00","article_modified_time":"2023-04-11T18:22:08+00:00","author":"Unitat d'Aran","twitter_card":"summary_large_image","twitter_creator":"@unitatdaran","twitter_site":"@unitatdaran","twitter_misc":{"Escrit per":"Unitat d'Aran","Temps estimat de lectura":"5 minuts"},"schema":{"@context":"https:\/\/schema.org","@graph":[{"@type":"Article","@id":"https:\/\/unitatdaran.org\/ca\/eleccions-2019\/entrevista-a-oriol-sala-es\/#article","isPartOf":{"@id":"https:\/\/unitatdaran.org\/ca\/eleccions-2019\/entrevista-a-oriol-sala-es\/"},"author":{"name":"Unitat d'Aran","@id":"https:\/\/unitatdaran.org\/ca\/#\/schema\/person\/2870f7a03282b9bf0e435870415e61bb"},"headline":"Entrevista a Oriol Sala","datePublished":"2023-04-11T13:47:38+00:00","dateModified":"2023-04-11T18:22:08+00:00","mainEntityOfPage":{"@id":"https:\/\/unitatdaran.org\/ca\/eleccions-2019\/entrevista-a-oriol-sala-es\/"},"wordCount":851,"commentCount":0,"publisher":{"@id":"https:\/\/unitatdaran.org\/ca\/#organization"},"articleSection":["Eleccions Municipaus e Conselh Generau 2019"],"inLanguage":"ca","potentialAction":[{"@type":"CommentAction","name":"Comment","target":["https:\/\/unitatdaran.org\/ca\/eleccions-2019\/entrevista-a-oriol-sala-es\/#respond"]}]},{"@type":"WebPage","@id":"https:\/\/unitatdaran.org\/ca\/eleccions-2019\/entrevista-a-oriol-sala-es\/","url":"https:\/\/unitatdaran.org\/ca\/eleccions-2019\/entrevista-a-oriol-sala-es\/","name":"Entrevista a Oriol Sala - Unitat d'Aran","isPartOf":{"@id":"https:\/\/unitatdaran.org\/ca\/#website"},"datePublished":"2023-04-11T13:47:38+00:00","dateModified":"2023-04-11T18:22:08+00:00","breadcrumb":{"@id":"https:\/\/unitatdaran.org\/ca\/eleccions-2019\/entrevista-a-oriol-sala-es\/#breadcrumb"},"inLanguage":"ca","potentialAction":[{"@type":"ReadAction","target":["https:\/\/unitatdaran.org\/ca\/eleccions-2019\/entrevista-a-oriol-sala-es\/"]}]},{"@type":"BreadcrumbList","@id":"https:\/\/unitatdaran.org\/ca\/eleccions-2019\/entrevista-a-oriol-sala-es\/#breadcrumb","itemListElement":[{"@type":"ListItem","position":1,"name":"Eleccions Municipals i Conselh Generau 2019","item":"https:\/\/unitatdaran.org\/ca\/category\/eleccions-2019-ca\/"},{"@type":"ListItem","position":2,"name":"Entrevista a Oriol Sala"}]},{"@type":"WebSite","@id":"https:\/\/unitatdaran.org\/ca\/#website","url":"https:\/\/unitatdaran.org\/ca\/","name":"Unitat d'Aran","description":" El nostre projecte \u00e9s Aran. Aran ets tu","publisher":{"@id":"https:\/\/unitatdaran.org\/ca\/#organization"},"potentialAction":[{"@type":"SearchAction","target":{"@type":"EntryPoint","urlTemplate":"https:\/\/unitatdaran.org\/ca\/?s={search_term_string}"},"query-input":{"@type":"PropertyValueSpecification","valueRequired":true,"valueName":"search_term_string"}}],"inLanguage":"ca"},{"@type":"Organization","@id":"https:\/\/unitatdaran.org\/ca\/#organization","name":"Unitat d'Aran","url":"https:\/\/unitatdaran.org\/ca\/","logo":{"@type":"ImageObject","inLanguage":"ca","@id":"https:\/\/unitatdaran.org\/ca\/#\/schema\/logo\/image\/","url":"https:\/\/i0.wp.com\/unitatdaran.org\/wp-content\/uploads\/2021\/11\/logo.png?fit=2000%2C539&ssl=1","contentUrl":"https:\/\/i0.wp.com\/unitatdaran.org\/wp-content\/uploads\/2021\/11\/logo.png?fit=2000%2C539&ssl=1","width":2000,"height":539,"caption":"Unitat d'Aran"},"image":{"@id":"https:\/\/unitatdaran.org\/ca\/#\/schema\/logo\/image\/"},"sameAs":["https:\/\/www.facebook.com\/UnitatAran","https:\/\/x.com\/unitatdaran","https:\/\/instagram.com\/unitataran"]},{"@type":"Person","@id":"https:\/\/unitatdaran.org\/ca\/#\/schema\/person\/2870f7a03282b9bf0e435870415e61bb","name":"Unitat d'Aran","image":{"@type":"ImageObject","inLanguage":"ca","@id":"https:\/\/secure.gravatar.com\/avatar\/bf8ef486d5842532d01c628a95d185dd5db38b0695bc63daa960f6506181b798?s=96&d=mm&r=g","url":"https:\/\/secure.gravatar.com\/avatar\/bf8ef486d5842532d01c628a95d185dd5db38b0695bc63daa960f6506181b798?s=96&d=mm&r=g","contentUrl":"https:\/\/secure.gravatar.com\/avatar\/bf8ef486d5842532d01c628a95d185dd5db38b0695bc63daa960f6506181b798?s=96&d=mm&r=g","caption":"Unitat d'Aran"},"sameAs":["https:\/\/new.unitatdaran.org\/"],"url":"https:\/\/unitatdaran.org\/ca\/author\/admin\/"}]}},"jetpack_featured_media_url":"","jetpack_sharing_enabled":true,"_links":{"self":[{"href":"https:\/\/unitatdaran.org\/ca\/wp-json\/wp\/v2\/posts\/11623","targetHints":{"allow":["GET"]}}],"collection":[{"href":"https:\/\/unitatdaran.org\/ca\/wp-json\/wp\/v2\/posts"}],"about":[{"href":"https:\/\/unitatdaran.org\/ca\/wp-json\/wp\/v2\/types\/post"}],"author":[{"embeddable":true,"href":"https:\/\/unitatdaran.org\/ca\/wp-json\/wp\/v2\/users\/1"}],"replies":[{"embeddable":true,"href":"https:\/\/unitatdaran.org\/ca\/wp-json\/wp\/v2\/comments?post=11623"}],"version-history":[{"count":3,"href":"https:\/\/unitatdaran.org\/ca\/wp-json\/wp\/v2\/posts\/11623\/revisions"}],"predecessor-version":[{"id":11655,"href":"https:\/\/unitatdaran.org\/ca\/wp-json\/wp\/v2\/posts\/11623\/revisions\/11655"}],"wp:attachment":[{"href":"https:\/\/unitatdaran.org\/ca\/wp-json\/wp\/v2\/media?parent=11623"}],"wp:term":[{"taxonomy":"category","embeddable":true,"href":"https:\/\/unitatdaran.org\/ca\/wp-json\/wp\/v2\/categories?post=11623"},{"taxonomy":"post_tag","embeddable":true,"href":"https:\/\/unitatdaran.org\/ca\/wp-json\/wp\/v2\/tags?post=11623"}],"curies":[{"name":"wp","href":"https:\/\/api.w.org\/{rel}","templated":true}]}}