{"id":11618,"date":"2023-04-11T13:45:16","date_gmt":"2023-04-11T13:45:16","guid":{"rendered":"https:\/\/unitatdaran.org\/?p=11618"},"modified":"2023-04-12T11:02:03","modified_gmt":"2023-04-12T11:02:03","slug":"entrevista-a-juan-antonio-serrano-es","status":"publish","type":"post","link":"https:\/\/unitatdaran.org\/ca\/eleccions-2019\/entrevista-a-juan-antonio-serrano-es\/","title":{"rendered":"Entrevista a Juan Antonio Serrano"},"content":{"rendered":"\n<h2 class=\"wp-block-heading\">\u00bfQu\u00e9 te impulsa a volver a presentarte como candidato a la alcald\u00eda de Vielha e Mijaran?<\/h2>\n\n\n\n<p>Vuelo a presentarme con las mimas ganas e ilusi\u00f3n que en la primera legislatura. Durante estos a\u00f1os he tenido un equipo formidable con el que hemos trabajado intensamente, buscando el bien de la ciudadan\u00eda de Vielha e Mijaran y a\u00fan nos faltan cosas por hacer, proyectos con los que queremos posicionas nuestro municipio como un territorio de alta monta\u00f1a de referencia y colocar a Vielha e Mijaran en el lugar que se merece.<\/p>\n\n\n\n<h2 class=\"wp-block-heading\">Cuando llegaste en 2019 a la alcald\u00eda, te esperabas que la legislatura ser\u00eda as\u00ed?<\/h2>\n\n\n\n<p>Hemos vivido una legislatura muy complicada, marcada por una pandemia mundial, provocada por la COVID-19, donde hemos tenido que aprontar problemas que nunca hubi\u00e9ramos imaginado y donde la prioridad era proteger a la ciudan\u00eda, alterando el trabajo que podr\u00edamos haber realizado y retrasando mucho los proyectos que ten\u00edamos para Vielha e Mijaran. Aun as\u00ed, gracias el esfuerzo tanto de mi equipo como de todo el personal administrativo y t\u00e9cnico, en los \u00faltimos a\u00f1os hemos podido llevar a cabo muchas actuaciones previstas y convertirlas en una realidad.<\/p>\n\n\n\n<h2 class=\"wp-block-heading\">\u00bfCuales consideras que son los principales retos que tiene que encarar Vielha e Mijaran en los pr\u00f3ximos a\u00f1os?<\/h2>\n\n\n\n<p>En los \u00faltimos a\u00f1os la vida ha cambiado y evolucionado mucho y Vielha e Mijaran tiene que dar un paso adelante con firmeza para acabar de definirse como ciudad, se ha trabajado para incrementar los servicios que ofrecemos, los equipamientos, mejorar la calidad de vida de las personas, su econom\u00eda y ahora es el momento de acabar de consolidar todo esto que hemos conseguido durante estos a\u00f1os para convertirse en un referente en el Pirineo.<\/p>\n\n\n\n<h2 class=\"wp-block-heading\">\u00bfQu\u00e9 l\u00edneas estrat\u00e9gicas plantea Unitat d\u2019Aran en Vielha e Mijaran para afrontar estos retos de futuro?&nbsp;<\/h2>\n\n\n\n<p>El reto principal que nos planteamos es dar una respuesta inmediata a la problem\u00e1tica actual que tenemos con la vivienda. En estos a\u00f1os hemos trabajado para limitar las viviendas de uso tur\u00edsticos que sacan del mercado pisos que se podr\u00edan alquilar a familias, trabajadores y j\u00f3venes, tambi\u00e9n hemos puesto a disposici\u00f3n terrenos municipales para la construcci\u00f3n de vivienda social y protegida, tanto a la Generalitat de Catalunya como a promotores. Otro reto que tenemos en el municipio es definir el futuro del terreno del parking de los militares. Somos muy conscientes de la importancia que tiene toda esta zona para revitalizar la econom\u00eda de Vielha e Mijaran y tenemos que ser capaces desde el municipio de marcar las estrategias de futuro que permiten un crecimiento de Vielha equilibrado y que cubra las necesidades que tenemos, tanto en materia de vivienda como de infraestructuras y espacios p\u00fablicos. Y, en definitiva y en \u00faltimo lugar, pienso que tenemos que ofrecer soluciones y mejorar toda la red de aguas de todos los pueblos de Vielha e Mijaran, junto con sus dep\u00f3sitos, un servicio que es esencial y b\u00e1sico para toda la ciudadan\u00eda, en el cual hemos hecho inversiones en los \u00faltimos 8 a\u00f1os, pero es necesario acabar de dar soluciones definitivas.<\/p>\n\n\n\n<h2 class=\"wp-block-heading\">\u00bfQu\u00e9 puede aportar la candidatura de Unitat d\u2019Aran al municipio respecto a otros grupos pol\u00edticos?<\/h2>\n\n\n\n<p>Nuestra candidatura, principalmente, aporta experiencia y solvencia. En los \u00faltimos a\u00f1os, el funcionamiento de las administraciones p\u00fablicas a cambiado mucho y somos la garant\u00eda de poder seguir avanzando y que Vielha e Mijaran no quede atr\u00e1s. Tenemos proyectos y contamos con el equipo solvente y trabajador que tiene como prioridad avanzar y es necesario una continuidad para que el municipio no se estanque y pierda el tren del futuro.<\/p>\n\n\n\n<h2 class=\"wp-block-heading\">Un deseo<\/h2>\n\n\n\n<p>Mi deseo es que Vielha e Mijaran sea todo un ejemplo de ciudad de alta monta\u00f1a, de crecimiento econ\u00f3mico, de servicios p\u00fablicos, donde la ciudadan\u00eda pueda vivir, emprender, disfrutar y crecer como personas. Ya somos un ejemplo de municipio integrador y cosmopolita, con capacidad de acogida donde muchas personas han venido buscando una oportunidad y, gracias a ellos y ellas, seguimos creciendo como ciudad.&nbsp;<\/p>\n","protected":false},"excerpt":{"rendered":"<p>\u00bfQu\u00e9 te impulsa a volver a presentarte como candidato a la alcald\u00eda de Vielha e Mijaran? Vuelo a presentarme con las mimas ganas e ilusi\u00f3n que en la primera legislatura. Durante estos a\u00f1os he tenido un equipo formidable con el que hemos trabajado intensamente, buscando el bien de la ciudadan\u00eda de Vielha e Mijaran y [&hellip;]<\/p>\n","protected":false},"author":1,"featured_media":0,"comment_status":"open","ping_status":"open","sticky":false,"template":"","format":"standard","meta":{"_acf_changed":false,"_jetpack_memberships_contains_paid_content":false,"footnotes":""},"categories":[4],"tags":[],"class_list":["post-11618","post","type-post","status-publish","format-standard","hentry","category-eleccions-2019"],"acf":[],"yoast_head":"<!-- This site is optimized with the Yoast SEO plugin v27.5 - https:\/\/yoast.com\/product\/yoast-seo-wordpress\/ -->\n<title>Entrevista a Juan Antonio Serrano - Unitat d&#039;Aran<\/title>\n<meta name=\"robots\" content=\"index, follow, max-snippet:-1, max-image-preview:large, max-video-preview:-1\" \/>\n<link rel=\"canonical\" href=\"https:\/\/unitatdaran.org\/ca\/eleccions-2019\/entrevista-a-juan-antonio-serrano-es\/\" \/>\n<meta property=\"og:locale\" content=\"ca_ES\" \/>\n<meta property=\"og:type\" content=\"article\" \/>\n<meta property=\"og:title\" content=\"Entrevista a Juan Antonio Serrano - Unitat d&#039;Aran\" \/>\n<meta property=\"og:description\" content=\"\u00bfQu\u00e9 te impulsa a volver a presentarte como candidato a la alcald\u00eda de Vielha e Mijaran? Vuelo a presentarme con las mimas ganas e ilusi\u00f3n que en la primera legislatura. Durante estos a\u00f1os he tenido un equipo formidable con el que hemos trabajado intensamente, buscando el bien de la ciudadan\u00eda de Vielha e Mijaran y [&hellip;]\" \/>\n<meta property=\"og:url\" content=\"https:\/\/unitatdaran.org\/ca\/eleccions-2019\/entrevista-a-juan-antonio-serrano-es\/\" \/>\n<meta property=\"og:site_name\" content=\"Unitat d&#039;Aran\" \/>\n<meta property=\"article:publisher\" content=\"https:\/\/www.facebook.com\/UnitatAran\" \/>\n<meta property=\"article:published_time\" content=\"2023-04-11T13:45:16+00:00\" \/>\n<meta property=\"article:modified_time\" content=\"2023-04-12T11:02:03+00:00\" \/>\n<meta name=\"author\" content=\"Unitat d&#039;Aran\" \/>\n<meta name=\"twitter:card\" content=\"summary_large_image\" \/>\n<meta name=\"twitter:creator\" content=\"@unitatdaran\" \/>\n<meta name=\"twitter:site\" content=\"@unitatdaran\" \/>\n<meta name=\"twitter:label1\" content=\"Escrit per\" \/>\n\t<meta name=\"twitter:data1\" content=\"Unitat d&#039;Aran\" \/>\n\t<meta name=\"twitter:label2\" content=\"Temps estimat de lectura\" \/>\n\t<meta name=\"twitter:data2\" content=\"4 minuts\" \/>\n<script type=\"application\/ld+json\" class=\"yoast-schema-graph\">{\"@context\":\"https:\\\/\\\/schema.org\",\"@graph\":[{\"@type\":\"Article\",\"@id\":\"https:\\\/\\\/unitatdaran.org\\\/ca\\\/eleccions-2019\\\/entrevista-a-juan-antonio-serrano-es\\\/#article\",\"isPartOf\":{\"@id\":\"https:\\\/\\\/unitatdaran.org\\\/ca\\\/eleccions-2019\\\/entrevista-a-juan-antonio-serrano-es\\\/\"},\"author\":{\"name\":\"Unitat d'Aran\",\"@id\":\"https:\\\/\\\/unitatdaran.org\\\/ca\\\/#\\\/schema\\\/person\\\/2870f7a03282b9bf0e435870415e61bb\"},\"headline\":\"Entrevista a Juan Antonio Serrano\",\"datePublished\":\"2023-04-11T13:45:16+00:00\",\"dateModified\":\"2023-04-12T11:02:03+00:00\",\"mainEntityOfPage\":{\"@id\":\"https:\\\/\\\/unitatdaran.org\\\/ca\\\/eleccions-2019\\\/entrevista-a-juan-antonio-serrano-es\\\/\"},\"wordCount\":707,\"commentCount\":0,\"publisher\":{\"@id\":\"https:\\\/\\\/unitatdaran.org\\\/ca\\\/#organization\"},\"articleSection\":[\"Eleccions Municipaus e Conselh Generau 2019\"],\"inLanguage\":\"ca\",\"potentialAction\":[{\"@type\":\"CommentAction\",\"name\":\"Comment\",\"target\":[\"https:\\\/\\\/unitatdaran.org\\\/ca\\\/eleccions-2019\\\/entrevista-a-juan-antonio-serrano-es\\\/#respond\"]}]},{\"@type\":\"WebPage\",\"@id\":\"https:\\\/\\\/unitatdaran.org\\\/ca\\\/eleccions-2019\\\/entrevista-a-juan-antonio-serrano-es\\\/\",\"url\":\"https:\\\/\\\/unitatdaran.org\\\/ca\\\/eleccions-2019\\\/entrevista-a-juan-antonio-serrano-es\\\/\",\"name\":\"Entrevista a Juan Antonio Serrano - Unitat d'Aran\",\"isPartOf\":{\"@id\":\"https:\\\/\\\/unitatdaran.org\\\/ca\\\/#website\"},\"datePublished\":\"2023-04-11T13:45:16+00:00\",\"dateModified\":\"2023-04-12T11:02:03+00:00\",\"breadcrumb\":{\"@id\":\"https:\\\/\\\/unitatdaran.org\\\/ca\\\/eleccions-2019\\\/entrevista-a-juan-antonio-serrano-es\\\/#breadcrumb\"},\"inLanguage\":\"ca\",\"potentialAction\":[{\"@type\":\"ReadAction\",\"target\":[\"https:\\\/\\\/unitatdaran.org\\\/ca\\\/eleccions-2019\\\/entrevista-a-juan-antonio-serrano-es\\\/\"]}]},{\"@type\":\"BreadcrumbList\",\"@id\":\"https:\\\/\\\/unitatdaran.org\\\/ca\\\/eleccions-2019\\\/entrevista-a-juan-antonio-serrano-es\\\/#breadcrumb\",\"itemListElement\":[{\"@type\":\"ListItem\",\"position\":1,\"name\":\"Eleccions Municipals i Conselh Generau 2019\",\"item\":\"https:\\\/\\\/unitatdaran.org\\\/ca\\\/category\\\/eleccions-2019-ca\\\/\"},{\"@type\":\"ListItem\",\"position\":2,\"name\":\"Entrevista a Juan Antonio Serrano\"}]},{\"@type\":\"WebSite\",\"@id\":\"https:\\\/\\\/unitatdaran.org\\\/ca\\\/#website\",\"url\":\"https:\\\/\\\/unitatdaran.org\\\/ca\\\/\",\"name\":\"Unitat d'Aran\",\"description\":\" El nostre projecte \u00e9s Aran. Aran ets tu\",\"publisher\":{\"@id\":\"https:\\\/\\\/unitatdaran.org\\\/ca\\\/#organization\"},\"potentialAction\":[{\"@type\":\"SearchAction\",\"target\":{\"@type\":\"EntryPoint\",\"urlTemplate\":\"https:\\\/\\\/unitatdaran.org\\\/ca\\\/?s={search_term_string}\"},\"query-input\":{\"@type\":\"PropertyValueSpecification\",\"valueRequired\":true,\"valueName\":\"search_term_string\"}}],\"inLanguage\":\"ca\"},{\"@type\":\"Organization\",\"@id\":\"https:\\\/\\\/unitatdaran.org\\\/ca\\\/#organization\",\"name\":\"Unitat d'Aran\",\"url\":\"https:\\\/\\\/unitatdaran.org\\\/ca\\\/\",\"logo\":{\"@type\":\"ImageObject\",\"inLanguage\":\"ca\",\"@id\":\"https:\\\/\\\/unitatdaran.org\\\/ca\\\/#\\\/schema\\\/logo\\\/image\\\/\",\"url\":\"https:\\\/\\\/i0.wp.com\\\/unitatdaran.org\\\/wp-content\\\/uploads\\\/2021\\\/11\\\/logo.png?fit=2000%2C539&ssl=1\",\"contentUrl\":\"https:\\\/\\\/i0.wp.com\\\/unitatdaran.org\\\/wp-content\\\/uploads\\\/2021\\\/11\\\/logo.png?fit=2000%2C539&ssl=1\",\"width\":2000,\"height\":539,\"caption\":\"Unitat d'Aran\"},\"image\":{\"@id\":\"https:\\\/\\\/unitatdaran.org\\\/ca\\\/#\\\/schema\\\/logo\\\/image\\\/\"},\"sameAs\":[\"https:\\\/\\\/www.facebook.com\\\/UnitatAran\",\"https:\\\/\\\/x.com\\\/unitatdaran\",\"https:\\\/\\\/instagram.com\\\/unitataran\"]},{\"@type\":\"Person\",\"@id\":\"https:\\\/\\\/unitatdaran.org\\\/ca\\\/#\\\/schema\\\/person\\\/2870f7a03282b9bf0e435870415e61bb\",\"name\":\"Unitat d'Aran\",\"image\":{\"@type\":\"ImageObject\",\"inLanguage\":\"ca\",\"@id\":\"https:\\\/\\\/secure.gravatar.com\\\/avatar\\\/bf8ef486d5842532d01c628a95d185dd5db38b0695bc63daa960f6506181b798?s=96&d=mm&r=g\",\"url\":\"https:\\\/\\\/secure.gravatar.com\\\/avatar\\\/bf8ef486d5842532d01c628a95d185dd5db38b0695bc63daa960f6506181b798?s=96&d=mm&r=g\",\"contentUrl\":\"https:\\\/\\\/secure.gravatar.com\\\/avatar\\\/bf8ef486d5842532d01c628a95d185dd5db38b0695bc63daa960f6506181b798?s=96&d=mm&r=g\",\"caption\":\"Unitat d'Aran\"},\"sameAs\":[\"https:\\\/\\\/new.unitatdaran.org\\\/\"],\"url\":\"https:\\\/\\\/unitatdaran.org\\\/ca\\\/author\\\/admin\\\/\"}]}<\/script>\n<!-- \/ Yoast SEO plugin. -->","yoast_head_json":{"title":"Entrevista a Juan Antonio Serrano - Unitat d'Aran","robots":{"index":"index","follow":"follow","max-snippet":"max-snippet:-1","max-image-preview":"max-image-preview:large","max-video-preview":"max-video-preview:-1"},"canonical":"https:\/\/unitatdaran.org\/ca\/eleccions-2019\/entrevista-a-juan-antonio-serrano-es\/","og_locale":"ca_ES","og_type":"article","og_title":"Entrevista a Juan Antonio Serrano - Unitat d'Aran","og_description":"\u00bfQu\u00e9 te impulsa a volver a presentarte como candidato a la alcald\u00eda de Vielha e Mijaran? Vuelo a presentarme con las mimas ganas e ilusi\u00f3n que en la primera legislatura. Durante estos a\u00f1os he tenido un equipo formidable con el que hemos trabajado intensamente, buscando el bien de la ciudadan\u00eda de Vielha e Mijaran y [&hellip;]","og_url":"https:\/\/unitatdaran.org\/ca\/eleccions-2019\/entrevista-a-juan-antonio-serrano-es\/","og_site_name":"Unitat d'Aran","article_publisher":"https:\/\/www.facebook.com\/UnitatAran","article_published_time":"2023-04-11T13:45:16+00:00","article_modified_time":"2023-04-12T11:02:03+00:00","author":"Unitat d'Aran","twitter_card":"summary_large_image","twitter_creator":"@unitatdaran","twitter_site":"@unitatdaran","twitter_misc":{"Escrit per":"Unitat d'Aran","Temps estimat de lectura":"4 minuts"},"schema":{"@context":"https:\/\/schema.org","@graph":[{"@type":"Article","@id":"https:\/\/unitatdaran.org\/ca\/eleccions-2019\/entrevista-a-juan-antonio-serrano-es\/#article","isPartOf":{"@id":"https:\/\/unitatdaran.org\/ca\/eleccions-2019\/entrevista-a-juan-antonio-serrano-es\/"},"author":{"name":"Unitat d'Aran","@id":"https:\/\/unitatdaran.org\/ca\/#\/schema\/person\/2870f7a03282b9bf0e435870415e61bb"},"headline":"Entrevista a Juan Antonio Serrano","datePublished":"2023-04-11T13:45:16+00:00","dateModified":"2023-04-12T11:02:03+00:00","mainEntityOfPage":{"@id":"https:\/\/unitatdaran.org\/ca\/eleccions-2019\/entrevista-a-juan-antonio-serrano-es\/"},"wordCount":707,"commentCount":0,"publisher":{"@id":"https:\/\/unitatdaran.org\/ca\/#organization"},"articleSection":["Eleccions Municipaus e Conselh Generau 2019"],"inLanguage":"ca","potentialAction":[{"@type":"CommentAction","name":"Comment","target":["https:\/\/unitatdaran.org\/ca\/eleccions-2019\/entrevista-a-juan-antonio-serrano-es\/#respond"]}]},{"@type":"WebPage","@id":"https:\/\/unitatdaran.org\/ca\/eleccions-2019\/entrevista-a-juan-antonio-serrano-es\/","url":"https:\/\/unitatdaran.org\/ca\/eleccions-2019\/entrevista-a-juan-antonio-serrano-es\/","name":"Entrevista a Juan Antonio Serrano - Unitat d'Aran","isPartOf":{"@id":"https:\/\/unitatdaran.org\/ca\/#website"},"datePublished":"2023-04-11T13:45:16+00:00","dateModified":"2023-04-12T11:02:03+00:00","breadcrumb":{"@id":"https:\/\/unitatdaran.org\/ca\/eleccions-2019\/entrevista-a-juan-antonio-serrano-es\/#breadcrumb"},"inLanguage":"ca","potentialAction":[{"@type":"ReadAction","target":["https:\/\/unitatdaran.org\/ca\/eleccions-2019\/entrevista-a-juan-antonio-serrano-es\/"]}]},{"@type":"BreadcrumbList","@id":"https:\/\/unitatdaran.org\/ca\/eleccions-2019\/entrevista-a-juan-antonio-serrano-es\/#breadcrumb","itemListElement":[{"@type":"ListItem","position":1,"name":"Eleccions Municipals i Conselh Generau 2019","item":"https:\/\/unitatdaran.org\/ca\/category\/eleccions-2019-ca\/"},{"@type":"ListItem","position":2,"name":"Entrevista a Juan Antonio Serrano"}]},{"@type":"WebSite","@id":"https:\/\/unitatdaran.org\/ca\/#website","url":"https:\/\/unitatdaran.org\/ca\/","name":"Unitat d'Aran","description":" El nostre projecte \u00e9s Aran. Aran ets tu","publisher":{"@id":"https:\/\/unitatdaran.org\/ca\/#organization"},"potentialAction":[{"@type":"SearchAction","target":{"@type":"EntryPoint","urlTemplate":"https:\/\/unitatdaran.org\/ca\/?s={search_term_string}"},"query-input":{"@type":"PropertyValueSpecification","valueRequired":true,"valueName":"search_term_string"}}],"inLanguage":"ca"},{"@type":"Organization","@id":"https:\/\/unitatdaran.org\/ca\/#organization","name":"Unitat d'Aran","url":"https:\/\/unitatdaran.org\/ca\/","logo":{"@type":"ImageObject","inLanguage":"ca","@id":"https:\/\/unitatdaran.org\/ca\/#\/schema\/logo\/image\/","url":"https:\/\/i0.wp.com\/unitatdaran.org\/wp-content\/uploads\/2021\/11\/logo.png?fit=2000%2C539&ssl=1","contentUrl":"https:\/\/i0.wp.com\/unitatdaran.org\/wp-content\/uploads\/2021\/11\/logo.png?fit=2000%2C539&ssl=1","width":2000,"height":539,"caption":"Unitat d'Aran"},"image":{"@id":"https:\/\/unitatdaran.org\/ca\/#\/schema\/logo\/image\/"},"sameAs":["https:\/\/www.facebook.com\/UnitatAran","https:\/\/x.com\/unitatdaran","https:\/\/instagram.com\/unitataran"]},{"@type":"Person","@id":"https:\/\/unitatdaran.org\/ca\/#\/schema\/person\/2870f7a03282b9bf0e435870415e61bb","name":"Unitat d'Aran","image":{"@type":"ImageObject","inLanguage":"ca","@id":"https:\/\/secure.gravatar.com\/avatar\/bf8ef486d5842532d01c628a95d185dd5db38b0695bc63daa960f6506181b798?s=96&d=mm&r=g","url":"https:\/\/secure.gravatar.com\/avatar\/bf8ef486d5842532d01c628a95d185dd5db38b0695bc63daa960f6506181b798?s=96&d=mm&r=g","contentUrl":"https:\/\/secure.gravatar.com\/avatar\/bf8ef486d5842532d01c628a95d185dd5db38b0695bc63daa960f6506181b798?s=96&d=mm&r=g","caption":"Unitat d'Aran"},"sameAs":["https:\/\/new.unitatdaran.org\/"],"url":"https:\/\/unitatdaran.org\/ca\/author\/admin\/"}]}},"jetpack_featured_media_url":"","jetpack_sharing_enabled":true,"_links":{"self":[{"href":"https:\/\/unitatdaran.org\/ca\/wp-json\/wp\/v2\/posts\/11618","targetHints":{"allow":["GET"]}}],"collection":[{"href":"https:\/\/unitatdaran.org\/ca\/wp-json\/wp\/v2\/posts"}],"about":[{"href":"https:\/\/unitatdaran.org\/ca\/wp-json\/wp\/v2\/types\/post"}],"author":[{"embeddable":true,"href":"https:\/\/unitatdaran.org\/ca\/wp-json\/wp\/v2\/users\/1"}],"replies":[{"embeddable":true,"href":"https:\/\/unitatdaran.org\/ca\/wp-json\/wp\/v2\/comments?post=11618"}],"version-history":[{"count":2,"href":"https:\/\/unitatdaran.org\/ca\/wp-json\/wp\/v2\/posts\/11618\/revisions"}],"predecessor-version":[{"id":11689,"href":"https:\/\/unitatdaran.org\/ca\/wp-json\/wp\/v2\/posts\/11618\/revisions\/11689"}],"wp:attachment":[{"href":"https:\/\/unitatdaran.org\/ca\/wp-json\/wp\/v2\/media?parent=11618"}],"wp:term":[{"taxonomy":"category","embeddable":true,"href":"https:\/\/unitatdaran.org\/ca\/wp-json\/wp\/v2\/categories?post=11618"},{"taxonomy":"post_tag","embeddable":true,"href":"https:\/\/unitatdaran.org\/ca\/wp-json\/wp\/v2\/tags?post=11618"}],"curies":[{"name":"wp","href":"https:\/\/api.w.org\/{rel}","templated":true}]}}