{"id":11617,"date":"2023-04-11T13:45:40","date_gmt":"2023-04-11T13:45:40","guid":{"rendered":"https:\/\/unitatdaran.org\/?p=11617"},"modified":"2023-04-12T11:02:18","modified_gmt":"2023-04-12T11:02:18","slug":"entrevista-a-juan-antonio-serrano-cat","status":"publish","type":"post","link":"https:\/\/unitatdaran.org\/ca\/eleccions-2019\/entrevista-a-juan-antonio-serrano-cat\/","title":{"rendered":"Entrevista a Juan Antonio Serrano"},"content":{"rendered":"\n<h2 class=\"wp-block-heading\">Qu\u00e8 t&#8217;impulsa a tornar a presentar-te com a candidat a l&#8217;alcaldia de Vielha e Mijaran?<\/h2>\n\n\n\n<p>Vol a presentar-me amb les acarones ganes i il\u00b7lusi\u00f3 que en la primera legislatura. Durant aquests anys he tingut un equip formidable amb el qual hem treballat intensament, buscant el b\u00e9 de la ciutadania de Vielha e Mijaran i encara ens falten coses per fer, projectes amb els quals volem posiciones el nostre municipi com un territori d&#8217;alta muntanya de refer\u00e8ncia i col\u00b7locar a Vielha e Mijaran en el lloc que es mereix.<\/p>\n\n\n\n<h2 class=\"wp-block-heading\">Quan vas arribar en 2019 a l&#8217;alcaldia, t&#8217;esperaves que la legislatura seria aix\u00ed?<\/h2>\n\n\n\n<p>Hem viscut una legislatura molt complicada, marcada per una pand\u00e8mia mundial, provocada per la COVID-19, on hem hagut d&#8217;afrontar problemes que mai hagu\u00e9ssim imaginat i on la prioritat era protegir la ciutadania, alterant el treball que podr\u00edem haver realitzat i retardant molt els projectes que ten\u00edem per a Vielha e Mijaran. Aix\u00ed i tot, gr\u00e0cies l&#8217;esfor\u00e7 tant del meu equip com de tot el personal administratiu i t\u00e8cnic, en els \u00faltims anys hem pogut dur a terme moltes actuacions previstes i convertir-les en una realitat.<\/p>\n\n\n\n<h2 class=\"wp-block-heading\">Quals consideres que s\u00f3n els principals reptes que ha d&#8217;encarar Vielha e Mijaran en els pr\u00f2xims anys?<\/h2>\n\n\n\n<p>En els \u00faltims anys la vida ha canviat i evolucionat molt i Vielha e Mijaran ha de fer un pas endavant amb fermesa per a acabar de definir-se com a ciutat, s&#8217;ha treballat per a incrementar els serveis que oferim, els equipaments, millorar la qualitat de vida de les persones, la seva economia i ara \u00e9s el moment d&#8217;acabar de consolidar tot aix\u00f2 que hem aconseguit durant aquests anys per a convertir-se en un referent al Pirineu.<\/p>\n\n\n\n<h2 class=\"wp-block-heading\">Quines l\u00ednies estrat\u00e8giques planteja Unitat d\u2019Aran a Vielha e Mijaran per a afrontar aquests reptes de futur?&nbsp;<\/h2>\n\n\n\n<p>El repte principal que ens plantegem \u00e9s donar una resposta immediata a la problem\u00e0tica actual que tenim amb l&#8217;habitatge. En aquests anys hem treballat per a limitar els habitatges d&#8217;\u00fas tur\u00edstics que treuen del mercat pisos que es podrien llogar a fam\u00edlies, treballadors i joves, tamb\u00e9 hem posat a disposici\u00f3 terrenys municipals per a la construcci\u00f3 d&#8217;habitatge social i protegit, tant a la Generalitat de Catalunya com a promotors. Un altre repte que tenim en el municipi \u00e9s definir el futur del terreny del p\u00e0rquing dels militars. Som molt conscients de la import\u00e0ncia que t\u00e9 tota aquesta zona per a revitalitzar l&#8217;economia de Vielha e Mijaran i hem de ser capaces des del municipi de marcar les estrat\u00e8gies de futur que permeten un creixement de Vielha equilibrat i que cobreixi les necessitats que tenim, tant en mat\u00e8ria d&#8217;habitatge com d&#8217;infraestructures i espais p\u00fablics. I, en definitiva i en \u00faltim lloc, penso que hem d&#8217;oferir solucions i millorar tota la xarxa d&#8217;aig\u00fces de tots els pobles de Vielha e Mijaran, juntament amb els seus dip\u00f2sits, un servei que \u00e9s essencial i b\u00e0sic per a tota la ciutadania, en el qual hem fet inversions en els \u00faltims 8 anys, per\u00f2 \u00e9s necessari acabar de donar solucions definitives.<\/p>\n\n\n\n<h2 class=\"wp-block-heading\">Qu\u00e8 pot aportar la candidatura de Unitat d\u2019Aran al municipi respecte a altres grups pol\u00edtics?<\/h2>\n\n\n\n<p>La nostra candidatura, principalment, aporta experi\u00e8ncia i solv\u00e8ncia. En els \u00faltims anys, el funcionament de les administracions p\u00fabliques a canviat molt i som la garantia de poder continuar avan\u00e7ant i que Vielha e Mijaran no quedi enrere. Tenim projectes i comptem amb l&#8217;equip solvent i treballador que t\u00e9 com a prioritat avan\u00e7ar i \u00e9s necessari una continu\u00eftat perqu\u00e8 el municipi no s&#8217;estanci i perdi el tren del futur.<\/p>\n\n\n\n<h2 class=\"wp-block-heading\">Un desig<\/h2>\n\n\n\n<p>El meu desig \u00e9s que Vielha e Mijaran sigui tot un exemple de ciutat d&#8217;alta muntanya, de creixement econ\u00f2mic, de serveis p\u00fablics, on la ciutadania pugui viure, emprendre, gaudir i cr\u00e9ixer com a persones. Ja som un exemple de municipi integrador i cosmopolita, amb capacitat d&#8217;acolliment on moltes persones han vingut buscant una oportunitat i, gr\u00e0cies a ells i elles, continuem creixent com a ciutat.<\/p>\n","protected":false},"excerpt":{"rendered":"<p>Qu\u00e8 t&#8217;impulsa a tornar a presentar-te com a candidat a l&#8217;alcaldia de Vielha e Mijaran? Vol a presentar-me amb les acarones ganes i il\u00b7lusi\u00f3 que en la primera legislatura. Durant aquests anys he tingut un equip formidable amb el qual hem treballat intensament, buscant el b\u00e9 de la ciutadania de Vielha e Mijaran i encara [&hellip;]<\/p>\n","protected":false},"author":1,"featured_media":0,"comment_status":"open","ping_status":"open","sticky":false,"template":"","format":"standard","meta":{"_acf_changed":false,"_jetpack_memberships_contains_paid_content":false,"footnotes":""},"categories":[4],"tags":[],"class_list":["post-11617","post","type-post","status-publish","format-standard","hentry","category-eleccions-2019"],"acf":[],"yoast_head":"<!-- This site is optimized with the Yoast SEO plugin v27.5 - https:\/\/yoast.com\/product\/yoast-seo-wordpress\/ -->\n<title>Entrevista a Juan Antonio Serrano - Unitat d&#039;Aran<\/title>\n<meta name=\"robots\" content=\"index, follow, max-snippet:-1, max-image-preview:large, max-video-preview:-1\" \/>\n<link rel=\"canonical\" href=\"https:\/\/unitatdaran.org\/ca\/eleccions-2019\/entrevista-a-juan-antonio-serrano-cat\/\" \/>\n<meta property=\"og:locale\" content=\"ca_ES\" \/>\n<meta property=\"og:type\" content=\"article\" \/>\n<meta property=\"og:title\" content=\"Entrevista a Juan Antonio Serrano - Unitat d&#039;Aran\" \/>\n<meta property=\"og:description\" content=\"Qu\u00e8 t&#8217;impulsa a tornar a presentar-te com a candidat a l&#8217;alcaldia de Vielha e Mijaran? Vol a presentar-me amb les acarones ganes i il\u00b7lusi\u00f3 que en la primera legislatura. Durant aquests anys he tingut un equip formidable amb el qual hem treballat intensament, buscant el b\u00e9 de la ciutadania de Vielha e Mijaran i encara [&hellip;]\" \/>\n<meta property=\"og:url\" content=\"https:\/\/unitatdaran.org\/ca\/eleccions-2019\/entrevista-a-juan-antonio-serrano-cat\/\" \/>\n<meta property=\"og:site_name\" content=\"Unitat d&#039;Aran\" \/>\n<meta property=\"article:publisher\" content=\"https:\/\/www.facebook.com\/UnitatAran\" \/>\n<meta property=\"article:published_time\" content=\"2023-04-11T13:45:40+00:00\" \/>\n<meta property=\"article:modified_time\" content=\"2023-04-12T11:02:18+00:00\" \/>\n<meta name=\"author\" content=\"Unitat d&#039;Aran\" \/>\n<meta name=\"twitter:card\" content=\"summary_large_image\" \/>\n<meta name=\"twitter:creator\" content=\"@unitatdaran\" \/>\n<meta name=\"twitter:site\" content=\"@unitatdaran\" \/>\n<meta name=\"twitter:label1\" content=\"Escrit per\" \/>\n\t<meta name=\"twitter:data1\" content=\"Unitat d&#039;Aran\" \/>\n\t<meta name=\"twitter:label2\" content=\"Temps estimat de lectura\" \/>\n\t<meta name=\"twitter:data2\" content=\"4 minuts\" \/>\n<script type=\"application\/ld+json\" class=\"yoast-schema-graph\">{\"@context\":\"https:\\\/\\\/schema.org\",\"@graph\":[{\"@type\":\"Article\",\"@id\":\"https:\\\/\\\/unitatdaran.org\\\/ca\\\/eleccions-2019\\\/entrevista-a-juan-antonio-serrano-cat\\\/#article\",\"isPartOf\":{\"@id\":\"https:\\\/\\\/unitatdaran.org\\\/ca\\\/eleccions-2019\\\/entrevista-a-juan-antonio-serrano-cat\\\/\"},\"author\":{\"name\":\"Unitat d'Aran\",\"@id\":\"https:\\\/\\\/unitatdaran.org\\\/ca\\\/#\\\/schema\\\/person\\\/2870f7a03282b9bf0e435870415e61bb\"},\"headline\":\"Entrevista a Juan Antonio Serrano\",\"datePublished\":\"2023-04-11T13:45:40+00:00\",\"dateModified\":\"2023-04-12T11:02:18+00:00\",\"mainEntityOfPage\":{\"@id\":\"https:\\\/\\\/unitatdaran.org\\\/ca\\\/eleccions-2019\\\/entrevista-a-juan-antonio-serrano-cat\\\/\"},\"wordCount\":715,\"commentCount\":0,\"publisher\":{\"@id\":\"https:\\\/\\\/unitatdaran.org\\\/ca\\\/#organization\"},\"articleSection\":[\"Eleccions Municipaus e Conselh Generau 2019\"],\"inLanguage\":\"ca\",\"potentialAction\":[{\"@type\":\"CommentAction\",\"name\":\"Comment\",\"target\":[\"https:\\\/\\\/unitatdaran.org\\\/ca\\\/eleccions-2019\\\/entrevista-a-juan-antonio-serrano-cat\\\/#respond\"]}]},{\"@type\":\"WebPage\",\"@id\":\"https:\\\/\\\/unitatdaran.org\\\/ca\\\/eleccions-2019\\\/entrevista-a-juan-antonio-serrano-cat\\\/\",\"url\":\"https:\\\/\\\/unitatdaran.org\\\/ca\\\/eleccions-2019\\\/entrevista-a-juan-antonio-serrano-cat\\\/\",\"name\":\"Entrevista a Juan Antonio Serrano - Unitat d'Aran\",\"isPartOf\":{\"@id\":\"https:\\\/\\\/unitatdaran.org\\\/ca\\\/#website\"},\"datePublished\":\"2023-04-11T13:45:40+00:00\",\"dateModified\":\"2023-04-12T11:02:18+00:00\",\"breadcrumb\":{\"@id\":\"https:\\\/\\\/unitatdaran.org\\\/ca\\\/eleccions-2019\\\/entrevista-a-juan-antonio-serrano-cat\\\/#breadcrumb\"},\"inLanguage\":\"ca\",\"potentialAction\":[{\"@type\":\"ReadAction\",\"target\":[\"https:\\\/\\\/unitatdaran.org\\\/ca\\\/eleccions-2019\\\/entrevista-a-juan-antonio-serrano-cat\\\/\"]}]},{\"@type\":\"BreadcrumbList\",\"@id\":\"https:\\\/\\\/unitatdaran.org\\\/ca\\\/eleccions-2019\\\/entrevista-a-juan-antonio-serrano-cat\\\/#breadcrumb\",\"itemListElement\":[{\"@type\":\"ListItem\",\"position\":1,\"name\":\"Eleccions Municipals i Conselh Generau 2019\",\"item\":\"https:\\\/\\\/unitatdaran.org\\\/ca\\\/category\\\/eleccions-2019-ca\\\/\"},{\"@type\":\"ListItem\",\"position\":2,\"name\":\"Entrevista a Juan Antonio Serrano\"}]},{\"@type\":\"WebSite\",\"@id\":\"https:\\\/\\\/unitatdaran.org\\\/ca\\\/#website\",\"url\":\"https:\\\/\\\/unitatdaran.org\\\/ca\\\/\",\"name\":\"Unitat d'Aran\",\"description\":\" El nostre projecte \u00e9s Aran. Aran ets tu\",\"publisher\":{\"@id\":\"https:\\\/\\\/unitatdaran.org\\\/ca\\\/#organization\"},\"potentialAction\":[{\"@type\":\"SearchAction\",\"target\":{\"@type\":\"EntryPoint\",\"urlTemplate\":\"https:\\\/\\\/unitatdaran.org\\\/ca\\\/?s={search_term_string}\"},\"query-input\":{\"@type\":\"PropertyValueSpecification\",\"valueRequired\":true,\"valueName\":\"search_term_string\"}}],\"inLanguage\":\"ca\"},{\"@type\":\"Organization\",\"@id\":\"https:\\\/\\\/unitatdaran.org\\\/ca\\\/#organization\",\"name\":\"Unitat d'Aran\",\"url\":\"https:\\\/\\\/unitatdaran.org\\\/ca\\\/\",\"logo\":{\"@type\":\"ImageObject\",\"inLanguage\":\"ca\",\"@id\":\"https:\\\/\\\/unitatdaran.org\\\/ca\\\/#\\\/schema\\\/logo\\\/image\\\/\",\"url\":\"https:\\\/\\\/i0.wp.com\\\/unitatdaran.org\\\/wp-content\\\/uploads\\\/2021\\\/11\\\/logo.png?fit=2000%2C539&ssl=1\",\"contentUrl\":\"https:\\\/\\\/i0.wp.com\\\/unitatdaran.org\\\/wp-content\\\/uploads\\\/2021\\\/11\\\/logo.png?fit=2000%2C539&ssl=1\",\"width\":2000,\"height\":539,\"caption\":\"Unitat d'Aran\"},\"image\":{\"@id\":\"https:\\\/\\\/unitatdaran.org\\\/ca\\\/#\\\/schema\\\/logo\\\/image\\\/\"},\"sameAs\":[\"https:\\\/\\\/www.facebook.com\\\/UnitatAran\",\"https:\\\/\\\/x.com\\\/unitatdaran\",\"https:\\\/\\\/instagram.com\\\/unitataran\"]},{\"@type\":\"Person\",\"@id\":\"https:\\\/\\\/unitatdaran.org\\\/ca\\\/#\\\/schema\\\/person\\\/2870f7a03282b9bf0e435870415e61bb\",\"name\":\"Unitat d'Aran\",\"image\":{\"@type\":\"ImageObject\",\"inLanguage\":\"ca\",\"@id\":\"https:\\\/\\\/secure.gravatar.com\\\/avatar\\\/bf8ef486d5842532d01c628a95d185dd5db38b0695bc63daa960f6506181b798?s=96&d=mm&r=g\",\"url\":\"https:\\\/\\\/secure.gravatar.com\\\/avatar\\\/bf8ef486d5842532d01c628a95d185dd5db38b0695bc63daa960f6506181b798?s=96&d=mm&r=g\",\"contentUrl\":\"https:\\\/\\\/secure.gravatar.com\\\/avatar\\\/bf8ef486d5842532d01c628a95d185dd5db38b0695bc63daa960f6506181b798?s=96&d=mm&r=g\",\"caption\":\"Unitat d'Aran\"},\"sameAs\":[\"https:\\\/\\\/new.unitatdaran.org\\\/\"],\"url\":\"https:\\\/\\\/unitatdaran.org\\\/ca\\\/author\\\/admin\\\/\"}]}<\/script>\n<!-- \/ Yoast SEO plugin. -->","yoast_head_json":{"title":"Entrevista a Juan Antonio Serrano - Unitat d'Aran","robots":{"index":"index","follow":"follow","max-snippet":"max-snippet:-1","max-image-preview":"max-image-preview:large","max-video-preview":"max-video-preview:-1"},"canonical":"https:\/\/unitatdaran.org\/ca\/eleccions-2019\/entrevista-a-juan-antonio-serrano-cat\/","og_locale":"ca_ES","og_type":"article","og_title":"Entrevista a Juan Antonio Serrano - Unitat d'Aran","og_description":"Qu\u00e8 t&#8217;impulsa a tornar a presentar-te com a candidat a l&#8217;alcaldia de Vielha e Mijaran? Vol a presentar-me amb les acarones ganes i il\u00b7lusi\u00f3 que en la primera legislatura. Durant aquests anys he tingut un equip formidable amb el qual hem treballat intensament, buscant el b\u00e9 de la ciutadania de Vielha e Mijaran i encara [&hellip;]","og_url":"https:\/\/unitatdaran.org\/ca\/eleccions-2019\/entrevista-a-juan-antonio-serrano-cat\/","og_site_name":"Unitat d'Aran","article_publisher":"https:\/\/www.facebook.com\/UnitatAran","article_published_time":"2023-04-11T13:45:40+00:00","article_modified_time":"2023-04-12T11:02:18+00:00","author":"Unitat d'Aran","twitter_card":"summary_large_image","twitter_creator":"@unitatdaran","twitter_site":"@unitatdaran","twitter_misc":{"Escrit per":"Unitat d'Aran","Temps estimat de lectura":"4 minuts"},"schema":{"@context":"https:\/\/schema.org","@graph":[{"@type":"Article","@id":"https:\/\/unitatdaran.org\/ca\/eleccions-2019\/entrevista-a-juan-antonio-serrano-cat\/#article","isPartOf":{"@id":"https:\/\/unitatdaran.org\/ca\/eleccions-2019\/entrevista-a-juan-antonio-serrano-cat\/"},"author":{"name":"Unitat d'Aran","@id":"https:\/\/unitatdaran.org\/ca\/#\/schema\/person\/2870f7a03282b9bf0e435870415e61bb"},"headline":"Entrevista a Juan Antonio Serrano","datePublished":"2023-04-11T13:45:40+00:00","dateModified":"2023-04-12T11:02:18+00:00","mainEntityOfPage":{"@id":"https:\/\/unitatdaran.org\/ca\/eleccions-2019\/entrevista-a-juan-antonio-serrano-cat\/"},"wordCount":715,"commentCount":0,"publisher":{"@id":"https:\/\/unitatdaran.org\/ca\/#organization"},"articleSection":["Eleccions Municipaus e Conselh Generau 2019"],"inLanguage":"ca","potentialAction":[{"@type":"CommentAction","name":"Comment","target":["https:\/\/unitatdaran.org\/ca\/eleccions-2019\/entrevista-a-juan-antonio-serrano-cat\/#respond"]}]},{"@type":"WebPage","@id":"https:\/\/unitatdaran.org\/ca\/eleccions-2019\/entrevista-a-juan-antonio-serrano-cat\/","url":"https:\/\/unitatdaran.org\/ca\/eleccions-2019\/entrevista-a-juan-antonio-serrano-cat\/","name":"Entrevista a Juan Antonio Serrano - Unitat d'Aran","isPartOf":{"@id":"https:\/\/unitatdaran.org\/ca\/#website"},"datePublished":"2023-04-11T13:45:40+00:00","dateModified":"2023-04-12T11:02:18+00:00","breadcrumb":{"@id":"https:\/\/unitatdaran.org\/ca\/eleccions-2019\/entrevista-a-juan-antonio-serrano-cat\/#breadcrumb"},"inLanguage":"ca","potentialAction":[{"@type":"ReadAction","target":["https:\/\/unitatdaran.org\/ca\/eleccions-2019\/entrevista-a-juan-antonio-serrano-cat\/"]}]},{"@type":"BreadcrumbList","@id":"https:\/\/unitatdaran.org\/ca\/eleccions-2019\/entrevista-a-juan-antonio-serrano-cat\/#breadcrumb","itemListElement":[{"@type":"ListItem","position":1,"name":"Eleccions Municipals i Conselh Generau 2019","item":"https:\/\/unitatdaran.org\/ca\/category\/eleccions-2019-ca\/"},{"@type":"ListItem","position":2,"name":"Entrevista a Juan Antonio Serrano"}]},{"@type":"WebSite","@id":"https:\/\/unitatdaran.org\/ca\/#website","url":"https:\/\/unitatdaran.org\/ca\/","name":"Unitat d'Aran","description":" El nostre projecte \u00e9s Aran. Aran ets tu","publisher":{"@id":"https:\/\/unitatdaran.org\/ca\/#organization"},"potentialAction":[{"@type":"SearchAction","target":{"@type":"EntryPoint","urlTemplate":"https:\/\/unitatdaran.org\/ca\/?s={search_term_string}"},"query-input":{"@type":"PropertyValueSpecification","valueRequired":true,"valueName":"search_term_string"}}],"inLanguage":"ca"},{"@type":"Organization","@id":"https:\/\/unitatdaran.org\/ca\/#organization","name":"Unitat d'Aran","url":"https:\/\/unitatdaran.org\/ca\/","logo":{"@type":"ImageObject","inLanguage":"ca","@id":"https:\/\/unitatdaran.org\/ca\/#\/schema\/logo\/image\/","url":"https:\/\/i0.wp.com\/unitatdaran.org\/wp-content\/uploads\/2021\/11\/logo.png?fit=2000%2C539&ssl=1","contentUrl":"https:\/\/i0.wp.com\/unitatdaran.org\/wp-content\/uploads\/2021\/11\/logo.png?fit=2000%2C539&ssl=1","width":2000,"height":539,"caption":"Unitat d'Aran"},"image":{"@id":"https:\/\/unitatdaran.org\/ca\/#\/schema\/logo\/image\/"},"sameAs":["https:\/\/www.facebook.com\/UnitatAran","https:\/\/x.com\/unitatdaran","https:\/\/instagram.com\/unitataran"]},{"@type":"Person","@id":"https:\/\/unitatdaran.org\/ca\/#\/schema\/person\/2870f7a03282b9bf0e435870415e61bb","name":"Unitat d'Aran","image":{"@type":"ImageObject","inLanguage":"ca","@id":"https:\/\/secure.gravatar.com\/avatar\/bf8ef486d5842532d01c628a95d185dd5db38b0695bc63daa960f6506181b798?s=96&d=mm&r=g","url":"https:\/\/secure.gravatar.com\/avatar\/bf8ef486d5842532d01c628a95d185dd5db38b0695bc63daa960f6506181b798?s=96&d=mm&r=g","contentUrl":"https:\/\/secure.gravatar.com\/avatar\/bf8ef486d5842532d01c628a95d185dd5db38b0695bc63daa960f6506181b798?s=96&d=mm&r=g","caption":"Unitat d'Aran"},"sameAs":["https:\/\/new.unitatdaran.org\/"],"url":"https:\/\/unitatdaran.org\/ca\/author\/admin\/"}]}},"jetpack_featured_media_url":"","jetpack_sharing_enabled":true,"_links":{"self":[{"href":"https:\/\/unitatdaran.org\/ca\/wp-json\/wp\/v2\/posts\/11617","targetHints":{"allow":["GET"]}}],"collection":[{"href":"https:\/\/unitatdaran.org\/ca\/wp-json\/wp\/v2\/posts"}],"about":[{"href":"https:\/\/unitatdaran.org\/ca\/wp-json\/wp\/v2\/types\/post"}],"author":[{"embeddable":true,"href":"https:\/\/unitatdaran.org\/ca\/wp-json\/wp\/v2\/users\/1"}],"replies":[{"embeddable":true,"href":"https:\/\/unitatdaran.org\/ca\/wp-json\/wp\/v2\/comments?post=11617"}],"version-history":[{"count":2,"href":"https:\/\/unitatdaran.org\/ca\/wp-json\/wp\/v2\/posts\/11617\/revisions"}],"predecessor-version":[{"id":11690,"href":"https:\/\/unitatdaran.org\/ca\/wp-json\/wp\/v2\/posts\/11617\/revisions\/11690"}],"wp:attachment":[{"href":"https:\/\/unitatdaran.org\/ca\/wp-json\/wp\/v2\/media?parent=11617"}],"wp:term":[{"taxonomy":"category","embeddable":true,"href":"https:\/\/unitatdaran.org\/ca\/wp-json\/wp\/v2\/categories?post=11617"},{"taxonomy":"post_tag","embeddable":true,"href":"https:\/\/unitatdaran.org\/ca\/wp-json\/wp\/v2\/tags?post=11617"}],"curies":[{"name":"wp","href":"https:\/\/api.w.org\/{rel}","templated":true}]}}